{"id":135685,"date":"2025-02-19T12:25:43","date_gmt":"2025-02-19T09:25:43","guid":{"rendered":"https:\/\/www.tgrthaber.com\/mavikadin\/?p=135685"},"modified":"2025-02-19T12:33:00","modified_gmt":"2025-02-19T09:33:00","slug":"sakir-pasa-ailesi-helin-kandemir-kimdir-kac-yasinda-kimin-sevgilisi-merak-ediliyor","status":"publish","type":"post","link":"https:\/\/www.tgrthaber.com\/mavikadin\/sakir-pasa-ailesi-helin-kandemir-kimdir-kac-yasinda-kimin-sevgilisi-merak-ediliyor\/","title":{"rendered":"\u015eakir Pa\u015fa Ailesi Helin Kandemir kimdir? Ka\u00e7 ya\u015f\u0131nda kimin sevgilisi merak ediliyor"},"content":{"rendered":"<p>\u2018\u015eakir Pa\u015fa Ailesi Helin Kandemir kimdir?\u2019 merak konusu oldu. Dizide S\u00fcmb\u00fcl karakterini oynayan Helin Kandemir en \u00e7ok dikkat \u00e7eken oyuncular\u0131n ba\u015f\u0131nda geliyor.<\/p>\n<p>\u015eakir Pa\u015fa Ailesi: Mucizeler ve Skandallar dizisinde S\u00fcmb\u00fcl rol\u00fcn\u00fc \u00fcstlenen Helin Kandemir\u2019in kariyeri kadar \u00f6zel hayat\u0131 da merak ediliyor. Peki \u015eakir Pa\u015fa Ailesi Helin Kandemir kimdir? Ka\u00e7 ya\u015f\u0131nda kimin sevgilisi?<\/p>\n<h3>\u015eAK\u0130R PA\u015eA A\u0130LES\u0130 HEL\u0130N KANDEM\u0130R K\u0130MD\u0130R?<\/h3>\n<p>\u015eakir Pa\u015fa Ailesi: Mucizeler ve Skandallar dizisinde Helin Kandemir\u2019in oynad\u0131\u011f\u0131 S\u00fcmb\u00fcl karakteri dikkat \u00e7ekiyor. Helin Kandemir&#8217;\u0130n i\u015f insan\u0131 Celal Can Alg\u00fcl ile birlikte oldu\u011fu iddia ediliyor.<\/p>\n<p><img loading=\"lazy\" decoding=\"async\" class=\"alignnone wp-image-135700\" src=\"https:\/\/www.tgrthaber.com\/mavikadin\/wp-content\/uploads\/Baslik-51.jpg\" alt=\"\" width=\"1208\" height=\"680\" title=\"\" srcset=\"https:\/\/www.tgrthaber.com\/mavikadin\/wp-content\/uploads\/Baslik-51.jpg 1920w, https:\/\/www.tgrthaber.com\/mavikadin\/wp-content\/uploads\/Baslik-51-300x169.jpg 300w, https:\/\/www.tgrthaber.com\/mavikadin\/wp-content\/uploads\/Baslik-51-1024x576.jpg 1024w, https:\/\/www.tgrthaber.com\/mavikadin\/wp-content\/uploads\/Baslik-51-768x432.jpg 768w, https:\/\/www.tgrthaber.com\/mavikadin\/wp-content\/uploads\/Baslik-51-1536x864.jpg 1536w\" sizes=\"(max-width: 1208px) 100vw, 1208px\" \/><\/p>\n<hr \/>\n<p>\u0130stanbul\u2019da 2 Haziran 2004 y\u0131l\u0131nda d\u00fcnyaya gelen Helin Kandemir ilk profesyonel oyunculuk deneyimini 2013 y\u0131l\u0131nda \u00d6tesiz \u0130nsanlar adl\u0131 tv projesinde yapt\u0131. Do\u011fdun Ev Kaderindir, Hakan Muhaf\u0131z, \u0130simsizler gibi yap\u0131mlarda yer alan Kandemir, Elbet Bir G\u00fcn adl\u0131 dizide Mevsim karakterini oynad\u0131.<\/p>\n<p><img loading=\"lazy\" decoding=\"async\" class=\"alignnone wp-image-135687\" src=\"https:\/\/www.tgrthaber.com\/mavikadin\/wp-content\/uploads\/Helin-Kandemir-3.jpg\" alt=\"\" width=\"1208\" height=\"680\" title=\"\" srcset=\"https:\/\/www.tgrthaber.com\/mavikadin\/wp-content\/uploads\/Helin-Kandemir-3.jpg 1920w, https:\/\/www.tgrthaber.com\/mavikadin\/wp-content\/uploads\/Helin-Kandemir-3-300x169.jpg 300w, https:\/\/www.tgrthaber.com\/mavikadin\/wp-content\/uploads\/Helin-Kandemir-3-1024x576.jpg 1024w, https:\/\/www.tgrthaber.com\/mavikadin\/wp-content\/uploads\/Helin-Kandemir-3-768x432.jpg 768w, https:\/\/www.tgrthaber.com\/mavikadin\/wp-content\/uploads\/Helin-Kandemir-3-1536x864.jpg 1536w\" sizes=\"(max-width: 1208px) 100vw, 1208px\" \/><\/p>\n<hr \/>\n<p>Helin Kandemir&#8217;in babas\u0131 Murat Kandemir l\u00f6semi y\u00fcz\u00fcnden 27 \u015eubat 2023 tarihinde hayat\u0131n\u0131 kaybetti. Kandemir&#8217;in cenazedeki g\u00f6r\u00fcnt\u00fcleri g\u00fcnlerce g\u00fcndemden d\u00fc\u015fmemi\u015fti.<\/p>\n<p>Ba\u015far\u0131l\u0131 oyuncu Helin Kandemir 2019 y\u0131l\u0131nda Uluslararas\u0131 \u0130stanbul Film Festivali&#8217;nde K\u0131z Karde\u015fler \u00e7al\u0131\u015fmas\u0131yla &#8216;En \u0130yi Kad\u0131n Oyuncu&#8217; kazand\u0131.<\/p>\n<p><img loading=\"lazy\" decoding=\"async\" class=\"alignnone wp-image-135688\" src=\"https:\/\/www.tgrthaber.com\/mavikadin\/wp-content\/uploads\/Helin-Kandemir-5.jpg\" alt=\"\" width=\"1208\" height=\"680\" title=\"\" srcset=\"https:\/\/www.tgrthaber.com\/mavikadin\/wp-content\/uploads\/Helin-Kandemir-5.jpg 1920w, https:\/\/www.tgrthaber.com\/mavikadin\/wp-content\/uploads\/Helin-Kandemir-5-300x169.jpg 300w, https:\/\/www.tgrthaber.com\/mavikadin\/wp-content\/uploads\/Helin-Kandemir-5-1024x576.jpg 1024w, https:\/\/www.tgrthaber.com\/mavikadin\/wp-content\/uploads\/Helin-Kandemir-5-768x432.jpg 768w, https:\/\/www.tgrthaber.com\/mavikadin\/wp-content\/uploads\/Helin-Kandemir-5-1536x864.jpg 1536w\" sizes=\"(max-width: 1208px) 100vw, 1208px\" \/><\/p>\n<hr \/>\n<h3>\u015eAK\u0130R PA\u015eA A\u0130LES\u0130 S\u00dcMB\u00dcL K\u0130MD\u0130R?<\/h3>\n<p>Ailede hizmet\u00e7i konumunda olmas\u0131na ra\u011fmen romantik hayalleri olan Helin Kandemir, Cevat\u2019a ilgi duyar ve onun ilgisini \u00e7ekmek i\u00e7in b\u00fcy\u00fck bir u\u011fra\u015fa girer.\u00a0 Ancak S\u00fcmb\u00fcl\u2019\u00fcn hayalleri \u00e7evresindekiler taraf\u0131ndan k\u00fc\u00e7\u00fcmsenir ve zaman zaman sert tepkiler \u00e7eker.<\/p>\n<p>S\u00fcmb\u00fcl stat\u00fcs\u00fcn\u00fcn fark\u0131nda bir karakter oldu\u011fu i\u00e7in k\u0131skan\u00e7l\u0131klar\u0131 ve i\u00e7sel \u00f6fkesi, onun \u00e7evresiyle \u00e7at\u0131\u015fmas\u0131na neden olur. Gururlu ancak savunmas\u0131z bir gen\u00e7 k\u0131z olarak hem trajik hem de etkileyici bir duru\u015f sergiler.<\/p>\n<p><img loading=\"lazy\" decoding=\"async\" class=\"alignnone wp-image-135690\" src=\"https:\/\/www.tgrthaber.com\/mavikadin\/wp-content\/uploads\/Helin-Kandemir-4.jpg\" alt=\"\" width=\"1208\" height=\"680\" title=\"\" srcset=\"https:\/\/www.tgrthaber.com\/mavikadin\/wp-content\/uploads\/Helin-Kandemir-4.jpg 1920w, https:\/\/www.tgrthaber.com\/mavikadin\/wp-content\/uploads\/Helin-Kandemir-4-300x169.jpg 300w, https:\/\/www.tgrthaber.com\/mavikadin\/wp-content\/uploads\/Helin-Kandemir-4-1024x576.jpg 1024w, https:\/\/www.tgrthaber.com\/mavikadin\/wp-content\/uploads\/Helin-Kandemir-4-768x432.jpg 768w, https:\/\/www.tgrthaber.com\/mavikadin\/wp-content\/uploads\/Helin-Kandemir-4-1536x864.jpg 1536w\" sizes=\"(max-width: 1208px) 100vw, 1208px\" \/><\/p>\n<hr \/>\n<p><strong>Helin Kandemir&#8217;in Oynad\u0131\u011f\u0131 Dizi ve Filmler<\/strong><\/p>\n<p>Azizler \/ 2020<\/p>\n<p>Hakan Muhaf\u0131z \/ 2019<\/p>\n<p>Do\u011fdu\u011fun Ev Kaderindir \/ 2019<\/p>\n<p>A Tale Of Three Sisters \/ 2019<\/p>\n<p>Bir Litre G\u00f6z Ya\u015f\u0131 \/ 2018<\/p>\n<p><img loading=\"lazy\" decoding=\"async\" class=\"alignnone wp-image-135691\" src=\"https:\/\/www.tgrthaber.com\/mavikadin\/wp-content\/uploads\/Helin-Kandemir-1.jpg\" alt=\"\" width=\"1208\" height=\"680\" title=\"\" srcset=\"https:\/\/www.tgrthaber.com\/mavikadin\/wp-content\/uploads\/Helin-Kandemir-1.jpg 1920w, https:\/\/www.tgrthaber.com\/mavikadin\/wp-content\/uploads\/Helin-Kandemir-1-300x169.jpg 300w, https:\/\/www.tgrthaber.com\/mavikadin\/wp-content\/uploads\/Helin-Kandemir-1-1024x576.jpg 1024w, https:\/\/www.tgrthaber.com\/mavikadin\/wp-content\/uploads\/Helin-Kandemir-1-768x432.jpg 768w, https:\/\/www.tgrthaber.com\/mavikadin\/wp-content\/uploads\/Helin-Kandemir-1-1536x864.jpg 1536w\" sizes=\"(max-width: 1208px) 100vw, 1208px\" \/><\/p>\n<hr \/>\n<p>\u0130simsizler \/ 2017<\/p>\n<p>\u00d6tesiz \u0130nsanlar \/ 2013<\/p>\n<p>\u0130nsan Aldand\u0131 \/ 2011<\/p>\n<p>Kollama \/ 2010<\/p>\n","protected":false},"excerpt":{"rendered":"<p>\u2018\u015eakir Pa\u015fa Ailesi Helin Kandemir kimdir?\u2019 merak ediliyor. \u015eakir Pa\u015fa Ailesi dizisinde S\u00fcmb\u00fcl karakterini \u00fcstlenen Kandemir kariyeriyle oldu\u011fu kadar \u00f6zel hayat\u0131yla da ara\u015ft\u0131r\u0131l\u0131yor.<\/p>\n","protected":false},"author":5,"featured_media":135686,"comment_status":"closed","ping_status":"closed","sticky":false,"template":"","format":"standard","meta":{"rank_math_lock_modified_date":false,"footnotes":""},"categories":[491],"tags":[4239,2324],"class_list":["post-135685","post","type-post","status-publish","format-standard","has-post-thumbnail","hentry","category-biyografi","tag-helin-kandemir","tag-sakir-pasa-ailesi"],"_links":{"self":[{"href":"https:\/\/www.tgrthaber.com\/mavikadin\/wp-json\/wp\/v2\/posts\/135685"}],"collection":[{"href":"https:\/\/www.tgrthaber.com\/mavikadin\/wp-json\/wp\/v2\/posts"}],"about":[{"href":"https:\/\/www.tgrthaber.com\/mavikadin\/wp-json\/wp\/v2\/types\/post"}],"author":[{"embeddable":true,"href":"https:\/\/www.tgrthaber.com\/mavikadin\/wp-json\/wp\/v2\/users\/5"}],"replies":[{"embeddable":true,"href":"https:\/\/www.tgrthaber.com\/mavikadin\/wp-json\/wp\/v2\/comments?post=135685"}],"version-history":[{"count":3,"href":"https:\/\/www.tgrthaber.com\/mavikadin\/wp-json\/wp\/v2\/posts\/135685\/revisions"}],"predecessor-version":[{"id":135701,"href":"https:\/\/www.tgrthaber.com\/mavikadin\/wp-json\/wp\/v2\/posts\/135685\/revisions\/135701"}],"wp:featuredmedia":[{"embeddable":true,"href":"https:\/\/www.tgrthaber.com\/mavikadin\/wp-json\/wp\/v2\/media\/135686"}],"wp:attachment":[{"href":"https:\/\/www.tgrthaber.com\/mavikadin\/wp-json\/wp\/v2\/media?parent=135685"}],"wp:term":[{"taxonomy":"category","embeddable":true,"href":"https:\/\/www.tgrthaber.com\/mavikadin\/wp-json\/wp\/v2\/categories?post=135685"},{"taxonomy":"post_tag","embeddable":true,"href":"https:\/\/www.tgrthaber.com\/mavikadin\/wp-json\/wp\/v2\/tags?post=135685"}],"curies":[{"name":"wp","href":"https:\/\/api.w.org\/{rel}","templated":true}]}}