{"id":135722,"date":"2025-02-19T16:40:09","date_gmt":"2025-02-19T13:40:09","guid":{"rendered":"https:\/\/www.tgrthaber.com\/mavikadin\/?p=135722"},"modified":"2025-02-19T16:40:10","modified_gmt":"2025-02-19T13:40:10","slug":"hande-ercel-ile-hakan-sabanci-ayrildilar-mi-bomba-iddia-reklam-aski-bitti","status":"publish","type":"post","link":"https:\/\/www.tgrthaber.com\/mavikadin\/hande-ercel-ile-hakan-sabanci-ayrildilar-mi-bomba-iddia-reklam-aski-bitti\/","title":{"rendered":"Hande Er\u00e7el ile Hakan Sabanc\u0131 ayr\u0131ld\u0131lar m\u0131? Bomba iddia: Reklam a\u015fk\u0131 bitti"},"content":{"rendered":"<p>Hakan Sabanc\u0131 ge\u00e7ti\u011fimiz g\u00fcnlerde 34 ya\u015f\u0131na girdi. Do\u011fum g\u00fcn\u00fc kutlamalar\u0131 aras\u0131nda Hande Er\u00e7el&#8217;in olmamas\u0131 dikkat \u00e7ekti. Er\u00e7el, daha sonra Hakan Sabanc\u0131&#8217;n\u0131n bir g\u00f6rseliyle kutlama yapt\u0131.<\/p>\n<h3>HANDE ER\u00c7EL \u0130LE HAKAN SABANCI AYRILDI MI?<\/h3>\n<p>2023 y\u0131l\u0131nda a\u015fklar\u0131n\u0131 ilk kez yay\u0131nlayan Hande Er\u00e7el ve Hakan Sabanc\u0131 hakk\u0131nda s\u00fcrekli reklam a\u015fk\u0131 iddialar\u0131 yer ald\u0131. \u00c7ift 2 y\u0131ld\u0131r devam eden beraberliklerinde ise son g\u00fcnlerde bomba iddialar daha yer ald\u0131.<\/p>\n<p>Dizi ve film sekt\u00f6r\u00fcnde tekelle\u015fme yapan Ay\u015fe Bar\u0131m olay\u0131yla yeniden g\u00fcndem olan Hakan Sabanc\u0131 ve Hande Er\u00e7el a\u015fk\u0131n\u0131n da ger\u00e7ek olmad\u0131\u011f\u0131 iddia edildi. Ay\u015fe Bar\u0131m&#8217;\u0131n projesi olarak adland\u0131r\u0131lan haberler \u00fczerine bir yeni iddia ise Hande Er\u00e7el&#8217;in yeni filmindeki sahneler oldu.<\/p>\n<p><img loading=\"lazy\" decoding=\"async\" class=\"alignnone wp-image-135751\" src=\"https:\/\/www.tgrthaber.com\/mavikadin\/wp-content\/uploads\/UN-2025-02-19T151642.955.png\" alt=\"\" width=\"1208\" height=\"680\" title=\"\" srcset=\"https:\/\/www.tgrthaber.com\/mavikadin\/wp-content\/uploads\/UN-2025-02-19T151642.955.png 1920w, https:\/\/www.tgrthaber.com\/mavikadin\/wp-content\/uploads\/UN-2025-02-19T151642.955-300x169.png 300w, https:\/\/www.tgrthaber.com\/mavikadin\/wp-content\/uploads\/UN-2025-02-19T151642.955-1024x576.png 1024w, https:\/\/www.tgrthaber.com\/mavikadin\/wp-content\/uploads\/UN-2025-02-19T151642.955-768x432.png 768w, https:\/\/www.tgrthaber.com\/mavikadin\/wp-content\/uploads\/UN-2025-02-19T151642.955-1536x864.png 1536w\" sizes=\"(max-width: 1208px) 100vw, 1208px\" \/><\/p>\n<hr \/>\n<p>Bar\u0131\u015f Ardu\u00e7&#8217;la ba\u015frol oynad\u0131\u011f\u0131 R\u00fczgara B\u0131rak filmindeki sahnelerinin hemen sonras\u0131nda ise Hakan Sabanc\u0131&#8217;n\u0131n do\u011fum g\u00fcn\u00fc gelmesi olaylar\u0131 karma\u015f\u0131k hale getirdi. Hakan Sabanc\u0131&#8217;n\u0131n do\u011fum g\u00fcn\u00fcn\u00fcn oldu\u011fu g\u00fcn sosyal medyada Hande Er\u00e7el&#8217;in sahneleri TT olmu\u015ftu.<\/p>\n<p>Akabinde ise do\u011fum g\u00fcn\u00fc payla\u015f\u0131m\u0131 ge\u00e7 gelince t\u00fcm iddialar do\u011frulayan bir davran\u0131\u015f oldu. Hande Er\u00e7el her ne kadarda sonras\u0131nda payla\u015f\u0131m yapsa da hayranlar\u0131 \u00e7iftin kesinlikle ayr\u0131ld\u0131\u011f\u0131na y\u00f6nelik yorumlarda bulundu.<\/p>\n<p>Ancak hen\u00fcz \u00e7iftin tepesinde olay\u0131 do\u011frulayan ya da yalanlayan bir a\u00e7\u0131klama gelmedi.<\/p>\n<hr \/>\n<h3>HAKAN SABANCI K\u0130MD\u0130R?<\/h3>\n<p>Hakan Sabanc\u0131, T\u00fcrk i\u015f insan\u0131 ve giri\u015fimci olarak tan\u0131nan bir isimdir. Sabanc\u0131 ailesinin bir \u00fcyesi olan Hakan Sabanc\u0131, T\u00fcrkiye&#8217;nin \u00f6nde gelen ve k\u00f6kl\u00fc sanayi grubu Sabanc\u0131 Holding&#8217;in varislerinden biridir. Ailesi, Sabanc\u0131 Holding&#8217;in kurulu\u015fu ve y\u00f6netimiyle b\u00fcy\u00fck bir etkiye sahip olmu\u015ftur.<\/p>\n<p><img loading=\"lazy\" decoding=\"async\" class=\"alignnone wp-image-135752\" src=\"https:\/\/www.tgrthaber.com\/mavikadin\/wp-content\/uploads\/640x360-1-1.webp\" alt=\"\" width=\"1208\" height=\"680\" title=\"\" srcset=\"https:\/\/www.tgrthaber.com\/mavikadin\/wp-content\/uploads\/640x360-1-1.webp 1280w, https:\/\/www.tgrthaber.com\/mavikadin\/wp-content\/uploads\/640x360-1-1-300x169.webp 300w, https:\/\/www.tgrthaber.com\/mavikadin\/wp-content\/uploads\/640x360-1-1-1024x576.webp 1024w, https:\/\/www.tgrthaber.com\/mavikadin\/wp-content\/uploads\/640x360-1-1-768x432.webp 768w\" sizes=\"(max-width: 1208px) 100vw, 1208px\" \/><\/p>\n<p>Hakan Sabanc\u0131, hem i\u015f d\u00fcnyas\u0131nda hem de ki\u015fisel ya\u015fam\u0131 ile zaman zaman medya g\u00fcndeminde yer alm\u0131\u015ft\u0131r. <span class=\"w8qArf FoJoyf\">\u00a0<\/span><span class=\"LrzXr kno-fv wHYlTd z8gr9e\">14 \u015eubat 1991<\/span> do\u011fumludur. Annesi Arzu Sabanc\u0131 babas\u0131 \u00d6mer Sabanc\u0131&#8217;d\u0131r. Sabanc\u0131 ailesinin en ge\u00e7 \u00fcyesi olarak bilinir. Abisi Hac\u0131 Sabanc\u0131 erkek karde\u015fi ise \u00d6zcan Sabanc\u0131&#8217;d\u0131r.<\/p>\n","protected":false},"excerpt":{"rendered":"<p>Hakan Sabanc\u0131 ge\u00e7ti\u011fimiz g\u00fcnlerde 34 ya\u015f\u0131na girdi. Do\u011fum g\u00fcn\u00fc kutlamalar\u0131 aras\u0131nda Hande Er\u00e7el&#8217;in olmamas\u0131 dikkat \u00e7ekti. Er\u00e7el, daha sonra Hakan Sabanc\u0131&#8217;n\u0131n bir g\u00f6rseliyle kutlama yapt\u0131.\u00a0Hande Er\u00e7el ile Hakan Sabanc\u0131 ayr\u0131ld\u0131lar m\u0131?<\/p>\n","protected":false},"author":24,"featured_media":135749,"comment_status":"closed","ping_status":"closed","sticky":false,"template":"","format":"standard","meta":{"rank_math_lock_modified_date":false,"footnotes":""},"categories":[76],"tags":[2738,11361,2391],"class_list":["post-135722","post","type-post","status-publish","format-standard","has-post-thumbnail","hentry","category-magazin","tag-hakan-sabanci","tag-hakan-sabanci-hande-ercel-ayrildi-mi","tag-hande-ercel"],"_links":{"self":[{"href":"https:\/\/www.tgrthaber.com\/mavikadin\/wp-json\/wp\/v2\/posts\/135722"}],"collection":[{"href":"https:\/\/www.tgrthaber.com\/mavikadin\/wp-json\/wp\/v2\/posts"}],"about":[{"href":"https:\/\/www.tgrthaber.com\/mavikadin\/wp-json\/wp\/v2\/types\/post"}],"author":[{"embeddable":true,"href":"https:\/\/www.tgrthaber.com\/mavikadin\/wp-json\/wp\/v2\/users\/24"}],"replies":[{"embeddable":true,"href":"https:\/\/www.tgrthaber.com\/mavikadin\/wp-json\/wp\/v2\/comments?post=135722"}],"version-history":[{"count":2,"href":"https:\/\/www.tgrthaber.com\/mavikadin\/wp-json\/wp\/v2\/posts\/135722\/revisions"}],"predecessor-version":[{"id":135756,"href":"https:\/\/www.tgrthaber.com\/mavikadin\/wp-json\/wp\/v2\/posts\/135722\/revisions\/135756"}],"wp:featuredmedia":[{"embeddable":true,"href":"https:\/\/www.tgrthaber.com\/mavikadin\/wp-json\/wp\/v2\/media\/135749"}],"wp:attachment":[{"href":"https:\/\/www.tgrthaber.com\/mavikadin\/wp-json\/wp\/v2\/media?parent=135722"}],"wp:term":[{"taxonomy":"category","embeddable":true,"href":"https:\/\/www.tgrthaber.com\/mavikadin\/wp-json\/wp\/v2\/categories?post=135722"},{"taxonomy":"post_tag","embeddable":true,"href":"https:\/\/www.tgrthaber.com\/mavikadin\/wp-json\/wp\/v2\/tags?post=135722"}],"curies":[{"name":"wp","href":"https:\/\/api.w.org\/{rel}","templated":true}]}}