{"id":135741,"date":"2025-02-19T16:32:32","date_gmt":"2025-02-19T13:32:32","guid":{"rendered":"https:\/\/www.tgrthaber.com\/mavikadin\/?p=135741"},"modified":"2025-02-19T16:32:32","modified_gmt":"2025-02-19T13:32:32","slug":"merve-bolugur-kac-yasinda-aslen-nereli-meslegi-ne-murat-dalkilic-ile-yeniden-baristigi-iddia-edildi","status":"publish","type":"post","link":"https:\/\/www.tgrthaber.com\/mavikadin\/merve-bolugur-kac-yasinda-aslen-nereli-meslegi-ne-murat-dalkilic-ile-yeniden-baristigi-iddia-edildi\/","title":{"rendered":"Merve Bolu\u011fur ka\u00e7 ya\u015f\u0131nda aslen nereli mesle\u011fi ne? Murat Dalk\u0131l\u0131\u00e7 ile yeniden bar\u0131\u015ft\u0131\u011f\u0131 iddia edildi"},"content":{"rendered":"<p>Acemi Cad\u0131 isimli diziyle dikkatleri \u00fczerine \u00e7eken Merve Bolu\u011fur kariyeri kadar \u00f6zel hayat\u0131yla da \u00e7ok konu\u015fuluyor. Peki Merve Bolu\u011fur ka\u00e7 ya\u015f\u0131nda aslen nereli mesle\u011fi nedir?<\/p>\n<h3>MERVE BOLU\u011eUR KA\u00c7 YA\u015eINDA ASLEN NEREL\u0130 MESLE\u011e\u0130 NE?<\/h3>\n<p>16 Eyl\u00fcl 1987 y\u0131l\u0131nda \u0130stanbul\u2019da d\u00fcnyaya gelen Merve Bolu\u011fur Acemi Cad\u0131\u2019daki Ay\u015feg\u00fcl karakteri ile tan\u0131nd\u0131. M\u00fcjdat Gezen Sanat Merkezi\u2019nde Tiyatro b\u00f6l\u00fcm\u00fcnde oyunculuk e\u011fitimi alan \u00fcnl\u00fc isim 2006 \u2013 2007 y\u0131llar\u0131 aras\u0131nda oynad\u0131\u011f\u0131 Acem Cad\u0131 dizisiyle geni\u015f bir hayran kitlesi elde etti.<\/p>\n<p><img loading=\"lazy\" decoding=\"async\" class=\"alignnone wp-image-135742\" src=\"https:\/\/www.tgrthaber.com\/mavikadin\/wp-content\/uploads\/Merve-Bolugur-5.jpg\" alt=\"\" width=\"1208\" height=\"680\" title=\"\" srcset=\"https:\/\/www.tgrthaber.com\/mavikadin\/wp-content\/uploads\/Merve-Bolugur-5.jpg 1920w, https:\/\/www.tgrthaber.com\/mavikadin\/wp-content\/uploads\/Merve-Bolugur-5-300x169.jpg 300w, https:\/\/www.tgrthaber.com\/mavikadin\/wp-content\/uploads\/Merve-Bolugur-5-1024x576.jpg 1024w, https:\/\/www.tgrthaber.com\/mavikadin\/wp-content\/uploads\/Merve-Bolugur-5-768x432.jpg 768w, https:\/\/www.tgrthaber.com\/mavikadin\/wp-content\/uploads\/Merve-Bolugur-5-1536x864.jpg 1536w\" sizes=\"(max-width: 1208px) 100vw, 1208px\" \/><\/p>\n<hr \/>\n<p>Ayn\u0131 sene i\u00e7inde \u201cKelo\u011flan Kara Prense Kar\u015f\u0131\u201d filmiyle sinema d\u00fcnyas\u0131na giri\u015f yapan Bolu\u011fur sinema d\u00fcnyas\u0131na giri\u015f yapt\u0131. Merve Bolu\u011fur 2007 y\u0131l\u0131nda T\u00fcrkan \u015eoray ve Cihan \u00dcnal\u2019\u0131n ba\u015frollerinde yer ald\u0131\u011f\u0131 \u201cA\u015fk Yeniden\u201d adl\u0131 Tv dizisinin kadrosunda rol ald\u0131.<\/p>\n<p>Ayn\u0131 sene \u201cHo\u015f\u00e7akal G\u00fczin\u201d adl\u0131 dizide yer alan Bolu\u011fur, 2009 y\u0131l\u0131nda Star Tv\u2019de yay\u0131nlanan \u201cK\u00fcl ve Ate\u015f\u201d adl\u0131 dizide oynad\u0131. \u00dcnl\u00fc isim \u00f6zellikle 2010 \u2013 2011 y\u0131llar\u0131 aras\u0131nda yay\u0131nlanan Gossip Girl adl\u0131 yabanc\u0131 dizinin yerli uyarlamas\u0131 olan \u201cK\u00fc\u00e7\u00fck S\u0131rlar\u201dda b\u00fcy\u00fck bir \u00e7\u0131k\u0131\u015f yakalad\u0131.<\/p>\n<p><img loading=\"lazy\" decoding=\"async\" class=\"alignnone wp-image-135743\" src=\"https:\/\/www.tgrthaber.com\/mavikadin\/wp-content\/uploads\/Merve-Bolugur-6.jpg\" alt=\"\" width=\"1208\" height=\"680\" title=\"\" srcset=\"https:\/\/www.tgrthaber.com\/mavikadin\/wp-content\/uploads\/Merve-Bolugur-6.jpg 1920w, https:\/\/www.tgrthaber.com\/mavikadin\/wp-content\/uploads\/Merve-Bolugur-6-300x169.jpg 300w, https:\/\/www.tgrthaber.com\/mavikadin\/wp-content\/uploads\/Merve-Bolugur-6-1024x576.jpg 1024w, https:\/\/www.tgrthaber.com\/mavikadin\/wp-content\/uploads\/Merve-Bolugur-6-768x432.jpg 768w, https:\/\/www.tgrthaber.com\/mavikadin\/wp-content\/uploads\/Merve-Bolugur-6-1536x864.jpg 1536w\" sizes=\"(max-width: 1208px) 100vw, 1208px\" \/><\/p>\n<hr \/>\n<p>Rexona markas\u0131n\u0131n reklam filminde 2012 y\u0131l\u0131nda oynad\u0131. 2014\u2019te ise Maybelline NewYork\u2019un ilk T\u00fcrk marka y\u00fcz\u00fc oldu. B\u00fcy\u00fck a\u015fk ya\u015fad\u0131\u011f\u0131 \u015fark\u0131c\u0131 Murat Dalk\u0131l\u0131\u00e7 ile 2015 y\u0131l\u0131n\u0131n a\u011fustos ay\u0131nda evlenen Bolu\u011fur 2017 y\u0131l\u0131n\u0131n A\u011fustos ay\u0131nda bo\u015fand\u0131. Bo\u015fanmas\u0131ndan sonra ciddi bir depresyon ge\u00e7iren Bolu\u011fur, sosyal medyada zaman zaman g\u00fcndem oldu.<\/p>\n<p><strong>Rol Ald\u0131\u011f\u0131 Diziler:<\/strong><\/p>\n<p>2006-2007: Acemi Cad\u0131 (Ay\u015feg\u00fcl)<br \/>\n2007: A\u015fk Yeniden (Eyl\u00fcl)<br \/>\n2009: K\u00fcl ve Ate\u015f (Hayal \u0130sfendiyar)<br \/>\n2010-2011: K\u00fc\u00e7\u00fck S\u0131rlar (Ay\u015feg\u00fcl Yal\u00e7\u0131n)<br \/>\n2011-2013: Kuzey G\u00fcney (Zeynep)<br \/>\n2013- : Muhte\u015fem Y\u00fczy\u0131l (Nurbanu Sultan)<\/p>\n<p><img loading=\"lazy\" decoding=\"async\" class=\"alignnone wp-image-135744\" src=\"https:\/\/www.tgrthaber.com\/mavikadin\/wp-content\/uploads\/Merve-Bolugur-4.jpg\" alt=\"\" width=\"1208\" height=\"680\" title=\"\" srcset=\"https:\/\/www.tgrthaber.com\/mavikadin\/wp-content\/uploads\/Merve-Bolugur-4.jpg 1920w, https:\/\/www.tgrthaber.com\/mavikadin\/wp-content\/uploads\/Merve-Bolugur-4-300x169.jpg 300w, https:\/\/www.tgrthaber.com\/mavikadin\/wp-content\/uploads\/Merve-Bolugur-4-1024x576.jpg 1024w, https:\/\/www.tgrthaber.com\/mavikadin\/wp-content\/uploads\/Merve-Bolugur-4-768x432.jpg 768w, https:\/\/www.tgrthaber.com\/mavikadin\/wp-content\/uploads\/Merve-Bolugur-4-1536x864.jpg 1536w\" sizes=\"(max-width: 1208px) 100vw, 1208px\" \/><\/p>\n<hr \/>\n<p><strong>Rol Ald\u0131\u011f\u0131 Filmler:<\/strong><\/p>\n<p>2006: Kelo\u011flan Karaprense Kar\u015f\u0131 (Birg\u00fcl)<br \/>\n2007: Gomeda<br \/>\n2008: Ho\u015f\u00e7akal G\u00fczin (Bahar)<\/p>\n<p><img loading=\"lazy\" decoding=\"async\" class=\"alignnone wp-image-135746\" src=\"https:\/\/www.tgrthaber.com\/mavikadin\/wp-content\/uploads\/Merve-Bolugur-2-1.jpg\" alt=\"\" width=\"1208\" height=\"680\" title=\"\" srcset=\"https:\/\/www.tgrthaber.com\/mavikadin\/wp-content\/uploads\/Merve-Bolugur-2-1.jpg 1920w, https:\/\/www.tgrthaber.com\/mavikadin\/wp-content\/uploads\/Merve-Bolugur-2-1-300x169.jpg 300w, https:\/\/www.tgrthaber.com\/mavikadin\/wp-content\/uploads\/Merve-Bolugur-2-1-1024x576.jpg 1024w, https:\/\/www.tgrthaber.com\/mavikadin\/wp-content\/uploads\/Merve-Bolugur-2-1-768x432.jpg 768w, https:\/\/www.tgrthaber.com\/mavikadin\/wp-content\/uploads\/Merve-Bolugur-2-1-1536x864.jpg 1536w\" sizes=\"(max-width: 1208px) 100vw, 1208px\" \/><\/p>\n<hr \/>\n<h3>MERVE BOLU\u011eUR VE MURAT DALKILI\u00c7 BARI\u015eTI MI?<\/h3>\n<p>Merve Bolu\u011fur ile Murat Dalk\u0131l\u0131\u00e7 hakk\u0131nda bomba bir iddia at\u0131ld\u0131 ortaya. Bar\u0131\u015ft\u0131klar\u0131 konu\u015fulan ikili X\u2019te g\u00fcndem oldu. Merve Bolu\u011fur ve Dalk\u0131l\u0131\u00e7 cephesinden bu konu hakk\u0131nda hen\u00fcz bir a\u00e7\u0131klama gelmedi.<\/p>\n","protected":false},"excerpt":{"rendered":"<p>Eski e\u015fiyle bar\u0131\u015ft\u0131\u011f\u0131 iddia edilen \u2018Merve Bolu\u011fur ka\u00e7 ya\u015f\u0131nda aslen nereli mesle\u011fi ne?\u2019 merak konusu oldu. Acemi Cad\u0131 dizisinde oynad\u0131\u011f\u0131 Ay\u015feg\u00fcl karakteri ile tan\u0131nan \u00fcnl\u00fc oyuncu Murat Dalk\u0131l\u0131\u00e7 ile yapt\u0131\u011f\u0131 evlilikle de g\u00fcndem olmu\u015ftu.<\/p>\n","protected":false},"author":5,"featured_media":135745,"comment_status":"closed","ping_status":"closed","sticky":false,"template":"","format":"standard","meta":{"rank_math_lock_modified_date":false,"footnotes":""},"categories":[491],"tags":[2689,11340],"class_list":["post-135741","post","type-post","status-publish","format-standard","has-post-thumbnail","hentry","category-biyografi","tag-merve-bolugur","tag-murat-dalkilic"],"_links":{"self":[{"href":"https:\/\/www.tgrthaber.com\/mavikadin\/wp-json\/wp\/v2\/posts\/135741"}],"collection":[{"href":"https:\/\/www.tgrthaber.com\/mavikadin\/wp-json\/wp\/v2\/posts"}],"about":[{"href":"https:\/\/www.tgrthaber.com\/mavikadin\/wp-json\/wp\/v2\/types\/post"}],"author":[{"embeddable":true,"href":"https:\/\/www.tgrthaber.com\/mavikadin\/wp-json\/wp\/v2\/users\/5"}],"replies":[{"embeddable":true,"href":"https:\/\/www.tgrthaber.com\/mavikadin\/wp-json\/wp\/v2\/comments?post=135741"}],"version-history":[{"count":2,"href":"https:\/\/www.tgrthaber.com\/mavikadin\/wp-json\/wp\/v2\/posts\/135741\/revisions"}],"predecessor-version":[{"id":135748,"href":"https:\/\/www.tgrthaber.com\/mavikadin\/wp-json\/wp\/v2\/posts\/135741\/revisions\/135748"}],"wp:featuredmedia":[{"embeddable":true,"href":"https:\/\/www.tgrthaber.com\/mavikadin\/wp-json\/wp\/v2\/media\/135745"}],"wp:attachment":[{"href":"https:\/\/www.tgrthaber.com\/mavikadin\/wp-json\/wp\/v2\/media?parent=135741"}],"wp:term":[{"taxonomy":"category","embeddable":true,"href":"https:\/\/www.tgrthaber.com\/mavikadin\/wp-json\/wp\/v2\/categories?post=135741"},{"taxonomy":"post_tag","embeddable":true,"href":"https:\/\/www.tgrthaber.com\/mavikadin\/wp-json\/wp\/v2\/tags?post=135741"}],"curies":[{"name":"wp","href":"https:\/\/api.w.org\/{rel}","templated":true}]}}