{"id":135763,"date":"2025-02-19T16:53:40","date_gmt":"2025-02-19T13:53:40","guid":{"rendered":"https:\/\/www.tgrthaber.com\/mavikadin\/?p=135763"},"modified":"2025-02-19T17:16:21","modified_gmt":"2025-02-19T14:16:21","slug":"kanser-tedavisi-goren-simal-sevindiren-haberi-verdi-kemoterapi-sonrasi-saclarini-paylasti","status":"publish","type":"post","link":"https:\/\/www.tgrthaber.com\/mavikadin\/kanser-tedavisi-goren-simal-sevindiren-haberi-verdi-kemoterapi-sonrasi-saclarini-paylasti\/","title":{"rendered":"Kanser tedavisi g\u00f6ren \u015eimal sevindiren haberi verdi! Kemoterapi sonras\u0131 sa\u00e7lar\u0131n\u0131 payla\u015ft\u0131"},"content":{"rendered":"<p>Uzun zamand\u0131r kanser tedavisi g\u00f6ren \u015eimal sevenlerine iyi haber verdi. Hastal\u0131\u011f\u0131 yenen \u015eimal, rutin kontrollere gitti ve sa\u00e7lar\u0131n\u0131n yeniden \u00e7\u0131kt\u0131\u011f\u0131n\u0131 takip\u00e7ileriyle payla\u015ft\u0131.<\/p>\n<h3>KANSER TEDAV\u0130S\u0130 G\u00d6REN \u015e\u0130MAL BU KEZ SEV\u0130ND\u0130RD\u0130<\/h3>\n<p>2021 y\u0131l\u0131nda kansere yakalanan \u015eimal meme kanseri oldu\u011funu \u00f6\u011frenmi\u015fti. Kemoterapi ve radyoterapi tedavisinden sonra sa\u011fl\u0131\u011f\u0131na yeniden kavu\u015fmu\u015ftu. Meme kanseri ile verdi\u011fi m\u00fccadeleden galip \u00e7\u0131kan \u015eimal\u2019in rutin kontrollerde beyninde t\u00fcm\u00f6r oldu\u011fu ortaya \u00e7\u0131km\u0131\u015ft\u0131. \u00dcnl\u00fc isim bug\u00fcn payla\u015ft\u0131\u011f\u0131 foto\u011frafta ise sa\u00e7lar\u0131n\u0131n yeniden \u00e7\u0131kt\u0131\u011f\u0131n\u0131 takip\u00e7ileriyle payla\u015ft\u0131.<\/p>\n<p><img loading=\"lazy\" decoding=\"async\" class=\"alignnone wp-image-135764\" src=\"https:\/\/www.tgrthaber.com\/mavikadin\/wp-content\/uploads\/Simal-3.jpg\" alt=\"\" width=\"1208\" height=\"680\" title=\"\" srcset=\"https:\/\/www.tgrthaber.com\/mavikadin\/wp-content\/uploads\/Simal-3.jpg 1920w, https:\/\/www.tgrthaber.com\/mavikadin\/wp-content\/uploads\/Simal-3-300x169.jpg 300w, https:\/\/www.tgrthaber.com\/mavikadin\/wp-content\/uploads\/Simal-3-1024x576.jpg 1024w, https:\/\/www.tgrthaber.com\/mavikadin\/wp-content\/uploads\/Simal-3-768x432.jpg 768w, https:\/\/www.tgrthaber.com\/mavikadin\/wp-content\/uploads\/Simal-3-1536x864.jpg 1536w\" sizes=\"(max-width: 1208px) 100vw, 1208px\" \/><\/p>\n<hr \/>\n<h3>GE\u00c7T\u0130\u011e\u0130M\u0130Z YIL C\u0130DD\u0130 B\u0130R AMEL\u0130YAT GE\u00c7\u0130RM\u0130\u015eT\u0130<\/h3>\n<p>Meme kanseri ile verdi\u011fi sava\u015ftan galip \u00e7\u0131kt\u0131ktan sonra gitti\u011fi kontrolde beyninde t\u00fcm\u00f6r oldu\u011fu \u00f6\u011frenilen \u015eimal psikolojik olarak \u00e7ok y\u0131pranm\u0131\u015ft\u0131. Ciddi bir ameliyat ge\u00e7iren \u00fcnl\u00fc ismin tedavisi sona erdi. Sa\u00e7lar\u0131 yeniden \u00e7\u0131kan \u015fark\u0131c\u0131 o anlar\u0131 sosyal medyada takip\u00e7ileriyle payla\u015ft\u0131.<\/p>\n<p>\u015eimal yapt\u0131\u011f\u0131 payla\u015f\u0131mda \u015fu ifadeleri kulland\u0131: Rutin kontroller. Beyin MR&#8217;\u0131 \u00e7ektiriyoruz. Bu arada sa\u00e7lar\u0131m gelmeye ba\u015flad\u0131 ne diyorsunuz? Bir daha beni terk etmesinler in\u015fallah.<\/p>\n<p><img loading=\"lazy\" decoding=\"async\" class=\"alignnone wp-image-135765\" src=\"https:\/\/www.tgrthaber.com\/mavikadin\/wp-content\/uploads\/Simal-4.jpg\" alt=\"\" width=\"1208\" height=\"680\" title=\"\" srcset=\"https:\/\/www.tgrthaber.com\/mavikadin\/wp-content\/uploads\/Simal-4.jpg 1920w, https:\/\/www.tgrthaber.com\/mavikadin\/wp-content\/uploads\/Simal-4-300x169.jpg 300w, https:\/\/www.tgrthaber.com\/mavikadin\/wp-content\/uploads\/Simal-4-1024x576.jpg 1024w, https:\/\/www.tgrthaber.com\/mavikadin\/wp-content\/uploads\/Simal-4-768x432.jpg 768w, https:\/\/www.tgrthaber.com\/mavikadin\/wp-content\/uploads\/Simal-4-1536x864.jpg 1536w\" sizes=\"(max-width: 1208px) 100vw, 1208px\" \/><\/p>\n<hr \/>\n<h3>\u015e\u0130MAL&#8217;E NE OLMU\u015eTU?<\/h3>\n<p>2021\u2019de meme kanserine yakalanan \u015eimal uzun bir d\u00f6nem tedavi g\u00f6rm\u00fc\u015ft\u00fc. Tedavisinin ard\u0131ndan sa\u011fl\u0131\u011f\u0131na kavu\u015fan \u015eimal ge\u00e7en Ocak ay\u0131nda beynindeki t\u00fcm\u00f6r nedeniyle operasyon ge\u00e7irmi\u015fti.<\/p>\n<p>Rutin kontrollerinde yeniden bu hastal\u0131\u011fa yakaland\u0131\u011f\u0131n\u0131 payla\u015fan \u015eimal, 17 Ocak&#8217;ta sekiz saat s\u00fcren ciddi bir ameliyat olmu\u015ftu. Kanserin beyin zar\u0131na metastaz yapt\u0131\u011f\u0131n\u0131 anlatan \u015eimal yapt\u0131\u011f\u0131 payla\u015f\u0131mlarda sa\u011fl\u0131k durumu hakk\u0131nda yeni bilgiler vermi\u015fti.<\/p>\n<p><img loading=\"lazy\" decoding=\"async\" class=\"alignnone wp-image-135766\" src=\"https:\/\/www.tgrthaber.com\/mavikadin\/wp-content\/uploads\/Simal-2.jpg\" alt=\"\" width=\"1208\" height=\"680\" title=\"\" srcset=\"https:\/\/www.tgrthaber.com\/mavikadin\/wp-content\/uploads\/Simal-2.jpg 1920w, https:\/\/www.tgrthaber.com\/mavikadin\/wp-content\/uploads\/Simal-2-300x169.jpg 300w, https:\/\/www.tgrthaber.com\/mavikadin\/wp-content\/uploads\/Simal-2-1024x576.jpg 1024w, https:\/\/www.tgrthaber.com\/mavikadin\/wp-content\/uploads\/Simal-2-768x432.jpg 768w, https:\/\/www.tgrthaber.com\/mavikadin\/wp-content\/uploads\/Simal-2-1536x864.jpg 1536w\" sizes=\"(max-width: 1208px) 100vw, 1208px\" \/><\/p>\n<hr \/>\n<h3>\u201cHASTALIK Y\u0130NE YAKALADI BEN\u0130&#8221;<\/h3>\n<p>\u015eimal hastal\u0131\u011f\u0131n\u0131 a\u00e7\u0131klarken \u015fu s\u00f6zleri s\u00f6ylemi\u015fti:<\/p>\n<p>\u201cDostlar\u0131m \u00e7ok karars\u0131zd\u0131m bu haberi payla\u015fma konusunda fakat DM (direkt mesaj) kutusu doldu ta\u015ft\u0131. Hepiniz sesim \u00e7\u0131kmay\u0131nca merak ettiniz hakl\u0131 olarak. Bana da hak verin t\u00fcm aile olarak y\u0131k\u0131lm\u0131\u015f durumday\u0131z tam toparland\u0131k derken bir daha. \u00d6zetle ve maalesef ki yine yakalad\u0131 bu hastal\u0131k beni. Bu sefer de beyin zar\u0131ma metastaz yapt\u0131.\u201d<\/p>\n","protected":false},"excerpt":{"rendered":"<p>Kanser tedavisi g\u00f6ren \u015eimal&#8217;den g\u00fczel bir haber geldi. G\u00f6rd\u00fc\u011f\u00fc kemoterapi tedavisi sonras\u0131 sa\u00e7lar\u0131n\u0131 payla\u015fan \u00fcnl\u00fc isme sosyal medyada yorumlar pe\u015fe pe\u015fe geldi.<\/p>\n","protected":false},"author":5,"featured_media":135767,"comment_status":"closed","ping_status":"closed","sticky":false,"template":"","format":"standard","meta":{"rank_math_lock_modified_date":false,"footnotes":""},"categories":[76],"tags":[11362,544],"class_list":["post-135763","post","type-post","status-publish","format-standard","has-post-thumbnail","hentry","category-magazin","tag-kanser-tedavisi","tag-simal"],"_links":{"self":[{"href":"https:\/\/www.tgrthaber.com\/mavikadin\/wp-json\/wp\/v2\/posts\/135763"}],"collection":[{"href":"https:\/\/www.tgrthaber.com\/mavikadin\/wp-json\/wp\/v2\/posts"}],"about":[{"href":"https:\/\/www.tgrthaber.com\/mavikadin\/wp-json\/wp\/v2\/types\/post"}],"author":[{"embeddable":true,"href":"https:\/\/www.tgrthaber.com\/mavikadin\/wp-json\/wp\/v2\/users\/5"}],"replies":[{"embeddable":true,"href":"https:\/\/www.tgrthaber.com\/mavikadin\/wp-json\/wp\/v2\/comments?post=135763"}],"version-history":[{"count":3,"href":"https:\/\/www.tgrthaber.com\/mavikadin\/wp-json\/wp\/v2\/posts\/135763\/revisions"}],"predecessor-version":[{"id":135770,"href":"https:\/\/www.tgrthaber.com\/mavikadin\/wp-json\/wp\/v2\/posts\/135763\/revisions\/135770"}],"wp:featuredmedia":[{"embeddable":true,"href":"https:\/\/www.tgrthaber.com\/mavikadin\/wp-json\/wp\/v2\/media\/135767"}],"wp:attachment":[{"href":"https:\/\/www.tgrthaber.com\/mavikadin\/wp-json\/wp\/v2\/media?parent=135763"}],"wp:term":[{"taxonomy":"category","embeddable":true,"href":"https:\/\/www.tgrthaber.com\/mavikadin\/wp-json\/wp\/v2\/categories?post=135763"},{"taxonomy":"post_tag","embeddable":true,"href":"https:\/\/www.tgrthaber.com\/mavikadin\/wp-json\/wp\/v2\/tags?post=135763"}],"curies":[{"name":"wp","href":"https:\/\/api.w.org\/{rel}","templated":true}]}}