{"id":135775,"date":"2025-02-19T17:26:52","date_gmt":"2025-02-19T14:26:52","guid":{"rendered":"https:\/\/www.tgrthaber.com\/mavikadin\/?p=135775"},"modified":"2025-02-19T17:26:52","modified_gmt":"2025-02-19T14:26:52","slug":"kizil-goncalar-setinde-ask-mi-dogdu-mert-yazicioglundan-mina-demirtas-paylasimi","status":"publish","type":"post","link":"https:\/\/www.tgrthaber.com\/mavikadin\/kizil-goncalar-setinde-ask-mi-dogdu-mert-yazicioglundan-mina-demirtas-paylasimi\/","title":{"rendered":"K\u0131z\u0131l Goncalar setinde a\u015fk m\u0131 do\u011fdu? Mert Yaz\u0131c\u0131o\u011flu\u2019ndan Mina Demirta\u015f payla\u015f\u0131m\u0131"},"content":{"rendered":"<p>K\u0131z\u0131l Goncalar\u2019da ba\u015frol\u00fc payla\u015fan Mert Yaz\u0131c\u0131o\u011flu ile Mina Demirta\u015f aras\u0131nda a\u015fk olup olmad\u0131\u011f\u0131 merak ediliyor. \u00dcnl\u00fc oyuncu Yaz\u0131c\u0131o\u011flu\u2019nun rol arkada\u015f\u0131 Demirta\u015f\u2019\u0131n do\u011fum g\u00fcn\u00fcn\u00fc kutlad\u0131\u011f\u0131 kare sosyal medyada \u00e7ok konu\u015fuldu.<\/p>\n<h3>KIZIL GONCALAR SET\u0130NDE A\u015eK MI DO\u011eDU?<\/h3>\n<p>K\u0131z\u0131l Goncalar dizisinde C\u00fcneyt rol\u00fcyle b\u00fcy\u00fck bir hayran kitlesi elde eden Mert Yaz\u0131c\u0131o\u011flu, rol arkada\u015f\u0131 Mina Demirta\u015f\u2019\u0131n do\u011fum g\u00fcn\u00fcn\u00fc ki\u015fisel sayfas\u0131nda payla\u015ft\u0131. Bu payla\u015f\u0131mdan sonra Demirta\u015f ve Yaz\u0131c\u0131o\u011flu aras\u0131nda a\u015fk olup olmad\u0131\u011f\u0131 merak edildi. \u0130kiliden hen\u00fcz bu konuyla ilgili bir a\u00e7\u0131klama gelmedi.<\/p>\n<p><img loading=\"lazy\" decoding=\"async\" class=\"alignnone size-full wp-image-135777\" src=\"https:\/\/www.tgrthaber.com\/mavikadin\/wp-content\/uploads\/Mina-Demirtas-1-1.jpg\" alt=\"\" width=\"1920\" height=\"1080\" title=\"\" srcset=\"https:\/\/www.tgrthaber.com\/mavikadin\/wp-content\/uploads\/Mina-Demirtas-1-1.jpg 1920w, https:\/\/www.tgrthaber.com\/mavikadin\/wp-content\/uploads\/Mina-Demirtas-1-1-300x169.jpg 300w, https:\/\/www.tgrthaber.com\/mavikadin\/wp-content\/uploads\/Mina-Demirtas-1-1-1024x576.jpg 1024w, https:\/\/www.tgrthaber.com\/mavikadin\/wp-content\/uploads\/Mina-Demirtas-1-1-768x432.jpg 768w, https:\/\/www.tgrthaber.com\/mavikadin\/wp-content\/uploads\/Mina-Demirtas-1-1-1536x864.jpg 1536w\" sizes=\"(max-width: 1920px) 100vw, 1920px\" \/><\/p>\n<hr \/>\n<h3>ROL\u00dcN HAYATINA OLAN ETK\u0130S\u0130NDEN BAHSETM\u0130\u015eT\u0130<\/h3>\n<p>C\u00fcneyd rol\u00fcyle \u00e7ok sevilen Mert Yaz\u0131c\u0131o\u011flu Mina Demirta\u015f hakk\u0131nda \u00e7arp\u0131c\u0131 a\u00e7\u0131klamalarda bulunarak onun hayat\u0131na nas\u0131l etki etti\u011finden bahsetmi\u015fti.<\/p>\n<p>Yaz\u0131c\u0131o\u011flu, C\u00fcneyd rol\u00fcne haz\u0131rlan\u0131rken nelerden yararland\u0131\u011f\u0131n\u0131 ve bu rol\u00fcn onda nas\u0131l bir etkisi oldu\u011funu a\u00e7\u0131k bir \u015fekilde ifade etmi\u015fti.<\/p>\n<p><img loading=\"lazy\" decoding=\"async\" class=\"alignnone wp-image-135779\" src=\"https:\/\/www.tgrthaber.com\/mavikadin\/wp-content\/uploads\/Mina-Demirtas-3-1.jpg\" alt=\"\" width=\"1208\" height=\"680\" title=\"\" srcset=\"https:\/\/www.tgrthaber.com\/mavikadin\/wp-content\/uploads\/Mina-Demirtas-3-1.jpg 1920w, https:\/\/www.tgrthaber.com\/mavikadin\/wp-content\/uploads\/Mina-Demirtas-3-1-300x169.jpg 300w, https:\/\/www.tgrthaber.com\/mavikadin\/wp-content\/uploads\/Mina-Demirtas-3-1-1024x576.jpg 1024w, https:\/\/www.tgrthaber.com\/mavikadin\/wp-content\/uploads\/Mina-Demirtas-3-1-768x432.jpg 768w, https:\/\/www.tgrthaber.com\/mavikadin\/wp-content\/uploads\/Mina-Demirtas-3-1-1536x864.jpg 1536w\" sizes=\"(max-width: 1208px) 100vw, 1208px\" \/><\/p>\n<hr \/>\n<h3>\u201c\u00c7O\u011eU YERDE ZORLANIYORUM\u201d<\/h3>\n<p>Mert Yaz\u0131c\u0131o\u011flu, K\u0131z\u0131l Goncalar\u2019daki rol\u00fcne haz\u0131rlan\u0131rken ya\u015fad\u0131klar\u0131n\u0131 \u015fu \u015fekilde anlatt\u0131:<\/p>\n<p>\u201cZor oluyor tabi ki. \u00c7o\u011fu yerde zorlan\u0131yorum ama elimden geldi\u011fini yapmaya \u00e7al\u0131\u015f\u0131yorum. Seyircimize daha iyi bir seyir sunmak i\u00e7in ama kolay ge\u00e7medi hi\u00e7. \u201c<\/p>\n<p><img loading=\"lazy\" decoding=\"async\" class=\"alignnone wp-image-135780\" src=\"https:\/\/www.tgrthaber.com\/mavikadin\/wp-content\/uploads\/Mina-Demirtas-4-1.jpg\" alt=\"\" width=\"1208\" height=\"680\" title=\"\" srcset=\"https:\/\/www.tgrthaber.com\/mavikadin\/wp-content\/uploads\/Mina-Demirtas-4-1.jpg 1920w, https:\/\/www.tgrthaber.com\/mavikadin\/wp-content\/uploads\/Mina-Demirtas-4-1-300x169.jpg 300w, https:\/\/www.tgrthaber.com\/mavikadin\/wp-content\/uploads\/Mina-Demirtas-4-1-1024x576.jpg 1024w, https:\/\/www.tgrthaber.com\/mavikadin\/wp-content\/uploads\/Mina-Demirtas-4-1-768x432.jpg 768w, https:\/\/www.tgrthaber.com\/mavikadin\/wp-content\/uploads\/Mina-Demirtas-4-1-1536x864.jpg 1536w\" sizes=\"(max-width: 1208px) 100vw, 1208px\" \/><\/p>\n<hr \/>\n<h3>D\u0130Z\u0130N\u0130N H\u0130K\u00c2YES\u0130 G\u00dc\u00c7LEND\u0130RD\u0130<\/h3>\n<p>\u00dcnl\u00fc oyuncu Mert Yaz\u0131c\u0131o\u011flu C\u00fcneyd karakterinin bir\u00e7ok hayran\u0131n\u0131n oldu\u011funu ve her ya\u015ftan insan\u0131 bir araya getirmesi konusundaki d\u00fc\u015f\u00fcncelerini anlatt\u0131. C\u00fcneyd rol\u00fcn\u00fcn bu kadar \u00e7ok benimsenebilece\u011fini hi\u00e7 d\u00fc\u015f\u00fcnmedi\u011fini s\u00f6yleyen Yaz\u0131c\u0131o\u011flu, dizideki hikayenin bunu g\u00fc\u00e7lendirdi\u011fini ifade etti.<\/p>\n<p><img loading=\"lazy\" decoding=\"async\" class=\"alignnone wp-image-135778\" src=\"https:\/\/www.tgrthaber.com\/mavikadin\/wp-content\/uploads\/Mert-Yazicioglu-1-3.jpg\" alt=\"\" width=\"1208\" height=\"680\" title=\"\" srcset=\"https:\/\/www.tgrthaber.com\/mavikadin\/wp-content\/uploads\/Mert-Yazicioglu-1-3.jpg 1920w, https:\/\/www.tgrthaber.com\/mavikadin\/wp-content\/uploads\/Mert-Yazicioglu-1-3-300x169.jpg 300w, https:\/\/www.tgrthaber.com\/mavikadin\/wp-content\/uploads\/Mert-Yazicioglu-1-3-1024x576.jpg 1024w, https:\/\/www.tgrthaber.com\/mavikadin\/wp-content\/uploads\/Mert-Yazicioglu-1-3-768x432.jpg 768w, https:\/\/www.tgrthaber.com\/mavikadin\/wp-content\/uploads\/Mert-Yazicioglu-1-3-1536x864.jpg 1536w\" sizes=\"(max-width: 1208px) 100vw, 1208px\" \/><\/p>\n<hr \/>\n<p>Yaz\u0131c\u0131o\u011flu, \u201c \u0130yi senaryo olduktan sonra geri kalan \u015feyler bir \u015fekilde hal oluyor ve \u00e7\u00f6z\u00fcl\u00fcyor ger\u00e7ekten ona inan\u0131yorum. \u0130nsanlar hik\u00e2yeyi izliyor. Tabi karakterlerde \u00e7ok \u00f6nemli ama hik\u00e2ye inand\u0131r\u0131c\u0131 ve destekleyici olduktan sonra sizde elinizden geleni yaparsan\u0131z oyuncu olarak onun devam\u0131n\u0131n geldi\u011fini d\u00fc\u015f\u00fcn\u00fcyorum. Bu kadar konu\u015fulmas\u0131 ve pop\u00fcler olmas\u0131 bende ba\u015flarken bilmiyordum ama sonra her \u015fey g\u00fczel gitti\u201d s\u00f6zleriyle C\u00fcneyd karakterinin sevilmesini anlatt\u0131.<\/p>\n","protected":false},"excerpt":{"rendered":"<p>\u00dcnl\u00fc oyuncu Mina Demirta\u015f ile Mert Yaz\u0131c\u0131o\u011flu aras\u0131nda a\u015fk olup olmad\u0131\u011f\u0131 merak edildi. K\u0131z\u0131l Goncalar\u2019da ba\u015frol\u00fc payla\u015fan ikiliden Yaz\u0131c\u0131o\u011flu\u2019nun Demirta\u015f\u2019\u0131n do\u011fum g\u00fcn\u00fcn\u00fc kutlad\u0131\u011f\u0131 kare sosyal medyada g\u00fcndem oldu.<\/p>\n","protected":false},"author":5,"featured_media":135776,"comment_status":"closed","ping_status":"closed","sticky":false,"template":"","format":"standard","meta":{"rank_math_lock_modified_date":false,"footnotes":""},"categories":[76],"tags":[2306,2307,2863],"class_list":["post-135775","post","type-post","status-publish","format-standard","has-post-thumbnail","hentry","category-magazin","tag-kizil-goncalar","tag-mert-yazicioglu","tag-mina-demirtas"],"_links":{"self":[{"href":"https:\/\/www.tgrthaber.com\/mavikadin\/wp-json\/wp\/v2\/posts\/135775"}],"collection":[{"href":"https:\/\/www.tgrthaber.com\/mavikadin\/wp-json\/wp\/v2\/posts"}],"about":[{"href":"https:\/\/www.tgrthaber.com\/mavikadin\/wp-json\/wp\/v2\/types\/post"}],"author":[{"embeddable":true,"href":"https:\/\/www.tgrthaber.com\/mavikadin\/wp-json\/wp\/v2\/users\/5"}],"replies":[{"embeddable":true,"href":"https:\/\/www.tgrthaber.com\/mavikadin\/wp-json\/wp\/v2\/comments?post=135775"}],"version-history":[{"count":3,"href":"https:\/\/www.tgrthaber.com\/mavikadin\/wp-json\/wp\/v2\/posts\/135775\/revisions"}],"predecessor-version":[{"id":135783,"href":"https:\/\/www.tgrthaber.com\/mavikadin\/wp-json\/wp\/v2\/posts\/135775\/revisions\/135783"}],"wp:featuredmedia":[{"embeddable":true,"href":"https:\/\/www.tgrthaber.com\/mavikadin\/wp-json\/wp\/v2\/media\/135776"}],"wp:attachment":[{"href":"https:\/\/www.tgrthaber.com\/mavikadin\/wp-json\/wp\/v2\/media?parent=135775"}],"wp:term":[{"taxonomy":"category","embeddable":true,"href":"https:\/\/www.tgrthaber.com\/mavikadin\/wp-json\/wp\/v2\/categories?post=135775"},{"taxonomy":"post_tag","embeddable":true,"href":"https:\/\/www.tgrthaber.com\/mavikadin\/wp-json\/wp\/v2\/tags?post=135775"}],"curies":[{"name":"wp","href":"https:\/\/api.w.org\/{rel}","templated":true}]}}