{"id":135784,"date":"2025-02-19T18:44:03","date_gmt":"2025-02-19T15:44:03","guid":{"rendered":"https:\/\/www.tgrthaber.com\/mavikadin\/?p=135784"},"modified":"2025-02-26T18:03:53","modified_gmt":"2025-02-26T15:03:53","slug":"sakir-pasa-ailesi-bu-hafta-var-mi-yok-mu-sakir-pasa-ailesi-yeni-bolum-ne-zaman","status":"publish","type":"post","link":"https:\/\/www.tgrthaber.com\/mavikadin\/sakir-pasa-ailesi-bu-hafta-var-mi-yok-mu-sakir-pasa-ailesi-yeni-bolum-ne-zaman\/","title":{"rendered":"\u015eakir Pa\u015fa Ailesi bu hafta var m\u0131 yok mu? \u015eakir Pa\u015fa Ailesi yeni b\u00f6l\u00fcm ne zaman?"},"content":{"rendered":"<p class=\"p1\">Hukuki s\u00fcre\u00e7 nedeniyle yay\u0131ndan kald\u0131r\u0131lan \u201c\u015eakir Pa\u015fa Ailesi: Mucizeler ve Skandallar\u201d dizisi, taraflar aras\u0131ndaki anla\u015fman\u0131n ard\u0131ndan yeniden izleyiciyle bulu\u015fmaya haz\u0131rlan\u0131yor. \u015eakir Pa\u015fa Ailesi hayranlar\u0131 dizinin yeni b\u00f6l\u00fcm\u00fcn\u00fcn ne zaman yay\u0131nlanaca\u011f\u0131n\u0131 merak ediyor. Peki \u015eakir Pa\u015fa Ailesi bu hafta var m\u0131 yok mu? Yeni b\u00f6l\u00fcm ne zaman? \u0130\u015fte detaylar\u2026 <b><\/b><\/p>\n<h3>MAHKEME KARARIYLA YAYIN DURDURULMU\u015eTU<\/h3>\n<p class=\"p2\">T\u00fcrk edebiyat\u0131n\u0131n \u00f6nemli isimlerinden Cevat \u015eakir Kabaa\u011fa\u00e7l\u0131\u2019n\u0131n torunlar\u0131, aile bireylerinin \u00f6zel hayat\u0131n\u0131n ihlal edildi\u011fi gerek\u00e7esiyle \u201c\u015eakir Pa\u015fa Ailesi: Mucizeler ve Skandallar\u201d dizisine dava a\u00e7m\u0131\u015ft\u0131. Dava s\u00fcrecinde mahkeme, tedbir karar\u0131 alarak dizinin yay\u0131n\u0131n\u0131 durdurmu\u015f, t\u00fcm dijital platformlardan kald\u0131r\u0131lmas\u0131n\u0131 istemi\u015fti. Bu karar do\u011frultusunda dizinin yay\u0131nland\u0131\u011f\u0131 Now TV ve resmi YouTube kanal\u0131 ba\u015fta olmak \u00fczere t\u00fcm i\u00e7erikler kald\u0131r\u0131lm\u0131\u015f, diziye eri\u015fim tamamen engellenmi\u015fti. Ancak yap\u0131mc\u0131larla aile \u00fcyeleri aras\u0131ndaki yeni g\u00f6r\u00fc\u015fmeler, s\u00fcrecin seyrini de\u011fi\u015ftirdi.<\/p>\n<p><img loading=\"lazy\" decoding=\"async\" class=\"alignnone wp-image-135785 size-large\" src=\"https:\/\/www.tgrthaber.com\/mavikadin\/wp-content\/uploads\/Ekran-Resmi-2025-02-19-18.40.12-1024x626.png\" alt=\"\" width=\"1024\" height=\"626\" title=\"\" srcset=\"https:\/\/www.tgrthaber.com\/mavikadin\/wp-content\/uploads\/Ekran-Resmi-2025-02-19-18.40.12-1024x626.png 1024w, https:\/\/www.tgrthaber.com\/mavikadin\/wp-content\/uploads\/Ekran-Resmi-2025-02-19-18.40.12-300x184.png 300w, https:\/\/www.tgrthaber.com\/mavikadin\/wp-content\/uploads\/Ekran-Resmi-2025-02-19-18.40.12-768x470.png 768w, https:\/\/www.tgrthaber.com\/mavikadin\/wp-content\/uploads\/Ekran-Resmi-2025-02-19-18.40.12.png 1370w\" sizes=\"(max-width: 1024px) 100vw, 1024px\" \/><\/p>\n<hr \/>\n<h3>TARAFLAR ANLA\u015eMAYA VARDI<\/h3>\n<p class=\"p1\">Gazeteci Birsen Altunta\u015f\u2019\u0131n haberine g\u00f6re, dizinin yap\u0131mc\u0131lar\u0131 ve aile \u00fcyeleri aras\u0131nda mahkemeye ta\u015f\u0131nan anla\u015fmazl\u0131k \u00e7\u00f6z\u00fclerek ortak bir noktada bulu\u015fuldu. Cevat \u015eakir Kabaa\u011fa\u00e7l\u0131\u2019n\u0131n torunlar\u0131, mahkemeye verdikleri feragat dilek\u00e7esiyle \u015fikayetlerinden vazge\u00e7ti ve dizinin tekrar yay\u0131nlanmas\u0131n\u0131n \u00f6n\u00fcndeki hukuki engel ortadan kalkt\u0131. Bu geli\u015fme, dizinin hayranlar\u0131 aras\u0131nda b\u00fcy\u00fck bir sevin\u00e7le kar\u015f\u0131lan\u0131rken, yap\u0131m ekibi de yeniden yay\u0131na girmek i\u00e7in \u00e7al\u0131\u015fmalara ba\u015flad\u0131\u011f\u0131n\u0131 duyurdu.<\/p>\n<h3>\u015eAK\u0130R PA\u015eA A\u0130LES\u0130 BU HAFTA VAR MI, YEN\u0130 B\u00d6L\u00dcM NE ZAMAN?<\/h3>\n<p class=\"p1\">Mahkeme karar\u0131n\u0131n ard\u0131ndan dizinin tekrar ne zaman ekrana gelece\u011fi hen\u00fcz netle\u015fmese de, yap\u0131mc\u0131lar s\u00fcrecin h\u0131zla ilerledi\u011fini belirtiyor. Ba\u015frollerinde Vahide Per\u00e7in ve F\u0131rat Tan\u0131\u015f\u2019\u0131n yer ald\u0131\u011f\u0131 dizinin, \u00f6n\u00fcm\u00fczdeki haftalarda izleyiciyle bulu\u015fmas\u0131 bekleniyor.<\/p>\n<p class=\"p1\">&#8216;\u015eakir Pa\u015fa Ailesi: Mucizeler ve Skandallar&#8217;, \u00a0ya\u015fanan hukuki s\u00fcrecin ard\u0131ndan tekrar ekrana d\u00f6nerek izleyicilerini hik\u00e2yeye kald\u0131\u011f\u0131 yerden dahil edecek. Dizinin yay\u0131n tarihiyle ilgili yeni geli\u015fmeler yap\u0131mc\u0131 \u015firket taraf\u0131ndan duyurulacak.<\/p>\n<p><img loading=\"lazy\" decoding=\"async\" class=\"alignnone wp-image-135786 size-large\" src=\"https:\/\/www.tgrthaber.com\/mavikadin\/wp-content\/uploads\/Ekran-Resmi-2025-02-19-18.40.19-1024x648.png\" alt=\"\" width=\"1024\" height=\"648\" title=\"\" srcset=\"https:\/\/www.tgrthaber.com\/mavikadin\/wp-content\/uploads\/Ekran-Resmi-2025-02-19-18.40.19-1024x648.png 1024w, https:\/\/www.tgrthaber.com\/mavikadin\/wp-content\/uploads\/Ekran-Resmi-2025-02-19-18.40.19-300x190.png 300w, https:\/\/www.tgrthaber.com\/mavikadin\/wp-content\/uploads\/Ekran-Resmi-2025-02-19-18.40.19-768x486.png 768w, https:\/\/www.tgrthaber.com\/mavikadin\/wp-content\/uploads\/Ekran-Resmi-2025-02-19-18.40.19.png 1486w\" sizes=\"(max-width: 1024px) 100vw, 1024px\" \/><\/p>\n<hr \/>\n<h3>\u015eAK\u0130R PA\u015eA A\u0130LES\u0130: MUC\u0130ZELER VE SKANDALLAR KONUSU NE?<\/h3>\n<p class=\"p1\">Osmanl\u0131 \u0130mparatorlu\u011fu\u2019nun derin tarihine \u0131\u015f\u0131k tutan ve etkileyici bir anlat\u0131m sunan \u015eakir Pa\u015fa Ailesi, izleyicileri 1912 y\u0131l\u0131na uzanan bir ser\u00fcvene davet ediyor. Bu dizi, sadece bir aile dram\u0131 olman\u0131n \u00f6tesine ge\u00e7erek, d\u00f6nemin siyasi ve toplumsal \u00e7alkant\u0131lar\u0131 aras\u0131nda \u015fekillenen g\u00fc\u00e7l\u00fc karakterlerin ya\u015famlar\u0131n\u0131 ve aralar\u0131ndaki karma\u015f\u0131k ili\u015fkileri de ele al\u0131yor.<\/p>\n","protected":false},"excerpt":{"rendered":"<p>Hukuki s\u00fcre\u00e7 nedeniyle yay\u0131n\u0131 durdurulan \u201c\u015eakir Pa\u015fa Ailesi: Mucizeler ve Skandallar\u201d, yap\u0131lan anla\u015fman\u0131n ard\u0131ndan tekrar ekranlara d\u00f6n\u00fcyor. Dizinin hayranlar\u0131, yeni b\u00f6l\u00fcmlerin ne zaman yay\u0131nlanaca\u011f\u0131n\u0131 heyecanla bekliyor. Peki, \u015eakir Pa\u015fa Ailesi bu hafta yay\u0131nlanacak m\u0131? Yeni b\u00f6l\u00fcm ne zaman? \u0130\u015fte detaylar\u2026<\/p>\n","protected":false},"author":16,"featured_media":138892,"comment_status":"closed","ping_status":"closed","sticky":false,"template":"","format":"standard","meta":{"rank_math_lock_modified_date":false,"footnotes":""},"categories":[602],"tags":[11366,11365],"class_list":["post-135784","post","type-post","status-publish","format-standard","has-post-thumbnail","hentry","category-diziler","tag-sakir-pasa-aile-yeni-bolum-ne-zaman","tag-sakir-pasa-ailesi-bu-hafta-var-mi-yok-mu"],"_links":{"self":[{"href":"https:\/\/www.tgrthaber.com\/mavikadin\/wp-json\/wp\/v2\/posts\/135784"}],"collection":[{"href":"https:\/\/www.tgrthaber.com\/mavikadin\/wp-json\/wp\/v2\/posts"}],"about":[{"href":"https:\/\/www.tgrthaber.com\/mavikadin\/wp-json\/wp\/v2\/types\/post"}],"author":[{"embeddable":true,"href":"https:\/\/www.tgrthaber.com\/mavikadin\/wp-json\/wp\/v2\/users\/16"}],"replies":[{"embeddable":true,"href":"https:\/\/www.tgrthaber.com\/mavikadin\/wp-json\/wp\/v2\/comments?post=135784"}],"version-history":[{"count":4,"href":"https:\/\/www.tgrthaber.com\/mavikadin\/wp-json\/wp\/v2\/posts\/135784\/revisions"}],"predecessor-version":[{"id":138893,"href":"https:\/\/www.tgrthaber.com\/mavikadin\/wp-json\/wp\/v2\/posts\/135784\/revisions\/138893"}],"wp:featuredmedia":[{"embeddable":true,"href":"https:\/\/www.tgrthaber.com\/mavikadin\/wp-json\/wp\/v2\/media\/138892"}],"wp:attachment":[{"href":"https:\/\/www.tgrthaber.com\/mavikadin\/wp-json\/wp\/v2\/media?parent=135784"}],"wp:term":[{"taxonomy":"category","embeddable":true,"href":"https:\/\/www.tgrthaber.com\/mavikadin\/wp-json\/wp\/v2\/categories?post=135784"},{"taxonomy":"post_tag","embeddable":true,"href":"https:\/\/www.tgrthaber.com\/mavikadin\/wp-json\/wp\/v2\/tags?post=135784"}],"curies":[{"name":"wp","href":"https:\/\/api.w.org\/{rel}","templated":true}]}}