{"id":135789,"date":"2025-02-19T19:11:29","date_gmt":"2025-02-19T16:11:29","guid":{"rendered":"https:\/\/www.tgrthaber.com\/mavikadin\/?p=135789"},"modified":"2025-02-19T19:11:29","modified_gmt":"2025-02-19T16:11:29","slug":"gobek-sandi-hastalik-cikti-rachael-araz-hastaneye-gidince-neye-ugradigini-sasirdi","status":"publish","type":"post","link":"https:\/\/www.tgrthaber.com\/mavikadin\/gobek-sandi-hastalik-cikti-rachael-araz-hastaneye-gidince-neye-ugradigini-sasirdi\/","title":{"rendered":"G\u00f6bek sand\u0131, hastal\u0131k \u00e7\u0131kt\u0131! Rachael Araz hastaneye gidince neye u\u011frad\u0131\u011f\u0131n\u0131 \u015fa\u015f\u0131rd\u0131!"},"content":{"rendered":"<p class=\"p1\">\u00dcnl\u00fc moda fenomeni Rachel Araz, rutin sa\u011fl\u0131k kontrol\u00fc s\u0131ras\u0131nda beklenmedik bir durumla kar\u015f\u0131la\u015ft\u0131. Kendi v\u00fccut yap\u0131s\u0131 sand\u0131\u011f\u0131 g\u00f6be\u011findeki \u00e7\u0131k\u0131nt\u0131n\u0131n asl\u0131nda f\u0131t\u0131k oldu\u011funu \u00f6\u011frenen Araz, yap\u0131lan tetkikler sonucunda hem g\u00f6bek b\u00f6lgesinde hem de kas\u0131\u011f\u0131nda iki farkl\u0131 f\u0131t\u0131k tespit edildi\u011fini a\u00e7\u0131klad\u0131.<\/p>\n<h3>G\u00d6BEK SANDI, HASTALIK \u00c7IKTI!<\/h3>\n<p class=\"p1\">Sosyal medyada aktif payla\u015f\u0131mlar\u0131yla bilinen Araz, konuyla ilgili yapt\u0131\u011f\u0131 a\u00e7\u0131klamada, uzun s\u00fcredir g\u00f6be\u011finin \u015feklini do\u011fal yap\u0131s\u0131 olarak d\u00fc\u015f\u00fcnd\u00fc\u011f\u00fcn\u00fc ancak doktor muayenesi sonras\u0131 durumun farkl\u0131 oldu\u011funu anlad\u0131\u011f\u0131n\u0131 belirtti. \u201cBen de kendimi armut g\u00f6bek san\u0131yordum, me\u011fer baya\u011f\u0131 b\u00fcy\u00fckm\u00fc\u015f\u201d s\u00f6zleriyle \u015fa\u015fk\u0131nl\u0131\u011f\u0131n\u0131 dile getiren Araz, \u00f6n\u00fcm\u00fczdeki g\u00fcnlerde ameliyat olaca\u011f\u0131n\u0131 duyurdu.<\/p>\n<p><img loading=\"lazy\" decoding=\"async\" class=\"alignnone wp-image-135790 size-large\" src=\"https:\/\/www.tgrthaber.com\/mavikadin\/wp-content\/uploads\/Ekran-Resmi-2025-02-19-19.05.49-1024x637.png\" alt=\"\" width=\"1024\" height=\"637\" title=\"\" srcset=\"https:\/\/www.tgrthaber.com\/mavikadin\/wp-content\/uploads\/Ekran-Resmi-2025-02-19-19.05.49-1024x637.png 1024w, https:\/\/www.tgrthaber.com\/mavikadin\/wp-content\/uploads\/Ekran-Resmi-2025-02-19-19.05.49-300x187.png 300w, https:\/\/www.tgrthaber.com\/mavikadin\/wp-content\/uploads\/Ekran-Resmi-2025-02-19-19.05.49-768x478.png 768w, https:\/\/www.tgrthaber.com\/mavikadin\/wp-content\/uploads\/Ekran-Resmi-2025-02-19-19.05.49-1536x956.png 1536w, https:\/\/www.tgrthaber.com\/mavikadin\/wp-content\/uploads\/Ekran-Resmi-2025-02-19-19.05.49.png 1584w\" sizes=\"(max-width: 1024px) 100vw, 1024px\" \/><\/p>\n<hr \/>\n<p class=\"p1\">F\u0131t\u0131k, \u00f6zellikle kar\u0131n ve kas\u0131k b\u00f6lgesinde s\u0131k g\u00f6r\u00fclen bir sa\u011fl\u0131k sorunu olup, zaman\u0131nda m\u00fcdahale edilmezse daha ciddi komplikasyonlara yol a\u00e7abiliyor. Araz\u2019\u0131n operasyon sonras\u0131 s\u00fcreci hakk\u0131nda takip\u00e7ilerini bilgilendirmesi beklenirken, sevenleri kendisine ge\u00e7mi\u015f olsun dileklerini iletiyor. \u00dcnl\u00fc modac\u0131n\u0131n sa\u011fl\u0131k durumuyla ilgili geli\u015fmeler sosyal medyada b\u00fcy\u00fck ilgiyle takip ediliyor.<\/p>\n<h3>RACHAEL ARAZ K\u0130MD\u0130R?<\/h3>\n<p class=\"p1\">Rachel Araz, <span class=\"s1\">24 Mart 1988<\/span> tarihinde \u0130stanbul\u2019da do\u011fdu. E\u011fitim hayat\u0131na erken ya\u015flarda y\u00f6n veren Araz, ilkokul ve ortaokul e\u011fitimini tamamlad\u0131ktan sonra <span class=\"s1\">Notre Dame de Sion Frans\u0131z Lisesi<\/span>\u2019nden mezun oldu. \u00dcniversite tercihini ise <span class=\"s1\">Sabanc\u0131 \u00dcniversitesi Y\u00f6netim Bilimleri B\u00f6l\u00fcm\u00fc<\/span>\u2019nden yana kulland\u0131 ve bu alanda ba\u015far\u0131l\u0131 bir e\u011fitim s\u00fcreci ge\u00e7irdi.<\/p>\n<p><img loading=\"lazy\" decoding=\"async\" class=\"alignnone wp-image-135791 size-large\" src=\"https:\/\/www.tgrthaber.com\/mavikadin\/wp-content\/uploads\/Ekran-Resmi-2025-02-19-19.06.00-1024x580.png\" alt=\"\" width=\"1024\" height=\"580\" title=\"\" srcset=\"https:\/\/www.tgrthaber.com\/mavikadin\/wp-content\/uploads\/Ekran-Resmi-2025-02-19-19.06.00-1024x580.png 1024w, https:\/\/www.tgrthaber.com\/mavikadin\/wp-content\/uploads\/Ekran-Resmi-2025-02-19-19.06.00-300x170.png 300w, https:\/\/www.tgrthaber.com\/mavikadin\/wp-content\/uploads\/Ekran-Resmi-2025-02-19-19.06.00-768x435.png 768w, https:\/\/www.tgrthaber.com\/mavikadin\/wp-content\/uploads\/Ekran-Resmi-2025-02-19-19.06.00-1536x870.png 1536w, https:\/\/www.tgrthaber.com\/mavikadin\/wp-content\/uploads\/Ekran-Resmi-2025-02-19-19.06.00.png 1826w\" sizes=\"(max-width: 1024px) 100vw, 1024px\" \/><\/p>\n<hr \/>\n<p class=\"p1\">Mezuniyetinin ard\u0131ndan kurumsal i\u015f hayat\u0131na ad\u0131m atan Araz, \u00f6zel bir \u015firkette <span class=\"s1\">Kurumsal \u0130leti\u015fim ve Pazarlama<\/span> departman\u0131nda g\u00f6rev ald\u0131. Ancak zaman i\u00e7inde geleneksel i\u015f hayat\u0131ndan uzakla\u015farak, kariyerini dijital d\u00fcnya ve sosyal medya \u00fczerine \u015fekillendirmeye karar verdi. Moda ve ya\u015fam tarz\u0131 \u00fczerine yapt\u0131\u011f\u0131 i\u00e7eriklerle dikkat \u00e7eken Araz, bir\u00e7ok prestijli markayla i\u015fbirli\u011fi yaparak <span class=\"s1\">T\u00fcrkiye\u2019de \u00f6nemli bir influencer<\/span> haline geldi.<\/p>\n<p class=\"p1\">\u00d6zellikle <span class=\"s1\">Instagram ve YouTube<\/span> platformlar\u0131nda b\u00fcy\u00fck bir takip\u00e7i kitlesine sahip olan Rachel Araz, i\u00e7erik \u00fcretmeye devam ediyor. Tarz\u0131, seyahatleri ve g\u00fcnl\u00fck ya\u015fam\u0131na dair yapt\u0131\u011f\u0131 payla\u015f\u0131mlar takip\u00e7ileri taraf\u0131ndan b\u00fcy\u00fck ilgi g\u00f6r\u00fcyor. Markalarla yapt\u0131\u011f\u0131 i\u015f birlikleri, sosyal medya dan\u0131\u015fmanl\u0131\u011f\u0131 ve edit\u00f6rl\u00fck \u00e7al\u0131\u015fmalar\u0131 sayesinde sekt\u00f6rde kendine sa\u011flam bir yer edinmi\u015f durumda.<\/p>\n","protected":false},"excerpt":{"rendered":"<p>Moda d\u00fcnyas\u0131nda tan\u0131nan isimlerden Rachel Araz, rutin bir sa\u011fl\u0131k kontrol\u00fc s\u0131ras\u0131nda \u015fa\u015f\u0131rt\u0131c\u0131 bir haber ald\u0131. Uzun s\u00fcredir v\u00fccut yap\u0131s\u0131na ba\u011fl\u0131 sand\u0131\u011f\u0131 g\u00f6bekteki \u00e7\u0131k\u0131nt\u0131n\u0131n asl\u0131nda f\u0131t\u0131k oldu\u011fu ortaya \u00e7\u0131kt\u0131. Yap\u0131lan detayl\u0131 tetkiklerde, hem g\u00f6bek hem de kas\u0131k b\u00f6lgesinde iki f\u0131t\u0131k tespit edildi. Araz&#8217;\u0131n \u00f6n\u00fcm\u00fczdeki g\u00fcnlerde iki f\u0131t\u0131\u011f\u0131ndan da ameliyat edilece\u011fi \u00f6\u011frenildi. <\/p>\n","protected":false},"author":16,"featured_media":135792,"comment_status":"closed","ping_status":"closed","sticky":false,"template":"","format":"standard","meta":{"rank_math_lock_modified_date":false,"footnotes":""},"categories":[101],"tags":[11369,11368,11367],"class_list":["post-135789","post","type-post","status-publish","format-standard","has-post-thumbnail","hentry","category-kesfet","tag-rachael-araz-fitik","tag-rachael-araz-gobek-sandi-fitik-cikti","tag-rachael-araz-kimdir"],"_links":{"self":[{"href":"https:\/\/www.tgrthaber.com\/mavikadin\/wp-json\/wp\/v2\/posts\/135789"}],"collection":[{"href":"https:\/\/www.tgrthaber.com\/mavikadin\/wp-json\/wp\/v2\/posts"}],"about":[{"href":"https:\/\/www.tgrthaber.com\/mavikadin\/wp-json\/wp\/v2\/types\/post"}],"author":[{"embeddable":true,"href":"https:\/\/www.tgrthaber.com\/mavikadin\/wp-json\/wp\/v2\/users\/16"}],"replies":[{"embeddable":true,"href":"https:\/\/www.tgrthaber.com\/mavikadin\/wp-json\/wp\/v2\/comments?post=135789"}],"version-history":[{"count":1,"href":"https:\/\/www.tgrthaber.com\/mavikadin\/wp-json\/wp\/v2\/posts\/135789\/revisions"}],"predecessor-version":[{"id":135793,"href":"https:\/\/www.tgrthaber.com\/mavikadin\/wp-json\/wp\/v2\/posts\/135789\/revisions\/135793"}],"wp:featuredmedia":[{"embeddable":true,"href":"https:\/\/www.tgrthaber.com\/mavikadin\/wp-json\/wp\/v2\/media\/135792"}],"wp:attachment":[{"href":"https:\/\/www.tgrthaber.com\/mavikadin\/wp-json\/wp\/v2\/media?parent=135789"}],"wp:term":[{"taxonomy":"category","embeddable":true,"href":"https:\/\/www.tgrthaber.com\/mavikadin\/wp-json\/wp\/v2\/categories?post=135789"},{"taxonomy":"post_tag","embeddable":true,"href":"https:\/\/www.tgrthaber.com\/mavikadin\/wp-json\/wp\/v2\/tags?post=135789"}],"curies":[{"name":"wp","href":"https:\/\/api.w.org\/{rel}","templated":true}]}}