{"id":135794,"date":"2025-02-19T19:38:38","date_gmt":"2025-02-19T16:38:38","guid":{"rendered":"https:\/\/www.tgrthaber.com\/mavikadin\/?p=135794"},"modified":"2025-02-19T23:34:44","modified_gmt":"2025-02-19T20:34:44","slug":"turkan-soray-evinin-bahcesinde-kar-keyfi-yapti-goren-herkes-ayni-seyi-soyledi","status":"publish","type":"post","link":"https:\/\/www.tgrthaber.com\/mavikadin\/turkan-soray-evinin-bahcesinde-kar-keyfi-yapti-goren-herkes-ayni-seyi-soyledi\/","title":{"rendered":"T\u00fcrkan \u015eoray evinin bah\u00e7esinde kar keyfi yapt\u0131! G\u00f6ren herkes ayn\u0131 \u015feyi s\u00f6yledi"},"content":{"rendered":"<p class=\"p1\">T\u00fcrk sinemas\u0131n\u0131n efsane isimlerinden T\u00fcrkan \u015eoray, evinin bah\u00e7esinde kar\u0131n keyfini \u00e7\u0131kar\u0131rken \u00e7ekilen g\u00f6r\u00fcnt\u00fcleriyle sosyal medyada b\u00fcy\u00fck ilgi g\u00f6rd\u00fc. Y\u0131llara meydan okuyan g\u00fczelli\u011fi ile hayranlar\u0131n\u0131 bir kez daha b\u00fcy\u00fcleyen usta oyuncunun, karlar i\u00e7inde ge\u00e7irdi\u011fi keyifli anlar takip\u00e7ileri taraf\u0131ndan be\u011feni ya\u011fmuruna tutuldu. \u015eoray\u2019\u0131n do\u011fal ve samimi halleri izleyenleri mest ederken, payla\u015f\u0131lan videonun alt\u0131na \u201cG\u00fczelli\u011finiz hi\u00e7 de\u011fi\u015fmiyor\u201d, \u201cKar ve siz, muhte\u015fem bir uyum\u201d gibi yorumlar yap\u0131ld\u0131. Efsane oyuncunun zarafeti ve enerjisi, so\u011fuk k\u0131\u015f g\u00fcnlerinde bile yine i\u00e7leri \u0131s\u0131tt\u0131.<\/p>\n<h3>T\u00dcRKAN \u015eORAY EV\u0130N\u0130N BAH\u00c7ES\u0130NDE KAR KEYF\u0130 YAPTI<\/h3>\n<p class=\"p1\">T\u00fcrk sinemas\u0131n\u0131n unutulmaz y\u0131ld\u0131zlar\u0131ndan T\u00fcrkan \u015eoray, k\u0131\u015f manzaras\u0131n\u0131n tad\u0131n\u0131 \u00e7\u0131kar\u0131rken \u00e7ekilen g\u00f6r\u00fcnt\u00fcleriyle sosyal medyada g\u00fcndem oldu. Karlar i\u00e7inde keyifli vakit ge\u00e7iren usta oyuncu, zarafeti ve etkileyici g\u00fczelli\u011fiyle takip\u00e7ilerini adeta b\u00fcy\u00fcledi. \u015eoray\u2019\u0131n do\u011fal ve i\u00e7ten halleri b\u00fcy\u00fck ilgi g\u00f6r\u00fcrken, payla\u015f\u0131lan videoya hayranlar\u0131ndan \u201cG\u00fczelli\u011finiz zamana meydan okuyor\u201d, \u201cSiz h\u00e2l\u00e2 bir efsanesiniz\u201d, \u201cKar kadar saf ve zarifsiniz\u201d gibi say\u0131s\u0131z \u00f6vg\u00fc dolu yorum geldi. Y\u0131llar ge\u00e7se de etkileyici duru\u015funu koruyan sanat\u00e7\u0131, karlar i\u00e7inde adeta bir tablo gibi g\u00f6r\u00fcnerek sosyal medyada yine ad\u0131ndan s\u00f6z ettirdi.<\/p>\n<div style=\"width: 640px;\" class=\"wp-video\"><!--[if lt IE 9]><script>document.createElement('video');<\/script><![endif]-->\n<video class=\"wp-video-shortcode\" id=\"video-135794-1\" width=\"640\" height=\"1138\" preload=\"metadata\" controls=\"controls\"><source type=\"video\/mp4\" src=\"https:\/\/www.tgrthaber.com\/mavikadin\/wp-content\/uploads\/turkan.mp4?_=1\" \/><a href=\"https:\/\/www.tgrthaber.com\/mavikadin\/wp-content\/uploads\/turkan.mp4\">https:\/\/www.tgrthaber.com\/mavikadin\/wp-content\/uploads\/turkan.mp4<\/a><\/video><\/div>\n<h3>T\u00dcRKAN \u015eORAY K\u0130MD\u0130R?<\/h3>\n<p class=\"p1\">28 Haziran 1945\u2019te \u0130stanbul\u2019da d\u00fcnyaya gelen T\u00fcrkan \u015eoray, sinema kariyerine 1960\u2019larda ad\u0131m atm\u0131\u015f ve k\u0131sa s\u00fcrede b\u00fcy\u00fck bir y\u0131ld\u0131z haline gelmi\u015ftir. \u201cSultan\u201d lakab\u0131yla an\u0131lan usta oyuncu, kariyeri boyunca 222 filmde rol alarak d\u00fcnya \u00e7ap\u0131nda en \u00e7ok film \u00e7eken kad\u0131n oyuncu unvan\u0131n\u0131 kazanm\u0131\u015ft\u0131r.<\/p>\n<p class=\"p1\">\u015eoray, 1964 y\u0131l\u0131nda Antalya Alt\u0131n Portakal Film Festivali\u2019nde <i>Ac\u0131 Hayat<\/i> filmiyle En \u0130yi Kad\u0131n Oyuncu \u00d6d\u00fcl\u00fc\u2019n\u00fc alarak ad\u0131ndan s\u00f6z ettirmi\u015ftir.\u00a0 Sadece oyunculukla kalmam\u0131\u015f, ayn\u0131 zamanda senaristlik ve y\u00f6netmenlik de yaparak T\u00fcrk sinemas\u0131na \u00e7ok y\u00f6nl\u00fc katk\u0131larda bulunmu\u015ftur. 1972 yap\u0131m\u0131 D\u00f6n\u00fc\u015f, 1976\u2019da Bodrum Hakimi, 1973\u2019te Azap ve 2015\u2019te Uzaklarda Arama gibi filmlerde y\u00f6netmen koltu\u011funa oturan \u015eoray, 1981 y\u0131l\u0131nda Y\u0131lan\u0131 \u00d6ld\u00fcrseler filmini ise \u015eerif G\u00f6ren ile birlikte y\u00f6netmi\u015ftir.<\/p>\n<p><img loading=\"lazy\" decoding=\"async\" class=\"alignnone wp-image-135802 size-full\" src=\"https:\/\/www.tgrthaber.com\/mavikadin\/wp-content\/uploads\/Ekran-Resmi-2025-02-19-19.36.14.png\" alt=\"\" width=\"984\" height=\"528\" title=\"\" srcset=\"https:\/\/www.tgrthaber.com\/mavikadin\/wp-content\/uploads\/Ekran-Resmi-2025-02-19-19.36.14.png 984w, https:\/\/www.tgrthaber.com\/mavikadin\/wp-content\/uploads\/Ekran-Resmi-2025-02-19-19.36.14-300x161.png 300w, https:\/\/www.tgrthaber.com\/mavikadin\/wp-content\/uploads\/Ekran-Resmi-2025-02-19-19.36.14-768x412.png 768w\" sizes=\"(max-width: 984px) 100vw, 984px\" \/><\/p>\n<hr \/>\n<p class=\"p1\">Sadece sanat\u0131yla de\u011fil, sosyal sorumluluk projeleriyle de \u00f6n planda olan usta oyuncu, 12 Mart 2010\u2019da UNICEF T\u00fcrkiye iyi niyet el\u00e7isi se\u00e7ilmi\u015f ve \u00e7ocuk haklar\u0131na y\u00f6nelik \u00e7al\u0131\u015fmalar yapm\u0131\u015ft\u0131r. \u201cSevgiyle yap\u0131lamayacak bir \u015fey yoktur\u201d diyerek, sosyal sorumluluk projelerinde aktif rol alm\u0131\u015ft\u0131r. \u00d6zel hayat\u0131nda, 20 y\u0131l boyunca Galatasaray eski asba\u015fkan\u0131 R\u00fc\u00e7han Adl\u0131 ile bir birliktelik ya\u015fam\u0131\u015f, ancak Adl\u0131\u2019n\u0131n evli olmas\u0131 nedeniyle ili\u015fkileri resmi bir evlili\u011fe d\u00f6n\u00fc\u015fmemi\u015ftir. 1983 y\u0131l\u0131nda tiyatro sanat\u00e7\u0131s\u0131 Cihan \u00dcnal ile evlenmi\u015f, bu evlilikten Ya\u011fmur \u00dcnal ad\u0131nda bir k\u0131z\u0131 olmu\u015ftur.<\/p>\n","protected":false},"excerpt":{"rendered":"<p>T\u00fcrk sinemas\u0131n\u0131n unutulmaz isimlerinden T\u00fcrkan \u015eoray, karlar i\u00e7inde keyifli anlar ya\u015farken \u00e7ekilen g\u00f6r\u00fcnt\u00fcleriyle sosyal medyada g\u00fcndem oldu. Zamana meydan okuyan g\u00fczelli\u011fi ile hayranlar\u0131n\u0131 bir kez daha etkileyen \u015eoray, do\u011fal ve samimi halleriyle b\u00fcy\u00fck be\u011feni toplad\u0131. Payla\u015f\u0131lan videoya \u201cG\u00fczelli\u011finiz hep ayn\u0131\u201d, \u201cKar ve siz harika g\u00f6r\u00fcn\u00fcyorsunuz\u201d gibi yorumlar ya\u011fd\u0131. <\/p>\n","protected":false},"author":16,"featured_media":135803,"comment_status":"closed","ping_status":"closed","sticky":false,"template":"","format":"standard","meta":{"rank_math_lock_modified_date":false,"footnotes":""},"categories":[76],"tags":[11374,11375,11373],"class_list":["post-135794","post","type-post","status-publish","format-standard","has-post-thumbnail","hentry","category-magazin","tag-turkan-soray-kar-keyfi","tag-turkan-soray-kar-video","tag-turkan-soray-kimdir"],"_links":{"self":[{"href":"https:\/\/www.tgrthaber.com\/mavikadin\/wp-json\/wp\/v2\/posts\/135794"}],"collection":[{"href":"https:\/\/www.tgrthaber.com\/mavikadin\/wp-json\/wp\/v2\/posts"}],"about":[{"href":"https:\/\/www.tgrthaber.com\/mavikadin\/wp-json\/wp\/v2\/types\/post"}],"author":[{"embeddable":true,"href":"https:\/\/www.tgrthaber.com\/mavikadin\/wp-json\/wp\/v2\/users\/16"}],"replies":[{"embeddable":true,"href":"https:\/\/www.tgrthaber.com\/mavikadin\/wp-json\/wp\/v2\/comments?post=135794"}],"version-history":[{"count":2,"href":"https:\/\/www.tgrthaber.com\/mavikadin\/wp-json\/wp\/v2\/posts\/135794\/revisions"}],"predecessor-version":[{"id":135908,"href":"https:\/\/www.tgrthaber.com\/mavikadin\/wp-json\/wp\/v2\/posts\/135794\/revisions\/135908"}],"wp:featuredmedia":[{"embeddable":true,"href":"https:\/\/www.tgrthaber.com\/mavikadin\/wp-json\/wp\/v2\/media\/135803"}],"wp:attachment":[{"href":"https:\/\/www.tgrthaber.com\/mavikadin\/wp-json\/wp\/v2\/media?parent=135794"}],"wp:term":[{"taxonomy":"category","embeddable":true,"href":"https:\/\/www.tgrthaber.com\/mavikadin\/wp-json\/wp\/v2\/categories?post=135794"},{"taxonomy":"post_tag","embeddable":true,"href":"https:\/\/www.tgrthaber.com\/mavikadin\/wp-json\/wp\/v2\/tags?post=135794"}],"curies":[{"name":"wp","href":"https:\/\/api.w.org\/{rel}","templated":true}]}}