{"id":135800,"date":"2025-02-19T19:45:41","date_gmt":"2025-02-19T16:45:41","guid":{"rendered":"https:\/\/www.tgrthaber.com\/mavikadin\/?p=135800"},"modified":"2025-02-19T19:45:41","modified_gmt":"2025-02-19T16:45:41","slug":"masterchef-turkiye-yarismacisi-bicaklandi-eslem-sena-yurttan-babasina-ilginc-suclama","status":"publish","type":"post","link":"https:\/\/www.tgrthaber.com\/mavikadin\/masterchef-turkiye-yarismacisi-bicaklandi-eslem-sena-yurttan-babasina-ilginc-suclama\/","title":{"rendered":"Masterchef T\u00fcrkiye yar\u0131\u015fmac\u0131s\u0131 b\u0131\u00e7akland\u0131! Eslem Sena Yurt&#8217;tan babas\u0131na ilgin\u00e7 su\u00e7lama"},"content":{"rendered":"<p>Her sene TV8 kanal\u0131nda yay\u0131nlanan ve yar\u0131\u015fma program\u0131n\u0131n eski sezon yar\u0131\u015fmac\u0131lar\u0131ndan olan Eslem Sena Yurt, 2018 y\u0131l\u0131nda programa kat\u0131larak ismini duyurmu\u015ftu. \u015eimdilerde ise sosyal medya hesab\u0131ndan yapt\u0131\u011f\u0131 payla\u015f\u0131mla sevenlerini korkuttu.<\/p>\n<p>&#8216;MasterChef T\u00fcrkiye&#8217; yar\u0131\u015fmas\u0131na kat\u0131l\u0131m sa\u011flayan eski yar\u0131\u015fmac\u0131lardan Eslem Sena Yurt, sosyal medya hesab\u0131ndan b\u0131\u00e7akland\u0131\u011f\u0131n\u0131 duyurdu.<\/p>\n<h3>MASTERCHEF YARI\u015eMACISI ESLEM SENA YURT BI\u00c7AKLANDI!<\/h3>\n<p>MasterChef T\u00fcrkiye program\u0131n\u0131n 2018 y\u0131l\u0131nda yar\u0131\u015fan a\u015f\u00e7\u0131 Eslem Sena Yurt, sosyal medya hesab\u0131ndan yay\u0131nland\u0131\u011f\u0131 g\u00f6nderide 1 hafta \u00f6nce b\u0131\u00e7akland\u0131\u011f\u0131n\u0131 dile getirdi.<\/p>\n<p><img loading=\"lazy\" decoding=\"async\" class=\"alignnone wp-image-135805\" src=\"https:\/\/www.tgrthaber.com\/mavikadin\/wp-content\/uploads\/gh-2.png\" alt=\"\" width=\"1208\" height=\"659\" title=\"\" srcset=\"https:\/\/www.tgrthaber.com\/mavikadin\/wp-content\/uploads\/gh-2.png 1471w, https:\/\/www.tgrthaber.com\/mavikadin\/wp-content\/uploads\/gh-2-300x164.png 300w, https:\/\/www.tgrthaber.com\/mavikadin\/wp-content\/uploads\/gh-2-1024x558.png 1024w, https:\/\/www.tgrthaber.com\/mavikadin\/wp-content\/uploads\/gh-2-768x419.png 768w\" sizes=\"(max-width: 1208px) 100vw, 1208px\" \/><\/p>\n<hr \/>\n<p>Yar\u0131\u015fmac\u0131 Yurt, sosyal medya hesab\u0131ndan takip\u00e7ilerine payla\u015ft\u0131\u011f\u0131 g\u00f6nderide \u015fu notu d\u00fc\u015ft\u00fc:<\/p>\n<h3>&#8220;ZOR ZAMANLAR GE\u00c7\u0130R\u0130YORUM&#8221;<\/h3>\n<p>B\u0131\u00e7akland\u0131\u011f\u0131n\u0131 sosyal medya hesab\u0131ndan haber veren eski yar\u0131\u015fmac\u0131 Eslem Sena Yurt, &#8220;Bir hafta \u00f6nce bir b\u0131\u00e7aklanma olay\u0131 ya\u015fad\u0131m. 5 litre kan kaybettim. Ruhen ve bedenen \u00e7ok zor zamanlar ge\u00e7iriyorum. Her \u015feyden herkesten uzak kalmak istiyorum. Ziyaretime gelen aray\u0131p soran dualar g\u00f6nderen herkesten Allah raz\u0131 olsun. Hepinize \u00e7ok te\u015fekk\u00fcr ederim. Telefonum kapal\u0131 bir s\u00fcre WhatsApp sadece. \u0130yile\u015fip i\u015fime d\u00f6nece\u011fim bana en iyi gelen \u015fey mesle\u011fim.&#8221; dedi.<\/p>\n<h3>&#8216;DOSTU D\u00dc\u015eMANI AYIRT ETT\u0130M&#8217;<\/h3>\n<p>Masterchef yar\u0131\u015fmac\u0131s\u0131 Yurt, daha sonra s\u00f6zlerine \u015fu ifadeleri de ekledi: Baba ki\u015fisi ve ailesine not&#8230; Babamla aram pek yoktur, k\u0131z \u00e7ocu\u011fu de\u011ferli de\u011fil onlarda. Yine de babam ortal\u0131\u011f\u0131 y\u0131kar diye d\u00fc\u015f\u00fcn\u00fcrken tepkisiz kald\u0131 gelmedi yan\u0131ma. Halam da arayanlar\u0131 tembihlemi\u015f kimse bilmesin diye. B\u0131\u00e7aklanarak \u00f6l\u00fcmden d\u00f6nen benim hi\u00e7bir zaman utan\u0131lacak bir \u015fey yapmad\u0131m. Herkes d\u00f6n\u00fcp kendine baks\u0131n. Siz saklamaya \u00e7al\u0131\u015ft\u0131n\u0131z ama bak\u0131n ben buradan yaz\u0131yorum.<\/p>\n<p><img loading=\"lazy\" decoding=\"async\" class=\"alignnone wp-image-135806\" src=\"https:\/\/www.tgrthaber.com\/mavikadin\/wp-content\/uploads\/hghgh-1.png\" alt=\"\" width=\"1208\" height=\"649\" title=\"\" srcset=\"https:\/\/www.tgrthaber.com\/mavikadin\/wp-content\/uploads\/hghgh-1.png 1490w, https:\/\/www.tgrthaber.com\/mavikadin\/wp-content\/uploads\/hghgh-1-300x161.png 300w, https:\/\/www.tgrthaber.com\/mavikadin\/wp-content\/uploads\/hghgh-1-1024x550.png 1024w, https:\/\/www.tgrthaber.com\/mavikadin\/wp-content\/uploads\/hghgh-1-768x413.png 768w\" sizes=\"(max-width: 1208px) 100vw, 1208px\" \/><\/p>\n<hr \/>\n<p>Sayenizde dostu d\u00fc\u015fman\u0131 ay\u0131rt ettim. Baba ki\u015fisi y\u0131llar \u00f6nce de annemden bo\u015fan\u0131rken &#8216;k\u0131z\u0131m\u0131 istemiyorum \u00e7ok masrafl\u0131&#8217; demi\u015fti. Halbuki o ya\u015fta ne masraf\u0131m olabilirdi. O zamanlar \u00fcz\u00fcl\u00fcp sonra unutmu\u015ftum. \u00dcniversite y\u0131llar\u0131mda yine hi\u00e7 yan\u0131mda olmad\u0131. Mezuniyetim de bile&#8230; 7-8 y\u0131l numaras\u0131 dahi yoktu.<\/p>\n<p>Ta ki ben ba\u015far\u0131l\u0131 oldum beni aramaya ba\u015flad\u0131lar. Ben de olu\u015fumuma katk\u0131 sa\u011flad\u0131\u011f\u0131 i\u00e7in! Sayg\u0131dan zaman zaman konu\u015fuyordum. Zor g\u00fcn\u00fcmde yan\u0131mda olmayan 2 ki\u015fiyi asla affetmeyece\u011fim. Her zaman yan\u0131mda olan anneme, \u00fcvey babam, can dostum \u0130layda&#8217;ya ve t\u00fcm bana destek olan sevenlerime sonsuz te\u015fekk\u00fcrler.&#8221;<\/p>\n","protected":false},"excerpt":{"rendered":"<p>&#8216;Masterchef T\u00fcrkiye&#8217; yar\u0131\u015fmas\u0131n\u0131n 2018 y\u0131l\u0131nda yar\u0131\u015fan eski yar\u0131\u015fmac\u0131lar\u0131ndan Eslem Sena Yurt, sosyal medya hesab\u0131ndan b\u0131\u00e7akland\u0131\u011f\u0131n\u0131 duyurdu.<\/p>\n","protected":false},"author":27,"featured_media":135807,"comment_status":"closed","ping_status":"closed","sticky":false,"template":"","format":"standard","meta":{"rank_math_lock_modified_date":false,"footnotes":""},"categories":[76],"tags":[11376,11378,133,11377],"class_list":["post-135800","post","type-post","status-publish","format-standard","has-post-thumbnail","hentry","category-magazin","tag-eslem-sena-yurt","tag-eslem-sena-yurt-bicaklandi","tag-magazin","tag-masterchef-yarismasi"],"_links":{"self":[{"href":"https:\/\/www.tgrthaber.com\/mavikadin\/wp-json\/wp\/v2\/posts\/135800"}],"collection":[{"href":"https:\/\/www.tgrthaber.com\/mavikadin\/wp-json\/wp\/v2\/posts"}],"about":[{"href":"https:\/\/www.tgrthaber.com\/mavikadin\/wp-json\/wp\/v2\/types\/post"}],"author":[{"embeddable":true,"href":"https:\/\/www.tgrthaber.com\/mavikadin\/wp-json\/wp\/v2\/users\/27"}],"replies":[{"embeddable":true,"href":"https:\/\/www.tgrthaber.com\/mavikadin\/wp-json\/wp\/v2\/comments?post=135800"}],"version-history":[{"count":1,"href":"https:\/\/www.tgrthaber.com\/mavikadin\/wp-json\/wp\/v2\/posts\/135800\/revisions"}],"predecessor-version":[{"id":135809,"href":"https:\/\/www.tgrthaber.com\/mavikadin\/wp-json\/wp\/v2\/posts\/135800\/revisions\/135809"}],"wp:featuredmedia":[{"embeddable":true,"href":"https:\/\/www.tgrthaber.com\/mavikadin\/wp-json\/wp\/v2\/media\/135807"}],"wp:attachment":[{"href":"https:\/\/www.tgrthaber.com\/mavikadin\/wp-json\/wp\/v2\/media?parent=135800"}],"wp:term":[{"taxonomy":"category","embeddable":true,"href":"https:\/\/www.tgrthaber.com\/mavikadin\/wp-json\/wp\/v2\/categories?post=135800"},{"taxonomy":"post_tag","embeddable":true,"href":"https:\/\/www.tgrthaber.com\/mavikadin\/wp-json\/wp\/v2\/tags?post=135800"}],"curies":[{"name":"wp","href":"https:\/\/api.w.org\/{rel}","templated":true}]}}