{"id":135808,"date":"2025-02-19T20:07:36","date_gmt":"2025-02-19T17:07:36","guid":{"rendered":"https:\/\/www.tgrthaber.com\/mavikadin\/?p=135808"},"modified":"2025-02-19T23:33:16","modified_gmt":"2025-02-19T20:33:16","slug":"fahriye-evcen-ve-burak-ozcivitin-oglu-kerem-2-yasinda-illuminati-pastasi-sosyal-medyanin-gundeminde","status":"publish","type":"post","link":"https:\/\/www.tgrthaber.com\/mavikadin\/fahriye-evcen-ve-burak-ozcivitin-oglu-kerem-2-yasinda-illuminati-pastasi-sosyal-medyanin-gundeminde\/","title":{"rendered":"Fahriye Evcen ve Burak \u00d6z\u00e7ivit&#8217;in o\u011flu Kerem 2 ya\u015f\u0131nda! \u0130lluminati pastas\u0131 sosyal medyan\u0131n g\u00fcndeminde!"},"content":{"rendered":"<p class=\"p1\">\u00dcnl\u00fc \u00e7ift Fahriye Evcen ve Burak \u00d6z\u00e7ivit, o\u011fullar\u0131 Kerem\u2019in 2. ya\u015f g\u00fcn\u00fcn\u00fc \u00f6zel bir konseptle kutlad\u0131. Ailece keyifli anlar ya\u015fad\u0131klar\u0131 bu do\u011fum g\u00fcn\u00fc partisi, sosyal medyada b\u00fcy\u00fck yank\u0131 uyand\u0131rd\u0131. Ancak kutlamada tercih edilen tek g\u00f6z simgeli pasta, tart\u0131\u015fmalar\u0131n oda\u011f\u0131na yerle\u015fti. Baz\u0131 kullan\u0131c\u0131lar, pastan\u0131n \u0130lluminati sembol\u00fcne benzedi\u011fini \u00f6ne s\u00fcrerek \u00e7ifti ele\u015ftirirken, baz\u0131lar\u0131 ise bu durumun yaln\u0131zca estetik bir tercih oldu\u011funu savundu. Do\u011fum g\u00fcn\u00fc konsepti sosyal medyada farkl\u0131 yorumlara neden olurken, \u00e7iftin payla\u015f\u0131m\u0131 hem be\u011feni hem de ele\u015ftiri ya\u011fmuruna tutuldu.<\/p>\n<h3>FAHR\u0130YE EVCEN BURAK \u00d6Z\u00c7\u0130V\u0130T O\u011eULLARININ DO\u011eUM G\u00dcN\u00dcN\u00dc KUTLADI<\/h3>\n<p class=\"p1\">ATV\u2019nin sevilen dizisi Kurulu\u015f Osman\u2019\u0131n y\u0131ld\u0131z oyuncusu Burak \u00d6z\u00e7ivit ve ba\u015far\u0131l\u0131 oyuncu Fahriye Evcen, 2016 y\u0131l\u0131nda d\u00fcnyaevine girmi\u015fti. \u00c7ift, 2019 y\u0131l\u0131nda Karan\u2019\u0131n, 2023 y\u0131l\u0131nda ise Kerem\u2019in do\u011fumuyla ailelerini geni\u015fleterek iki \u00e7ocuk sahibi olman\u0131n mutlulu\u011funu ya\u015fad\u0131.<\/p>\n<div style=\"width: 640px;\" class=\"wp-video\"><!--[if lt IE 9]><script>document.createElement('video');<\/script><![endif]-->\n<video class=\"wp-video-shortcode\" id=\"video-135808-1\" width=\"640\" height=\"1138\" preload=\"metadata\" controls=\"controls\"><source type=\"video\/mp4\" src=\"https:\/\/www.tgrthaber.com\/mavikadin\/wp-content\/uploads\/Instagram-2.sayfaofficial-stories-3571541682513255376.mp4?_=1\" \/><a href=\"https:\/\/www.tgrthaber.com\/mavikadin\/wp-content\/uploads\/Instagram-2.sayfaofficial-stories-3571541682513255376.mp4\">https:\/\/www.tgrthaber.com\/mavikadin\/wp-content\/uploads\/Instagram-2.sayfaofficial-stories-3571541682513255376.mp4<\/a><\/video><\/div>\n<p class=\"p1\">Son olarak o\u011fullar\u0131 Kerem\u2019in 2. ya\u015f g\u00fcn\u00fcn\u00fc sosyal medyada yapt\u0131klar\u0131 payla\u015f\u0131mlarla kutlayan \u00d6z\u00e7ivit ve Evcen \u00e7ifti, do\u011fum g\u00fcn\u00fc organizasyonuyla g\u00fcndeme oturdu. \u00d6zenle haz\u0131rlanan konsept parti, bir\u00e7ok hayranlar\u0131n\u0131n be\u011fenisini toplasa da do\u011fum g\u00fcn\u00fc pastas\u0131 beklenmedik \u015fekilde tart\u0131\u015fmalara yol a\u00e7t\u0131. Tek g\u00f6z simgesi ta\u015f\u0131yan pasta, baz\u0131 sosyal medya kullan\u0131c\u0131lar\u0131 taraf\u0131ndan \u0130lluminati sembol\u00fc olarak yorumland\u0131 ve \u00e7ifte y\u00f6nelik ele\u015ftiriler ya\u011fd\u0131.<\/p>\n<p><img loading=\"lazy\" decoding=\"async\" class=\"alignnone wp-image-135812 size-large\" src=\"https:\/\/www.tgrthaber.com\/mavikadin\/wp-content\/uploads\/Ekran-Resmi-2025-02-19-19.59.47-935x1024.png\" alt=\"\" width=\"935\" height=\"1024\" title=\"\" srcset=\"https:\/\/www.tgrthaber.com\/mavikadin\/wp-content\/uploads\/Ekran-Resmi-2025-02-19-19.59.47-935x1024.png 935w, https:\/\/www.tgrthaber.com\/mavikadin\/wp-content\/uploads\/Ekran-Resmi-2025-02-19-19.59.47-274x300.png 274w, https:\/\/www.tgrthaber.com\/mavikadin\/wp-content\/uploads\/Ekran-Resmi-2025-02-19-19.59.47-768x841.png 768w, https:\/\/www.tgrthaber.com\/mavikadin\/wp-content\/uploads\/Ekran-Resmi-2025-02-19-19.59.47.png 964w\" sizes=\"(max-width: 935px) 100vw, 935px\" \/><\/p>\n<hr \/>\n<p class=\"p1\">Kimi takip\u00e7iler, pastan\u0131n bilin\u00e7li bir tercih olup olmad\u0131\u011f\u0131n\u0131 sorgularken, baz\u0131lar\u0131 ise bunun sadece tasar\u0131msal bir detay olabilece\u011fini belirtti. \u00c7ift, konu hakk\u0131nda herhangi bir a\u00e7\u0131klama yapmazken, Kerem\u2019in do\u011fum g\u00fcn\u00fc kutlamas\u0131 sosyal medyada geni\u015f yank\u0131 uyand\u0131rd\u0131. Organizasyonun dikkat \u00e7ekici detaylar\u0131 ve yap\u0131lan yorumlarla, ikili yine magazin g\u00fcndeminin en \u00e7ok konu\u015falanlar\u0131 aras\u0131na oturdu.<\/p>\n<h3>\u0130LUM\u0130NAT\u0130 NED\u0130R?<\/h3>\n<p class=\"p1\">\u0130lluminati, tarihsel k\u00f6keni 1776 y\u0131l\u0131nda Bavyera\u2019da kurulmu\u015f bir toplulu\u011fa dayanan, zamanla bir\u00e7ok komplo teorisinin oda\u011f\u0131 haline gelen bir yap\u0131d\u0131r. \u0130lk olarak Ayd\u0131nlanma hareketini desteklemek ve dogmatik d\u00fc\u015f\u00fcnceye kar\u015f\u0131 durmak amac\u0131yla ortaya \u00e7\u0131km\u0131\u015ft\u0131r. Ancak zaman i\u00e7inde gizli bir d\u00fcnya d\u00fczeni kurmaya \u00e7al\u0131\u015fan bir g\u00fc\u00e7 olarak an\u0131lmaya ba\u015flam\u0131\u015ft\u0131r.<\/p>\n<p><img loading=\"lazy\" decoding=\"async\" class=\"alignnone wp-image-135813 size-large\" src=\"https:\/\/www.tgrthaber.com\/mavikadin\/wp-content\/uploads\/Ekran-Resmi-2025-02-19-20.01.34-1024x596.png\" alt=\"\" width=\"1024\" height=\"596\" title=\"\" srcset=\"https:\/\/www.tgrthaber.com\/mavikadin\/wp-content\/uploads\/Ekran-Resmi-2025-02-19-20.01.34-1024x596.png 1024w, https:\/\/www.tgrthaber.com\/mavikadin\/wp-content\/uploads\/Ekran-Resmi-2025-02-19-20.01.34-300x175.png 300w, https:\/\/www.tgrthaber.com\/mavikadin\/wp-content\/uploads\/Ekran-Resmi-2025-02-19-20.01.34-768x447.png 768w, https:\/\/www.tgrthaber.com\/mavikadin\/wp-content\/uploads\/Ekran-Resmi-2025-02-19-20.01.34.png 1076w\" sizes=\"(max-width: 1024px) 100vw, 1024px\" \/><\/p>\n<hr \/>\n<p class=\"p1\">Bir\u00e7ok komplo teorisyeni, medya, siyaset ve ekonomi d\u00fcnyas\u0131nda g\u00fc\u00e7l\u00fc isimlerin bu \u00f6rg\u00fcte ba\u011fl\u0131 oldu\u011funu iddia etmektedir. Tek g\u00f6z sembol\u00fc, piramit ve g\u00f6z fig\u00fcr\u00fc, \u0130lluminati ile ili\u015fkilendirilen pop\u00fcler simgeler aras\u0131nda yer al\u0131r. Ger\u00e7ekli\u011fi kan\u0131tlanmam\u0131\u015f olsa da, bu konu h\u00e2l\u00e2 ilgi \u00e7ekici bir tart\u0131\u015fma konusudur.<\/p>\n","protected":false},"excerpt":{"rendered":"<p>\u00dcnl\u00fc oyuncular Fahriye Evcen ve Burak \u00d6z\u00e7ivit, o\u011fullar\u0131 Kerem\u2019in 2. ya\u015f g\u00fcn\u00fcn\u00fc \u00f6zel bir partiyle kutlad\u0131. Mutlu aile anlar\u0131n\u0131 payla\u015fan \u00e7iftin do\u011fum g\u00fcn\u00fc organizasyonu, sosyal medyada b\u00fcy\u00fck ilgi g\u00f6rd\u00fc. Ancak tek g\u00f6z sembol\u00fc bulunan pasta, takip\u00e7iler aras\u0131nda tart\u0131\u015fmalara neden oldu. Kimileri pastay\u0131 \u0130lluminati\u2019ye g\u00f6ndermede bulunmakla ele\u015ftirirken, baz\u0131lar\u0131 bunun sadece dekoratif bir tercih oldu\u011funu savundu. <\/p>\n","protected":false},"author":16,"featured_media":135815,"comment_status":"closed","ping_status":"closed","sticky":false,"template":"","format":"standard","meta":{"rank_math_lock_modified_date":false,"footnotes":""},"categories":[76],"tags":[11380,11381,11379],"class_list":["post-135808","post","type-post","status-publish","format-standard","has-post-thumbnail","hentry","category-magazin","tag-fahriye-evcen-burak-ozcivit-dogum-gunu","tag-fahriye-evcen-burak-ozcivit-dogum-gunu-illuminati-pasta","tag-fahriye-evcen-burak-ozcivit-kerem-dogum-gunu-illuminati-pasta"],"_links":{"self":[{"href":"https:\/\/www.tgrthaber.com\/mavikadin\/wp-json\/wp\/v2\/posts\/135808"}],"collection":[{"href":"https:\/\/www.tgrthaber.com\/mavikadin\/wp-json\/wp\/v2\/posts"}],"about":[{"href":"https:\/\/www.tgrthaber.com\/mavikadin\/wp-json\/wp\/v2\/types\/post"}],"author":[{"embeddable":true,"href":"https:\/\/www.tgrthaber.com\/mavikadin\/wp-json\/wp\/v2\/users\/16"}],"replies":[{"embeddable":true,"href":"https:\/\/www.tgrthaber.com\/mavikadin\/wp-json\/wp\/v2\/comments?post=135808"}],"version-history":[{"count":4,"href":"https:\/\/www.tgrthaber.com\/mavikadin\/wp-json\/wp\/v2\/posts\/135808\/revisions"}],"predecessor-version":[{"id":135905,"href":"https:\/\/www.tgrthaber.com\/mavikadin\/wp-json\/wp\/v2\/posts\/135808\/revisions\/135905"}],"wp:featuredmedia":[{"embeddable":true,"href":"https:\/\/www.tgrthaber.com\/mavikadin\/wp-json\/wp\/v2\/media\/135815"}],"wp:attachment":[{"href":"https:\/\/www.tgrthaber.com\/mavikadin\/wp-json\/wp\/v2\/media?parent=135808"}],"wp:term":[{"taxonomy":"category","embeddable":true,"href":"https:\/\/www.tgrthaber.com\/mavikadin\/wp-json\/wp\/v2\/categories?post=135808"},{"taxonomy":"post_tag","embeddable":true,"href":"https:\/\/www.tgrthaber.com\/mavikadin\/wp-json\/wp\/v2\/tags?post=135808"}],"curies":[{"name":"wp","href":"https:\/\/api.w.org\/{rel}","templated":true}]}}