{"id":135823,"date":"2025-02-19T20:34:25","date_gmt":"2025-02-19T17:34:25","guid":{"rendered":"https:\/\/www.tgrthaber.com\/mavikadin\/?p=135823"},"modified":"2025-02-19T23:32:34","modified_gmt":"2025-02-19T20:32:34","slug":"zerrin-ozerin-hayati-beyaz-perdeye-tasiniyor-unlu-sanatci-basrolde-bakin-kimi-gormek-istiyor","status":"publish","type":"post","link":"https:\/\/www.tgrthaber.com\/mavikadin\/zerrin-ozerin-hayati-beyaz-perdeye-tasiniyor-unlu-sanatci-basrolde-bakin-kimi-gormek-istiyor\/","title":{"rendered":"Zerrin \u00d6zer\u2019in hayat\u0131 beyaz perdeye ta\u015f\u0131n\u0131yor! \u00dcnl\u00fc sanat\u00e7\u0131 ba\u015frolde bak\u0131n kimi g\u00f6rmek istiyor!"},"content":{"rendered":"<p class=\"p1\">T\u00fcrk m\u00fczi\u011finin efsane isimlerinden Zerrin \u00d6zer, hayat\u0131n\u0131n film yap\u0131lmas\u0131 i\u00e7in iki teklif ald\u0131\u011f\u0131n\u0131 a\u00e7\u0131klad\u0131. Sanat\u00e7\u0131, kendisini oynamas\u0131n\u0131 istedi\u011fi oyuncuyu da belirledi. Peki Zerrin \u00d6zer&#8217;in hayat\u0131n\u0131 oynamas\u0131n\u0131 istedi\u011fi oyuncu kim? \u0130\u015fte detaylar..<\/p>\n<h3 class=\"p1\">ZERR\u0130N \u00d6ZER&#8217;\u0130N HAYATI BEYAZ PERDEYE TA\u015eINIYOR<\/h3>\n<p class=\"p1\">Son d\u00f6nemde sa\u011fl\u0131k sorunlar\u0131yla g\u00fcndeme gelen Zerrin \u00d6zer, hayat\u0131n\u0131n sinemaya uyarlanmas\u0131 i\u00e7in iki farkl\u0131 yap\u0131mc\u0131dan teklif ald\u0131\u011f\u0131n\u0131 duyurdu. Projeye olumlu yakla\u015fan sanat\u00e7\u0131, senaryoyu be\u011fenmesi durumunda film \u00e7ekimlerine ye\u015fil \u0131\u015f\u0131k yakaca\u011f\u0131n\u0131 s\u00f6yledi. \u00d6zer, kendisini oynamas\u0131n\u0131 istedi\u011fi oyuncu soruldu\u011funda ise Serenay Sar\u0131kaya\u2019y\u0131 i\u015faret etti. Sanat\u00e7\u0131, \u201cBeni Serenay Sar\u0131kaya oynas\u0131n isterim. Onun oyunculu\u011funu \u00e7ok be\u011feniyorum\u201d diyerek tercihinde net oldu\u011funu belirtti.<\/p>\n<p><img loading=\"lazy\" decoding=\"async\" class=\"alignnone wp-image-135828 \" src=\"https:\/\/www.tgrthaber.com\/mavikadin\/wp-content\/uploads\/Ekran-Resmi-2025-02-19-20.28.54.png\" alt=\"\" width=\"994\" height=\"573\" title=\"\" srcset=\"https:\/\/www.tgrthaber.com\/mavikadin\/wp-content\/uploads\/Ekran-Resmi-2025-02-19-20.28.54.png 956w, https:\/\/www.tgrthaber.com\/mavikadin\/wp-content\/uploads\/Ekran-Resmi-2025-02-19-20.28.54-300x173.png 300w, https:\/\/www.tgrthaber.com\/mavikadin\/wp-content\/uploads\/Ekran-Resmi-2025-02-19-20.28.54-768x442.png 768w\" sizes=\"(max-width: 994px) 100vw, 994px\" \/><\/p>\n<hr \/>\n<h3 class=\"p1\">SA\u011eLIK SORUNLARIYLA M\u00dcCADELE ED\u0130YOR<\/h3>\n<p class=\"p1\">Ge\u00e7ti\u011fimiz g\u00fcnlerde bir \u00f6d\u00fcl t\u00f6reninde sahneye \u00e7\u0131kan Zerrin \u00d6zer, sa\u011fl\u0131k durumuyla ilgili dikkat \u00e7eken a\u00e7\u0131klamalarda bulundu.\u201cBeynimdeki iki damarda ciddi daralma var\u201d diyerek zor g\u00fcnler ge\u00e7irdi\u011fini dile getiren sanat\u00e7\u0131, denge kayb\u0131 nedeniyle y\u00fcr\u00fcmekte zorland\u0131\u011f\u0131n\u0131 ifade etti. Ancak t\u00fcm bu sa\u011fl\u0131k sorunlar\u0131na ra\u011fmen m\u00fczi\u011fe ve hayranlar\u0131na olan ba\u011fl\u0131l\u0131\u011f\u0131n\u0131 s\u00fcrd\u00fcrd\u00fc\u011f\u00fcn\u00fc belirtti.<\/p>\n<p><img loading=\"lazy\" decoding=\"async\" class=\"alignnone wp-image-135832 \" src=\"https:\/\/www.tgrthaber.com\/mavikadin\/wp-content\/uploads\/Ekran-Resmi-2025-02-19-20.29.06.png\" alt=\"\" width=\"989\" height=\"705\" title=\"\" srcset=\"https:\/\/www.tgrthaber.com\/mavikadin\/wp-content\/uploads\/Ekran-Resmi-2025-02-19-20.29.06.png 854w, https:\/\/www.tgrthaber.com\/mavikadin\/wp-content\/uploads\/Ekran-Resmi-2025-02-19-20.29.06-300x214.png 300w\" sizes=\"(max-width: 989px) 100vw, 989px\" \/><\/p>\n<hr \/>\n<h3 class=\"p1\">ZERR\u0130N \u00d6ZER PROJEYE SICAK BAKIYOR<\/h3>\n<p class=\"p1\">\u00d6d\u00fcl t\u00f6reninde sahneye \u00e7\u0131karak hayranlar\u0131na te\u015fekk\u00fcr eden sanat\u00e7\u0131, \u201cHer \u015feye ra\u011fmen dimdik ayaktay\u0131m\u201d s\u00f6zleriyle b\u00fcy\u00fck alk\u0131\u015f ald\u0131. Hayat\u0131n\u0131n film olmas\u0131 fikrine s\u0131cak bakt\u0131\u011f\u0131n\u0131 yineleyen \u00d6zer\u2019in senaryo s\u00fcrecini yak\u0131ndan takip edece\u011fi ve detaylar\u0131 ilerleyen g\u00fcnlerde payla\u015faca\u011f\u0131 \u00f6\u011frenildi. Bu geli\u015fmeler, m\u00fczikseverler ve sinemaseverler taraf\u0131ndan b\u00fcy\u00fck merakla beklenirken, Zerrin \u00d6zer\u2019in hayat hik\u00e2yesinin sinema perdesinde nas\u0131l bir anlat\u0131mla izleyiciyle bulu\u015faca\u011f\u0131 \u015fimdiden heyecan konusu oldu.<\/p>\n<p><img loading=\"lazy\" decoding=\"async\" class=\"alignnone wp-image-135830 \" src=\"https:\/\/www.tgrthaber.com\/mavikadin\/wp-content\/uploads\/Ekran-Resmi-2025-02-19-20.29.33.png\" alt=\"\" width=\"990\" height=\"650\" title=\"\" srcset=\"https:\/\/www.tgrthaber.com\/mavikadin\/wp-content\/uploads\/Ekran-Resmi-2025-02-19-20.29.33.png 960w, https:\/\/www.tgrthaber.com\/mavikadin\/wp-content\/uploads\/Ekran-Resmi-2025-02-19-20.29.33-300x197.png 300w, https:\/\/www.tgrthaber.com\/mavikadin\/wp-content\/uploads\/Ekran-Resmi-2025-02-19-20.29.33-768x504.png 768w\" sizes=\"(max-width: 990px) 100vw, 990px\" \/><\/p>\n<hr \/>\n<h3>ZERR\u0130N \u00d6ZER K\u0130MD\u0130R?<\/h3>\n<p class=\"p1\">1970\u2019lerin pop\u00fcler sanat\u00e7\u0131lar\u0131ndan T\u00fclay \u00d6zer\u2019in k\u00fc\u00e7\u00fck karde\u015fi olan Zerrin \u00d6zer, 1957 y\u0131l\u0131nda Ankara\u2019da d\u00fcnyaya geldi. \u0130lk, orta ve lise e\u011fitimini do\u011fdu\u011fu \u015fehirde tamamlayan sanat\u00e7\u0131, \u00e7ocukluk y\u0131llar\u0131nda anne ve babas\u0131n\u0131n ayr\u0131l\u0131\u011f\u0131yla sars\u0131ld\u0131. Ancak bu d\u00f6nemde m\u00fczi\u011fe olan ilgisi daha da artt\u0131 ve Amerikal\u0131 sanat\u00e7\u0131 Janis Joplin\u2019e duydu\u011fu hayranl\u0131k, onun m\u00fczik anlay\u0131\u015f\u0131n\u0131 \u015fekillendirdi. \u0130lk sahne deneyimini 1969 y\u0131l\u0131nda, ilkokul mezuniyet t\u00f6reninde \u00c7ankaya\u2019da kom\u015fular\u0131 olan \u0130smet \u0130n\u00f6n\u00fc ve e\u015fi Mevhibe \u0130n\u00f6n\u00fc\u2019ye konser vererek ya\u015fad\u0131. \u0130smet \u0130n\u00f6n\u00fc\u2019n\u00fcn \u201cAferin k\u00fc\u00e7\u00fck k\u0131z, sende b\u00fcy\u00fck i\u015f var\u201d s\u00f6zleri, onun m\u00fczi\u011fe olan inanc\u0131n\u0131 daha da g\u00fc\u00e7lendirdi.<\/p>\n","protected":false},"excerpt":{"rendered":"<p>T\u00fcrk m\u00fczi\u011finin g\u00fc\u00e7l\u00fc sesi Zerrin \u00d6zer, hayat\u0131n\u0131n beyaz perdeye ta\u015f\u0131nmas\u0131 i\u00e7in iki yap\u0131mc\u0131dan teklif ald\u0131\u011f\u0131n\u0131 duyurdu. Sanat\u00e7\u0131, senaryoyu be\u011fenmesi halinde kendisini canland\u0131rmas\u0131n\u0131 istedi\u011fi oyuncunun Serenay Sar\u0131kaya oldu\u011funu a\u00e7\u0131klad\u0131.<\/p>\n","protected":false},"author":16,"featured_media":135835,"comment_status":"closed","ping_status":"closed","sticky":false,"template":"","format":"standard","meta":{"rank_math_lock_modified_date":false,"footnotes":""},"categories":[76],"tags":[],"class_list":["post-135823","post","type-post","status-publish","format-standard","has-post-thumbnail","hentry","category-magazin"],"_links":{"self":[{"href":"https:\/\/www.tgrthaber.com\/mavikadin\/wp-json\/wp\/v2\/posts\/135823"}],"collection":[{"href":"https:\/\/www.tgrthaber.com\/mavikadin\/wp-json\/wp\/v2\/posts"}],"about":[{"href":"https:\/\/www.tgrthaber.com\/mavikadin\/wp-json\/wp\/v2\/types\/post"}],"author":[{"embeddable":true,"href":"https:\/\/www.tgrthaber.com\/mavikadin\/wp-json\/wp\/v2\/users\/16"}],"replies":[{"embeddable":true,"href":"https:\/\/www.tgrthaber.com\/mavikadin\/wp-json\/wp\/v2\/comments?post=135823"}],"version-history":[{"count":2,"href":"https:\/\/www.tgrthaber.com\/mavikadin\/wp-json\/wp\/v2\/posts\/135823\/revisions"}],"predecessor-version":[{"id":135904,"href":"https:\/\/www.tgrthaber.com\/mavikadin\/wp-json\/wp\/v2\/posts\/135823\/revisions\/135904"}],"wp:featuredmedia":[{"embeddable":true,"href":"https:\/\/www.tgrthaber.com\/mavikadin\/wp-json\/wp\/v2\/media\/135835"}],"wp:attachment":[{"href":"https:\/\/www.tgrthaber.com\/mavikadin\/wp-json\/wp\/v2\/media?parent=135823"}],"wp:term":[{"taxonomy":"category","embeddable":true,"href":"https:\/\/www.tgrthaber.com\/mavikadin\/wp-json\/wp\/v2\/categories?post=135823"},{"taxonomy":"post_tag","embeddable":true,"href":"https:\/\/www.tgrthaber.com\/mavikadin\/wp-json\/wp\/v2\/tags?post=135823"}],"curies":[{"name":"wp","href":"https:\/\/api.w.org\/{rel}","templated":true}]}}