{"id":135869,"date":"2025-02-19T22:47:29","date_gmt":"2025-02-19T19:47:29","guid":{"rendered":"https:\/\/www.tgrthaber.com\/mavikadin\/?p=135869"},"modified":"2025-02-19T22:59:03","modified_gmt":"2025-02-19T19:59:03","slug":"merve-bolugur-murat-dalkilicla-barisma-haberlerine-noktayi-koydu","status":"publish","type":"post","link":"https:\/\/www.tgrthaber.com\/mavikadin\/merve-bolugur-murat-dalkilicla-barisma-haberlerine-noktayi-koydu\/","title":{"rendered":"Merve Bolu\u011fur Murat Dalk\u0131l\u0131\u00e7&#8217;la bar\u0131\u015fma haberlerine noktay\u0131 koydu!"},"content":{"rendered":"<p class=\"p1\">2015 y\u0131l\u0131nda evlenen ve 2017\u2019de yollar\u0131n\u0131 ay\u0131ran Merve Bolu\u011fur ve Murat Dalk\u0131l\u0131\u00e7 hakk\u0131nda \u00e7\u0131kan bar\u0131\u015fma iddialar\u0131 sosyal medyada g\u00fcndem oldu. Ancak Bolu\u011fur, X platformundan yapt\u0131\u011f\u0131 payla\u015f\u0131mla bu s\u00f6ylentilere son noktay\u0131 koydu.<\/p>\n<h3 class=\"p1\"><b>MERVE BOLU\u011eUR VE MURAT DALKILI\u00c7 BARI\u015eTI MI?<\/b><\/h3>\n<p class=\"p1\">Son g\u00fcnlerde sosyal medyada Merve Bolu\u011fur ve Murat Dalk\u0131l\u0131\u00e7\u2019\u0131n yeniden bir araya geldi\u011fi y\u00f6n\u00fcnde iddialar dola\u015fmaya ba\u015flad\u0131. \u0130kilinin bar\u0131\u015ft\u0131\u011f\u0131na dair s\u00f6ylentiler, hayranlar\u0131n\u0131 heyecanland\u0131rsa da, bu konuya ili\u015fkin herhangi bir resmi a\u00e7\u0131klama yap\u0131lmam\u0131\u015ft\u0131. Daha \u00f6nce de benzer haberler g\u00fcndeme gelmi\u015f, ancak her iki taraf da \u00e7\u0131kan iddialar\u0131 net bir \u015fekilde yalanlam\u0131\u015ft\u0131.<\/p>\n<p><img loading=\"lazy\" decoding=\"async\" class=\"alignnone wp-image-135872 \" src=\"https:\/\/www.tgrthaber.com\/mavikadin\/wp-content\/uploads\/Ekran-Resmi-2025-02-19-22.41.56.png\" alt=\"\" width=\"996\" height=\"555\" title=\"\" srcset=\"https:\/\/www.tgrthaber.com\/mavikadin\/wp-content\/uploads\/Ekran-Resmi-2025-02-19-22.41.56.png 946w, https:\/\/www.tgrthaber.com\/mavikadin\/wp-content\/uploads\/Ekran-Resmi-2025-02-19-22.41.56-300x167.png 300w, https:\/\/www.tgrthaber.com\/mavikadin\/wp-content\/uploads\/Ekran-Resmi-2025-02-19-22.41.56-768x429.png 768w\" sizes=\"(max-width: 996px) 100vw, 996px\" \/><\/p>\n<hr \/>\n<p class=\"p1\">\u00d6zellikle 2023 y\u0131l\u0131nda Murat Dalk\u0131l\u0131\u00e7\u2019\u0131n, Merve Bolu\u011fur\u2019un evinin soka\u011f\u0131nda g\u00f6r\u00fcnt\u00fclenmesi, \u201cyeniden bar\u0131\u015ft\u0131lar m\u0131?\u201d sorusunu ak\u0131llara getirmi\u015fti. Ancak Bolu\u011fur, \u201cBenim soka\u011f\u0131mda ba\u015fka bir kumral var\u201d diyerek iddialar\u0131 tiye alm\u0131\u015f ve bu s\u00f6ylentileri kesin bir dille yalanlam\u0131\u015ft\u0131.<\/p>\n<h3 class=\"p1\"><b>MERVE BOLU\u011eUR X PLATFORMUNDAN CEVAP VERD\u0130\u00a0<\/b><b><\/b><\/h3>\n<p class=\"p1\">Bu kez de sosyal medyada eski \u00e7iftin tekrar g\u00f6r\u00fc\u015ft\u00fc\u011f\u00fcne dair haberler yay\u0131l\u0131rken, Merve Bolu\u011fur, X hesab\u0131ndan yapt\u0131\u011f\u0131 bir payla\u015f\u0131m ile iddialara cevap verdi. \u00dcnl\u00fc oyuncu, \u201cExten next olmaz\u201d ifadelerini kullanarak, ge\u00e7mi\u015fe d\u00f6nmenin s\u00f6z konusu olmad\u0131\u011f\u0131n\u0131 net bir \u015fekilde belirtti. Bu payla\u015f\u0131m\u0131yla bar\u0131\u015fma iddialar\u0131n\u0131 kesin bir dille reddeden Bolu\u011fur, takip\u00e7ilerine eski ili\u015fkilerin tekrar ba\u015flamayaca\u011f\u0131n\u0131 d\u00fc\u015f\u00fcnd\u00fc\u011f\u00fcn\u00fc a\u00e7\u0131k bir \u015fekilde g\u00f6sterdi.<\/p>\n<p><img loading=\"lazy\" decoding=\"async\" class=\"alignnone wp-image-135873 \" src=\"https:\/\/www.tgrthaber.com\/mavikadin\/wp-content\/uploads\/Ekran-Resmi-2025-02-19-22.42.01.png\" alt=\"\" width=\"995\" height=\"554\" title=\"\" srcset=\"https:\/\/www.tgrthaber.com\/mavikadin\/wp-content\/uploads\/Ekran-Resmi-2025-02-19-22.42.01.png 954w, https:\/\/www.tgrthaber.com\/mavikadin\/wp-content\/uploads\/Ekran-Resmi-2025-02-19-22.42.01-300x167.png 300w, https:\/\/www.tgrthaber.com\/mavikadin\/wp-content\/uploads\/Ekran-Resmi-2025-02-19-22.42.01-768x428.png 768w\" sizes=\"(max-width: 995px) 100vw, 995px\" \/><\/p>\n<hr \/>\n<h3 class=\"p1\"><b>SOSYAL MEDYADA G\u00dcNDEM OLDU\u00a0<\/b><\/h3>\n<p class=\"p1\">Merve Bolu\u011fur\u2019un bu payla\u015f\u0131m\u0131, sosyal medyada b\u00fcy\u00fck yank\u0131 uyand\u0131rd\u0131. Hayranlar\u0131n\u0131n bir k\u0131sm\u0131 oyuncunun kesin duru\u015funu desteklerken, baz\u0131lar\u0131 da \u00e7iftin tekrar bir araya gelmesini istedi\u011fini dile getirdi. Ancak Bolu\u011fur\u2019un a\u00e7\u0131klamas\u0131yla birlikte bar\u0131\u015fma s\u00f6ylentilerinin as\u0131ls\u0131z oldu\u011fu kesinle\u015fmi\u015f oldu. Bolu\u011fur\u2019un net a\u00e7\u0131klamas\u0131yla birlikte, eski \u00e7iftin ili\u015fkisini yeniden ba\u015flatma ihtimali \u015fimdilik tamamen kapanm\u0131\u015f g\u00f6r\u00fcn\u00fcyor.<\/p>\n<p><img loading=\"lazy\" decoding=\"async\" class=\"alignnone wp-image-135890 size-full\" src=\"https:\/\/www.tgrthaber.com\/mavikadin\/wp-content\/uploads\/Ekran-Resmi-2025-02-19-22.57.37.png\" alt=\"\" width=\"1024\" height=\"592\" title=\"\" srcset=\"https:\/\/www.tgrthaber.com\/mavikadin\/wp-content\/uploads\/Ekran-Resmi-2025-02-19-22.57.37.png 1024w, https:\/\/www.tgrthaber.com\/mavikadin\/wp-content\/uploads\/Ekran-Resmi-2025-02-19-22.57.37-300x173.png 300w, https:\/\/www.tgrthaber.com\/mavikadin\/wp-content\/uploads\/Ekran-Resmi-2025-02-19-22.57.37-768x444.png 768w\" sizes=\"(max-width: 1024px) 100vw, 1024px\" \/><\/p>\n<hr \/>\n<h3 class=\"p1\">MERVE BOLU\u011eUR K\u0130MD\u0130R?<\/h3>\n<p class=\"p1\">T\u00fcrk televizyon ve sinema d\u00fcnyas\u0131nda dikkat \u00e7eken oyunculardan Merve Bolu\u011fur, \u00f6zellikle gen\u00e7 ya\u015fta ba\u015flad\u0131\u011f\u0131 kariyeriyle ad\u0131ndan s\u00f6z ettirdi. Ba\u015far\u0131l\u0131 projelerde yer alan oyuncu, \u00f6zel hayat\u0131yla da s\u0131k s\u0131k g\u00fcndeme gelmektedir. 16 Eyl\u00fcl 1987\u2019de \u0130stanbul\u2019da do\u011fan Merve Bolu\u011fur, oyunculu\u011fa olan ilgisini erken ya\u015flarda ke\u015ffetti. M\u00fcjdat Gezen Sanat Merkezi\u2019nde tiyatro e\u011fitimi alarak mesle\u011fine sa\u011flam bir temel olu\u015fturdu. 2006 y\u0131l\u0131nda yay\u0131nlanan \u201cAcemi Cad\u0131\u201d dizisinde oynad\u0131\u011f\u0131<span class=\"Apple-converted-space\">\u00a0 <\/span>Ay\u015feg\u00fcl karakteri ile geni\u015f bir hayran kitlesine ula\u015farak pop\u00fclerlik kazand\u0131.<\/p>\n","protected":false},"excerpt":{"rendered":"<p>2015 y\u0131l\u0131nda hayatlar\u0131n\u0131 birle\u015ftiren ancak 2017\u2019de yollar\u0131n\u0131 ay\u0131ran Merve Bolu\u011fur ve Murat Dalk\u0131l\u0131\u00e7 hakk\u0131nda yeniden bar\u0131\u015ft\u0131klar\u0131 y\u00f6n\u00fcndeki s\u00f6ylentiler sosyal medyada b\u00fcy\u00fck yank\u0131 uyand\u0131rd\u0131. Ancak Bolu\u011fur, X hesab\u0131ndan yapt\u0131\u011f\u0131 payla\u015f\u0131m ile \u00e7\u0131kan iddialara net bir cevap vererek s\u00f6ylentilere son noktay\u0131 koydu. <\/p>\n","protected":false},"author":16,"featured_media":135880,"comment_status":"closed","ping_status":"closed","sticky":false,"template":"","format":"standard","meta":{"rank_math_lock_modified_date":false,"footnotes":""},"categories":[76],"tags":[11390,11391,11392],"class_list":["post-135869","post","type-post","status-publish","format-standard","has-post-thumbnail","hentry","category-magazin","tag-merve-bolugur-murat-dalkilic","tag-merve-bolugur-murat-dalkilic-barisma","tag-merve-bolugur-murat-dalkilic-baristi-mi"],"_links":{"self":[{"href":"https:\/\/www.tgrthaber.com\/mavikadin\/wp-json\/wp\/v2\/posts\/135869"}],"collection":[{"href":"https:\/\/www.tgrthaber.com\/mavikadin\/wp-json\/wp\/v2\/posts"}],"about":[{"href":"https:\/\/www.tgrthaber.com\/mavikadin\/wp-json\/wp\/v2\/types\/post"}],"author":[{"embeddable":true,"href":"https:\/\/www.tgrthaber.com\/mavikadin\/wp-json\/wp\/v2\/users\/16"}],"replies":[{"embeddable":true,"href":"https:\/\/www.tgrthaber.com\/mavikadin\/wp-json\/wp\/v2\/comments?post=135869"}],"version-history":[{"count":4,"href":"https:\/\/www.tgrthaber.com\/mavikadin\/wp-json\/wp\/v2\/posts\/135869\/revisions"}],"predecessor-version":[{"id":135891,"href":"https:\/\/www.tgrthaber.com\/mavikadin\/wp-json\/wp\/v2\/posts\/135869\/revisions\/135891"}],"wp:featuredmedia":[{"embeddable":true,"href":"https:\/\/www.tgrthaber.com\/mavikadin\/wp-json\/wp\/v2\/media\/135880"}],"wp:attachment":[{"href":"https:\/\/www.tgrthaber.com\/mavikadin\/wp-json\/wp\/v2\/media?parent=135869"}],"wp:term":[{"taxonomy":"category","embeddable":true,"href":"https:\/\/www.tgrthaber.com\/mavikadin\/wp-json\/wp\/v2\/categories?post=135869"},{"taxonomy":"post_tag","embeddable":true,"href":"https:\/\/www.tgrthaber.com\/mavikadin\/wp-json\/wp\/v2\/tags?post=135869"}],"curies":[{"name":"wp","href":"https:\/\/api.w.org\/{rel}","templated":true}]}}