{"id":136003,"date":"2025-02-20T12:40:50","date_gmt":"2025-02-20T09:40:50","guid":{"rendered":"https:\/\/www.tgrthaber.com\/mavikadin\/?p=136003"},"modified":"2025-02-20T13:54:19","modified_gmt":"2025-02-20T10:54:19","slug":"yasemin-sefkatli-ve-ido-tatlisese-kar-engeli-istanbuldaki-trafik-unlu-cifte-vurdu","status":"publish","type":"post","link":"https:\/\/www.tgrthaber.com\/mavikadin\/yasemin-sefkatli-ve-ido-tatlisese-kar-engeli-istanbuldaki-trafik-unlu-cifte-vurdu\/","title":{"rendered":"Yasemin \u015eefkatli ve \u0130do Tatl\u0131ses\u2019e kar engeli! \u0130stanbul\u2019daki trafik \u00fcnl\u00fc \u00e7ifti de vurdu"},"content":{"rendered":"<p>Yasemin \u015eefkatli ve \u0130do Tatl\u0131ses yurtta etkili olan kar ya\u011f\u0131\u015f\u0131ndan dolay\u0131 hastaneye gidemedi. \u0130kizleri Ayel ile Emir\u2019i s\u0131k s\u0131k hastaneye g\u00f6t\u00fcren \u00e7ift ya\u015fad\u0131klar\u0131 durumu sosyal medya hesaplar\u0131ndan duyurdu.<\/p>\n<h3>YASEM\u0130N \u015eEFKATL\u0130 VE \u0130DO TATLISES\u2019E KAR ENGEL\u0130!<\/h3>\n<p>\u00dcnl\u00fc t\u00fcrk\u00fcc\u00fc \u0130brahim Tatl\u0131ses\u2019in Derya Tuna ile olan birlikteli\u011finden olan o\u011flu \u0130do Tatl\u0131ses Yasemin \u015eefkatli\u2019yle mutlu bir evlilik ya\u015f\u0131yor.<\/p>\n<p>Tatl\u0131ses \u00e7ifti ikizleri Emir ve Ayel\u2019i ge\u00e7ti\u011fimiz sene kucaklar\u0131na alm\u0131\u015ft\u0131. Bebeklerini sa\u011fl\u0131k kontrolleri i\u00e7in s\u0131k s\u0131k doktora g\u00f6t\u00fcren ikili bu defa kar engeline tak\u0131ld\u0131.<\/p>\n<p>\u0130kizlerden \u0130brahim Ayel do\u011fdu\u011funda kalp rahats\u0131zl\u0131\u011f\u0131 nedeniyle \u00f6nemli bir operasyon ge\u00e7irmi\u015fti. Minik Ayel, g\u00f6rd\u00fc\u011f\u00fc tedavi sonras\u0131 sa\u011fl\u0131\u011f\u0131na kavu\u015fmu\u015ftu.<\/p>\n<p><img loading=\"lazy\" decoding=\"async\" class=\"alignnone wp-image-136005\" src=\"https:\/\/www.tgrthaber.com\/mavikadin\/wp-content\/uploads\/yasemin-tatlises-4.jpg\" alt=\"\" width=\"1208\" height=\"680\" title=\"\" srcset=\"https:\/\/www.tgrthaber.com\/mavikadin\/wp-content\/uploads\/yasemin-tatlises-4.jpg 1920w, https:\/\/www.tgrthaber.com\/mavikadin\/wp-content\/uploads\/yasemin-tatlises-4-300x169.jpg 300w, https:\/\/www.tgrthaber.com\/mavikadin\/wp-content\/uploads\/yasemin-tatlises-4-1024x576.jpg 1024w, https:\/\/www.tgrthaber.com\/mavikadin\/wp-content\/uploads\/yasemin-tatlises-4-768x432.jpg 768w, https:\/\/www.tgrthaber.com\/mavikadin\/wp-content\/uploads\/yasemin-tatlises-4-1536x864.jpg 1536w\" sizes=\"(max-width: 1208px) 100vw, 1208px\" \/><\/p>\n<hr \/>\n<h3>CAMIN \u00d6N\u00dcNDE KAR KEYF\u0130 YAPTILAR<\/h3>\n<p>Yasemin \u015eefkatli ve \u0130do Tatl\u0131ses ikizleriyle cam\u0131n \u00f6n\u00fcnde poz vermeyi de ihmal etmedi. Fenomen \u00e7iftin karelerine takip\u00e7ilerinden yorum ve be\u011feni ya\u011fd\u0131.<\/p>\n<p><img loading=\"lazy\" decoding=\"async\" class=\"alignnone wp-image-136006\" src=\"https:\/\/www.tgrthaber.com\/mavikadin\/wp-content\/uploads\/yasemin.jpg\" alt=\"\" width=\"1208\" height=\"680\" title=\"\" srcset=\"https:\/\/www.tgrthaber.com\/mavikadin\/wp-content\/uploads\/yasemin.jpg 1920w, https:\/\/www.tgrthaber.com\/mavikadin\/wp-content\/uploads\/yasemin-300x169.jpg 300w, https:\/\/www.tgrthaber.com\/mavikadin\/wp-content\/uploads\/yasemin-1024x576.jpg 1024w, https:\/\/www.tgrthaber.com\/mavikadin\/wp-content\/uploads\/yasemin-768x432.jpg 768w, https:\/\/www.tgrthaber.com\/mavikadin\/wp-content\/uploads\/yasemin-1536x864.jpg 1536w\" sizes=\"(max-width: 1208px) 100vw, 1208px\" \/><\/p>\n<hr \/>\n<h3>YASEM\u0130N TATLISES \u0130LE \u0130DO TATLISES NE ZAMAN EVLEND\u0130?<\/h3>\n<p>\u015eark\u0131c\u0131 \u0130do Tatl\u0131ses ile Yasemin \u015eefkatli 2021 y\u0131l\u0131nda d\u00fcnyaevine girmi\u015fti. \u00c7iftin ikiz o\u011fullar\u0131 Sinan Emir ve \u0130brahim Ayel ge\u00e7ti\u011fimiz ay 1 ya\u015f\u0131na bast\u0131.<\/p>\n<p>\u00c7iftin o\u011fullar\u0131n\u0131n do\u011fum g\u00fcn\u00fcnden renkli kareler sosyal medyada g\u00fcndem olmu\u015ftu. Do\u011fum g\u00fcn\u00fcne Tatl\u0131ses ve \u015eefkatli ailesinin yan\u0131 s\u0131ra \u00fcnl\u00fc isimler de kat\u0131lm\u0131\u015ft\u0131.<\/p>\n<p>\u0130do Tatl\u0131ses ile Yasemin \u015eefkatli, 2024 y\u0131l\u0131n\u0131n Ocak ay\u0131nda ikiz o\u011fullar\u0131\u00a0Sinan Emir\u00a0ve\u00a0\u0130brahim Ayel&#8217;i kuca\u011f\u0131na alm\u0131\u015ft\u0131.<\/p>\n<p><img loading=\"lazy\" decoding=\"async\" class=\"alignnone wp-image-136007\" src=\"https:\/\/www.tgrthaber.com\/mavikadin\/wp-content\/uploads\/yasemin-tatlises-3.jpg\" alt=\"\" width=\"1208\" height=\"680\" title=\"\" srcset=\"https:\/\/www.tgrthaber.com\/mavikadin\/wp-content\/uploads\/yasemin-tatlises-3.jpg 1920w, https:\/\/www.tgrthaber.com\/mavikadin\/wp-content\/uploads\/yasemin-tatlises-3-300x169.jpg 300w, https:\/\/www.tgrthaber.com\/mavikadin\/wp-content\/uploads\/yasemin-tatlises-3-1024x576.jpg 1024w, https:\/\/www.tgrthaber.com\/mavikadin\/wp-content\/uploads\/yasemin-tatlises-3-768x432.jpg 768w, https:\/\/www.tgrthaber.com\/mavikadin\/wp-content\/uploads\/yasemin-tatlises-3-1536x864.jpg 1536w\" sizes=\"(max-width: 1208px) 100vw, 1208px\" \/><\/p>\n<hr \/>\n<h3>&#8220;1. YA\u015e PASTAMIZI KEST\u0130K&#8221;<\/h3>\n<p>Yasemin \u015eefkatli, o\u011fullar\u0131n\u0131n do\u011fum g\u00fcn\u00fc partisinden payla\u015ft\u0131\u011f\u0131 bir kareye &#8220;Bug\u00fcn aile ve yak\u0131n arkada\u015flar\u0131m\u0131zla 1. ya\u015f pastam\u0131z\u0131 kestik. Allah herkesin evlad\u0131na sa\u011fl\u0131k, mutluluk, uzun \u00f6m\u00fcr versin&#8221; \u00a0notunu d\u00fc\u015ft\u00fc.<\/p>\n<p><img loading=\"lazy\" decoding=\"async\" class=\"alignnone wp-image-136008\" src=\"https:\/\/www.tgrthaber.com\/mavikadin\/wp-content\/uploads\/yasemin-tatlises-5.jpg\" alt=\"\" width=\"1208\" height=\"680\" title=\"\" srcset=\"https:\/\/www.tgrthaber.com\/mavikadin\/wp-content\/uploads\/yasemin-tatlises-5.jpg 1920w, https:\/\/www.tgrthaber.com\/mavikadin\/wp-content\/uploads\/yasemin-tatlises-5-300x169.jpg 300w, https:\/\/www.tgrthaber.com\/mavikadin\/wp-content\/uploads\/yasemin-tatlises-5-1024x576.jpg 1024w, https:\/\/www.tgrthaber.com\/mavikadin\/wp-content\/uploads\/yasemin-tatlises-5-768x432.jpg 768w, https:\/\/www.tgrthaber.com\/mavikadin\/wp-content\/uploads\/yasemin-tatlises-5-1536x864.jpg 1536w\" sizes=\"(max-width: 1208px) 100vw, 1208px\" \/><\/p>\n<hr \/>\n<h3>\u201cCANPARELER\u0130M, EM\u0130R\u2019\u0130M, AYEL\u2019\u0130M\u201d<\/h3>\n<p>Derya Tuna da torunlar\u0131n\u0131n ya\u015f g\u00fcn\u00fcnden se\u00e7ti\u011fi bir kareyi &#8220;Canparelerim, Emir\u2019im, Ayel\u2019im&#8230; Siz benim hayat\u0131m\u0131n anlam\u0131, evimin ne\u015fesi oldunuz. Sizlerle ge\u00e7irdi\u011fim her g\u00fcn\u00fcm \u00e7ok k\u0131ymetli. Bana bu g\u00fczel duygular\u0131 ya\u015fatt\u0131\u011f\u0131n\u0131z i\u00e7in \u00f6nce yaradana sonra da baban\u0131za, annenize ve size minnettar\u0131m. Allah\u2019\u0131m sizi ve t\u00fcm \u00e7ocuklar\u0131 korusun, iyi yaz\u0131lar yazs\u0131n. Bu m\u00fcbarek g\u00fcnde \u015fans\u0131n\u0131z baht\u0131n\u0131z ve yolunuz a\u00e7\u0131k olsun&#8221; diye payla\u015ft\u0131.<\/p>\n","protected":false},"excerpt":{"rendered":"<p>Yasemin \u015eefkatli ve \u0130do Tatl\u0131ses \u00e7ifti kar engeline tak\u0131ld\u0131. Sevilen \u00e7ift bug\u00fcn etkisini g\u00f6steren kar ya\u011f\u0131\u015f\u0131 nedeniyle hastaneye gidemediklerini sosyal medya hesab\u0131ndan payla\u015ft\u0131.<\/p>\n","protected":false},"author":5,"featured_media":136004,"comment_status":"closed","ping_status":"closed","sticky":false,"template":"","format":"standard","meta":{"rank_math_lock_modified_date":false,"footnotes":""},"categories":[76],"tags":[2415,2414],"class_list":["post-136003","post","type-post","status-publish","format-standard","has-post-thumbnail","hentry","category-magazin","tag-ido-tatlises","tag-yasemin-sefkatli"],"_links":{"self":[{"href":"https:\/\/www.tgrthaber.com\/mavikadin\/wp-json\/wp\/v2\/posts\/136003"}],"collection":[{"href":"https:\/\/www.tgrthaber.com\/mavikadin\/wp-json\/wp\/v2\/posts"}],"about":[{"href":"https:\/\/www.tgrthaber.com\/mavikadin\/wp-json\/wp\/v2\/types\/post"}],"author":[{"embeddable":true,"href":"https:\/\/www.tgrthaber.com\/mavikadin\/wp-json\/wp\/v2\/users\/5"}],"replies":[{"embeddable":true,"href":"https:\/\/www.tgrthaber.com\/mavikadin\/wp-json\/wp\/v2\/comments?post=136003"}],"version-history":[{"count":3,"href":"https:\/\/www.tgrthaber.com\/mavikadin\/wp-json\/wp\/v2\/posts\/136003\/revisions"}],"predecessor-version":[{"id":136045,"href":"https:\/\/www.tgrthaber.com\/mavikadin\/wp-json\/wp\/v2\/posts\/136003\/revisions\/136045"}],"wp:featuredmedia":[{"embeddable":true,"href":"https:\/\/www.tgrthaber.com\/mavikadin\/wp-json\/wp\/v2\/media\/136004"}],"wp:attachment":[{"href":"https:\/\/www.tgrthaber.com\/mavikadin\/wp-json\/wp\/v2\/media?parent=136003"}],"wp:term":[{"taxonomy":"category","embeddable":true,"href":"https:\/\/www.tgrthaber.com\/mavikadin\/wp-json\/wp\/v2\/categories?post=136003"},{"taxonomy":"post_tag","embeddable":true,"href":"https:\/\/www.tgrthaber.com\/mavikadin\/wp-json\/wp\/v2\/tags?post=136003"}],"curies":[{"name":"wp","href":"https:\/\/api.w.org\/{rel}","templated":true}]}}