{"id":136086,"date":"2025-02-20T16:17:53","date_gmt":"2025-02-20T13:17:53","guid":{"rendered":"https:\/\/www.tgrthaber.com\/mavikadin\/?p=136086"},"modified":"2025-02-20T16:19:52","modified_gmt":"2025-02-20T13:19:52","slug":"unlulerin-kar-molasi-sibel-can-londrada","status":"publish","type":"post","link":"https:\/\/www.tgrthaber.com\/mavikadin\/unlulerin-kar-molasi-sibel-can-londrada\/","title":{"rendered":"\u00dcnl\u00fclerin kar molas\u0131! Sibel Can Londra&#8217;da"},"content":{"rendered":"<p>K\u0131\u015f aylar\u0131n\u0131n gelmesiyle hava \u015fartlar\u0131nda de\u011fi\u015fiklik olmas\u0131, ya\u015fam\u0131n her kesimini etkiliyor. Kar ya\u011f\u0131\u015flar\u0131 ve di\u011fer do\u011fa olaylar\u0131n\u0131n ya\u015fanmas\u0131 insanlar\u0131n evlerinde durmalar\u0131na neden oluyor. \u00dcnl\u00fc sanat\u00e7\u0131larda bu k\u0131\u015f sezonunda tatil yapma imk\u00e2n\u0131 buluyorlar. K\u0131\u015f aylar\u0131n\u0131n en g\u00fczel ge\u00e7ti\u011fi yerleri tercih eden \u00fcnl\u00fcler, sosyal medyalar\u0131nda o g\u00f6r\u00fcnt\u00fcleri payla\u015f\u0131yorlar.<\/p>\n<h3><strong>S\u0130BEL CAN LONDRA\u2019DA <\/strong><\/h3>\n<p>T\u00fcrk m\u00fczi\u011finin sevilen isimlerinden biri olan Sibel Can, o\u011fullar\u0131 Engincan ve Emir ile Londra\u2019da birlikte g\u00f6r\u00fcnt\u00fclendi. \u00dcnl\u00fc sark\u0131c\u0131n\u0131n, giyimi de g\u00f6zlerden ka\u00e7mad\u0131. Kahverengi, uzun bir k\u00fcrk giyen sanat\u00e7\u0131, o\u011fullar\u0131yla birlikte metroya binerken o\u011flunun onu \u00e7ekmesiyle sosyal medyaya g\u00f6r\u00fcnt\u00fcleri yans\u0131d\u0131. Yan\u0131nda e\u011fitimleri i\u00e7in y\u0131llard\u0131r \u0130ngiltere\u2019de ya\u015fayan b\u00fcy\u00fck o\u011flu Engincan Ural ve k\u00fc\u00e7\u00fck o\u011flu Emir Ural vard\u0131. Sibel Can\u2019\u0131 orada g\u00f6ren hayranlar\u0131 ise \u015fa\u015fk\u0131nl\u0131k ya\u015fad\u0131lar. Sibel Can\u2019\u0131n giyim tercihi ise kahverengi k\u00fcrkten yana oldu. K\u00fcrk\u00fc ile sokak tarz\u0131n\u0131 dikkatleri \u00fczerine toplad\u0131.<\/p>\n<p><img loading=\"lazy\" decoding=\"async\" class=\"wp-image-136094\" src=\"https:\/\/www.tgrthaber.com\/mavikadin\/wp-content\/uploads\/sibel-can-1-1-1024x576.jpg\" alt=\"sibel can-londra\" width=\"1208\" height=\"680\" title=\"\" srcset=\"https:\/\/www.tgrthaber.com\/mavikadin\/wp-content\/uploads\/sibel-can-1-1-1024x576.jpg 1024w, https:\/\/www.tgrthaber.com\/mavikadin\/wp-content\/uploads\/sibel-can-1-1-300x169.jpg 300w, https:\/\/www.tgrthaber.com\/mavikadin\/wp-content\/uploads\/sibel-can-1-1-768x432.jpg 768w, https:\/\/www.tgrthaber.com\/mavikadin\/wp-content\/uploads\/sibel-can-1-1-1536x864.jpg 1536w, https:\/\/www.tgrthaber.com\/mavikadin\/wp-content\/uploads\/sibel-can-1-1.jpg 1600w\" sizes=\"(max-width: 1208px) 100vw, 1208px\" \/><\/p>\n<hr \/>\n<p>Sibel Can\u2019\u0131n neden metro kulland\u0131\u011f\u0131 ise merak konusu oldu. Londra trafi\u011finin yo\u011funlu\u011fu nedeniyle metro ula\u015f\u0131m\u0131n\u0131 tercih etti\u011fi d\u00fc\u015f\u00fcn\u00fcl\u00fcyor. Normalde \u00f6zel ara\u00e7larla seyahat etmeyi seven sanat\u00e7\u0131, bu kez toplu ta\u015f\u0131may\u0131 kullanarak Londra\u2019n\u0131n yerel ya\u015fam\u0131na kar\u0131\u015ft\u0131. \u00dcnl\u00fc sanat\u00e7\u0131, s\u0131k s\u0131k Londra\u2019ya giderek o\u011fullar\u0131n\u0131 ziyaret ediyor. Engincan Ural, burada e\u011fitimini tamamlad\u0131ktan sonra kendi i\u015f hayat\u0131na at\u0131lm\u0131\u015ft\u0131. Emir Ural ise h\u00e2l\u00e2 e\u011fitimine devam ediyor. Sibel Can, \u00e7ocuklar\u0131yla vakit ge\u00e7irmek i\u00e7in Londra\u2019daki zaman\u0131n\u0131 en verimli \u015fekilde de\u011ferlendiriyor.<\/p>\n<p><img loading=\"lazy\" decoding=\"async\" class=\"alignnone wp-image-136095\" src=\"https:\/\/www.tgrthaber.com\/mavikadin\/wp-content\/uploads\/sibel-can-2-1024x576.jpg\" alt=\"sibel can-londra\" width=\"1208\" height=\"680\" title=\"\" srcset=\"https:\/\/www.tgrthaber.com\/mavikadin\/wp-content\/uploads\/sibel-can-2-1024x576.jpg 1024w, https:\/\/www.tgrthaber.com\/mavikadin\/wp-content\/uploads\/sibel-can-2-300x169.jpg 300w, https:\/\/www.tgrthaber.com\/mavikadin\/wp-content\/uploads\/sibel-can-2-768x432.jpg 768w, https:\/\/www.tgrthaber.com\/mavikadin\/wp-content\/uploads\/sibel-can-2-1536x864.jpg 1536w, https:\/\/www.tgrthaber.com\/mavikadin\/wp-content\/uploads\/sibel-can-2.jpg 1600w\" sizes=\"(max-width: 1208px) 100vw, 1208px\" \/><\/p>\n<hr \/>\n<h3><strong>S\u0130BEL CAN K\u0130MD\u0130R<\/strong><\/h3>\n<p>\u00dcnl\u00fc \u015fark\u0131c\u0131 Sibel Can, 1 A\u011fustos 1970 y\u0131llar\u0131nda Karam\u00fck semtinde d\u00fcnyaya geldi. K\u00fc\u00e7\u00fck ya\u015flarda m\u00fczi\u011fe oryantel dans\u00e7\u0131s\u0131 olarak ba\u015flam\u0131\u015f sonralar\u0131nda gazinolarda \u015fark\u0131 s\u00f6ylemi\u015ftir. Bir\u00e7ok \u00fcnl\u00fc isimle de \u00e7al\u0131\u015fan Sibel Can 1987\u2019de ilk alb\u00fcm\u00fcn\u00fc \u00e7\u0131karm\u0131\u015ft\u0131r. Hemen hemen her y\u0131l alb\u00fcmler \u00e7\u0131kartan \u015fark\u0131c\u0131, Serdar Orta\u00e7\u2019\u0131n \u2018Padi\u015fah\u2019 adl\u0131 \u015fark\u0131s\u0131yla b\u00fcy\u00fck bir \u00e7\u0131k\u0131\u015f ya\u015fam\u0131\u015ft\u0131r. Hakan Ural ile 1988 y\u0131l\u0131nda evlenmi\u015f ve \u00e7iftin iki \u00e7ocu\u011fu olmu\u015ftur. Daha sonralarda ayr\u0131l\u0131k ya\u015fayan \u00e7ift 1999 y\u0131l\u0131nda ayr\u0131lm\u0131\u015ft\u0131r. 2000\u2019lerin ba\u015f\u0131nda Sulhi Aks\u00fct ile evlenmesi \u00fczere \u00e7iftin bir \u00e7ocuklar\u0131 olmu\u015ftur. \u00c7ift 2010 y\u0131l\u0131nda bo\u015fanm\u0131\u015ft\u0131r.<\/p>\n","protected":false},"excerpt":{"rendered":"<p>K\u0131\u015f aylar\u0131n\u0131n gelmesiyle hava \u015fartlar\u0131nda de\u011fi\u015fiklik olmas\u0131 ya\u015fam\u0131n her kesimini etkiliyor. Kar ya\u011f\u0131\u015flar\u0131 ve di\u011fer do\u011fa olaylar\u0131n\u0131n ya\u015fanmas\u0131 insanlar\u0131n evlerinde durmalar\u0131na neden oluyor. \u00dcnl\u00fc sanat\u00e7\u0131larda bu k\u0131\u015f sezonunda tatil yapma imk\u00e2n\u0131 buluyorlar. K\u0131\u015f aylar\u0131n\u0131n en g\u00fczel ge\u00e7ti\u011fi yerleri tercih eden \u00fcnl\u00fcler, sosyal medyalar\u0131nda o g\u00f6r\u00fcnt\u00fcleri payla\u015f\u0131yorlar.<\/p>\n","protected":false},"author":34,"featured_media":136096,"comment_status":"closed","ping_status":"closed","sticky":false,"template":"","format":"standard","meta":{"rank_math_lock_modified_date":false,"footnotes":""},"categories":[76],"tags":[2810,11431,11430],"class_list":["post-136086","post","type-post","status-publish","format-standard","has-post-thumbnail","hentry","category-magazin","tag-sibel-can","tag-sibel-can-kar-molasi","tag-sibel-can-londra"],"_links":{"self":[{"href":"https:\/\/www.tgrthaber.com\/mavikadin\/wp-json\/wp\/v2\/posts\/136086"}],"collection":[{"href":"https:\/\/www.tgrthaber.com\/mavikadin\/wp-json\/wp\/v2\/posts"}],"about":[{"href":"https:\/\/www.tgrthaber.com\/mavikadin\/wp-json\/wp\/v2\/types\/post"}],"author":[{"embeddable":true,"href":"https:\/\/www.tgrthaber.com\/mavikadin\/wp-json\/wp\/v2\/users\/34"}],"replies":[{"embeddable":true,"href":"https:\/\/www.tgrthaber.com\/mavikadin\/wp-json\/wp\/v2\/comments?post=136086"}],"version-history":[{"count":4,"href":"https:\/\/www.tgrthaber.com\/mavikadin\/wp-json\/wp\/v2\/posts\/136086\/revisions"}],"predecessor-version":[{"id":136101,"href":"https:\/\/www.tgrthaber.com\/mavikadin\/wp-json\/wp\/v2\/posts\/136086\/revisions\/136101"}],"wp:featuredmedia":[{"embeddable":true,"href":"https:\/\/www.tgrthaber.com\/mavikadin\/wp-json\/wp\/v2\/media\/136096"}],"wp:attachment":[{"href":"https:\/\/www.tgrthaber.com\/mavikadin\/wp-json\/wp\/v2\/media?parent=136086"}],"wp:term":[{"taxonomy":"category","embeddable":true,"href":"https:\/\/www.tgrthaber.com\/mavikadin\/wp-json\/wp\/v2\/categories?post=136086"},{"taxonomy":"post_tag","embeddable":true,"href":"https:\/\/www.tgrthaber.com\/mavikadin\/wp-json\/wp\/v2\/tags?post=136086"}],"curies":[{"name":"wp","href":"https:\/\/api.w.org\/{rel}","templated":true}]}}