{"id":136102,"date":"2025-02-20T16:43:34","date_gmt":"2025-02-20T13:43:34","guid":{"rendered":"https:\/\/www.tgrthaber.com\/mavikadin\/?p=136102"},"modified":"2025-02-20T16:43:35","modified_gmt":"2025-02-20T13:43:35","slug":"kerimcan-durmaz-neden-tutuklanmisti-gozler-sosyal-medya-fenomeninde","status":"publish","type":"post","link":"https:\/\/www.tgrthaber.com\/mavikadin\/kerimcan-durmaz-neden-tutuklanmisti-gozler-sosyal-medya-fenomeninde\/","title":{"rendered":"Kerimcan Durmaz neden tutuklanm\u0131\u015ft\u0131?\u00a0 G\u00f6zler sosyal medya fenomeninde"},"content":{"rendered":"<p>Sosyal medya fenomeni Kerimcan Durmaz\u2019\u0131n tahliye edilip edilmeyece\u011fi merak konusu oldu. Durmaz, 8 Ocak 2025 tarihinde tutuklanm\u0131\u015ft\u0131.<\/p>\n<h3>KER\u0130MCAN DURMAZ NEDEN TUTUKLANMI\u015eTI?<\/h3>\n<p>Kerimcan Durmaz yasa d\u0131\u015f\u0131 bahis reklam\u0131 yapt\u0131\u011f\u0131 iddias\u0131 ile 8 Ocak 2025 tarihinde tutuklanm\u0131\u015ft\u0131. Kamuoyunda geni\u015f yank\u0131 uyand\u0131ran bu olaydan sonra Durmaz\u2019\u0131n tahliye edilip edilmeyece\u011fi ara\u015ft\u0131r\u0131l\u0131yor.<\/p>\n<p>Yasa d\u0131\u015f\u0131 bahise te\u015fvik soru\u015fturmas\u0131 kapsam\u0131nda tutuklu bulunan Kerimcan Durmaz bug\u00fcn ilk kez hakim kar\u015f\u0131s\u0131na \u00e7\u0131kt\u0131. Malta&#8217;da verdi\u011fi bir konser s\u0131ras\u0131nda Durmaz, sahne arkas\u0131ndaki LED ekranda yasa d\u0131\u015f\u0131 bahis sitesi reklam\u0131 g\u00f6sterildi\u011fi gerek\u00e7esiyle tutuklanm\u0131\u015ft\u0131.<\/p>\n<p><img loading=\"lazy\" decoding=\"async\" class=\"alignnone wp-image-136103\" src=\"https:\/\/www.tgrthaber.com\/mavikadin\/wp-content\/uploads\/kerimcan-1.webp\" alt=\"\" width=\"1208\" height=\"695\" title=\"\" srcset=\"https:\/\/www.tgrthaber.com\/mavikadin\/wp-content\/uploads\/kerimcan-1.webp 648w, https:\/\/www.tgrthaber.com\/mavikadin\/wp-content\/uploads\/kerimcan-1-300x173.webp 300w\" sizes=\"(max-width: 1208px) 100vw, 1208px\" \/><\/p>\n<hr \/>\n<h3>KER\u0130MCAN DURMAZ TAHL\u0130YE M\u0130 OLDU?<\/h3>\n<p>8 Ocak&#8217;ta \u00a0&#8216;Yasad\u0131\u015f\u0131 bahise te\u015fvik&#8217; soru\u015fturmas\u0131 kapsam\u0131nda tutuklanan sosyal medya fenomeni Kerimcan Durmaz hakk\u0131nda tahliye karar\u0131 verildi.<\/p>\n<h3>NELER OLMU\u015eTU?<\/h3>\n<p>\u0130stanbul Cumhuriyet Ba\u015fsavc\u0131l\u0131\u011f\u0131 taraf\u0131ndan sosyal medya fenomeni Kerimcan Durmaz hakk\u0131nda, yay\u0131nlad\u0131\u011f\u0131 videolar i\u00e7erisinde ve g\u00f6rseller \u00fczerinde reklam yerle\u015ftirme gibi eylemlerde bulundu\u011fu, di\u011fer yandan yo\u011fun \u015fekilde yasa d\u0131\u015f\u0131 bahsi \u00f6zendirici ve te\u015fvik edici faaliyet y\u00fcr\u00fctt\u00fc\u011f\u00fc iddias\u0131yla soru\u015fturma ba\u015flat\u0131lm\u0131\u015ft\u0131. Soru\u015fturma kapsam\u0131nda 7 Ocak tarihinde g\u00f6zalt\u0131na al\u0131nan Durmaz, ertesi g\u00fcn adliyeye sevk edilerek \u00e7\u0131kar\u0131ld\u0131\u011f\u0131 \u0130stanbul Sulh Ceza Hakimli\u011fi&#8217;nce tutuklanm\u0131\u015ft\u0131.<\/p>\n<p><img loading=\"lazy\" decoding=\"async\" class=\"alignnone wp-image-136104\" src=\"https:\/\/www.tgrthaber.com\/mavikadin\/wp-content\/uploads\/Kerimcan-2.webp\" alt=\"\" width=\"1208\" height=\"680\" title=\"\" srcset=\"https:\/\/www.tgrthaber.com\/mavikadin\/wp-content\/uploads\/Kerimcan-2.webp 1280w, https:\/\/www.tgrthaber.com\/mavikadin\/wp-content\/uploads\/Kerimcan-2-300x169.webp 300w, https:\/\/www.tgrthaber.com\/mavikadin\/wp-content\/uploads\/Kerimcan-2-1024x576.webp 1024w, https:\/\/www.tgrthaber.com\/mavikadin\/wp-content\/uploads\/Kerimcan-2-768x432.webp 768w\" sizes=\"(max-width: 1208px) 100vw, 1208px\" \/><\/p>\n<hr \/>\n<h3>KER\u0130MCAN DURMAZ K\u0130MD\u0130R?<\/h3>\n<p>Kerimcan Durmaz 2 Kas\u0131m 1994&#8217;te \u0130stanbul&#8217;un Yenik\u00f6y semtinde do\u011fdu. Babas\u0131 restoran i\u015fletmecisi olan Durmaz liseden sonra Bak\u00fc\u2019de maky\u00f6r olarak \u00e7al\u0131\u015ft\u0131.<\/p>\n<p>Periscope&#8217;a ve Snapchat&#8217;e y\u00fckledi\u011fi videolar ile 2015\u2019ten itibaren sosyal medyada yer ald\u0131.<\/p>\n<p>\u0130stanbul&#8217;a d\u00f6n\u00fcp DJ olarak \u00e7al\u0131\u015fmaya ba\u015flayan Durmaz, 2016-17 yay\u0131n d\u00f6neminde TV8&#8217;de ekrana gelen \u0130\u015fte Benim Stilim yar\u0131\u015fmas\u0131n\u0131n yedinci sezonunda j\u00fcri \u00fcyeli\u011fi yapmaya ba\u015flad\u0131.<\/p>\n<p><img loading=\"lazy\" decoding=\"async\" class=\"alignnone wp-image-136105\" src=\"https:\/\/www.tgrthaber.com\/mavikadin\/wp-content\/uploads\/Kerimcan-4.webp\" alt=\"\" width=\"1208\" height=\"632\" title=\"\" srcset=\"https:\/\/www.tgrthaber.com\/mavikadin\/wp-content\/uploads\/Kerimcan-4.webp 1280w, https:\/\/www.tgrthaber.com\/mavikadin\/wp-content\/uploads\/Kerimcan-4-300x157.webp 300w, https:\/\/www.tgrthaber.com\/mavikadin\/wp-content\/uploads\/Kerimcan-4-1024x536.webp 1024w, https:\/\/www.tgrthaber.com\/mavikadin\/wp-content\/uploads\/Kerimcan-4-768x402.webp 768w\" sizes=\"(max-width: 1208px) 100vw, 1208px\" \/><\/p>\n<hr \/>\n<p>COVID salg\u0131n\u0131 zaman\u0131nda Instagram \u00fczerinden 65 \u00fcst\u00fc ya\u015fl\u0131 vatanda\u015flar\u0131 hedef alan s\u00f6zleriyle ilgili \u0130stanbul Cumhuriyet Ba\u015fsavc\u0131l\u0131\u011f\u0131&#8217;nca haz\u0131rlanan iddianamede &#8216;halk\u0131 kin ve d\u00fc\u015fmanl\u0131\u011fa tahrik veya a\u015fa\u011f\u0131lama&#8217; su\u00e7undan 6 aydan 1 y\u0131la kadar hapsi talep edildi.<\/p>\n<p>Kendi ad\u0131n\u0131 ta\u015f\u0131yan bir kozmetik markas\u0131 \u00e7\u0131kard\u0131. \u015eu an YouTube \u00fczerinden videolu i\u00e7erikler \u00fcretmeye devam etmektedir.<\/p>\n","protected":false},"excerpt":{"rendered":"<p>\u2018Kerimcan Durmaz neden tutuklanm\u0131\u015ft\u0131?\u2019 merak edildi. 8 Ocak 2025 tarihinde tutuklanan sosyal medya fenomeni Durmaz\u2019\u0131n tahliye edilip edilmeyece\u011fi ara\u015ft\u0131r\u0131lmaya ba\u015fland\u0131.<\/p>\n","protected":false},"author":5,"featured_media":136106,"comment_status":"closed","ping_status":"closed","sticky":false,"template":"","format":"standard","meta":{"rank_math_lock_modified_date":false,"footnotes":""},"categories":[76],"tags":[6918],"class_list":["post-136102","post","type-post","status-publish","format-standard","has-post-thumbnail","hentry","category-magazin","tag-kerimcan-durmaz"],"_links":{"self":[{"href":"https:\/\/www.tgrthaber.com\/mavikadin\/wp-json\/wp\/v2\/posts\/136102"}],"collection":[{"href":"https:\/\/www.tgrthaber.com\/mavikadin\/wp-json\/wp\/v2\/posts"}],"about":[{"href":"https:\/\/www.tgrthaber.com\/mavikadin\/wp-json\/wp\/v2\/types\/post"}],"author":[{"embeddable":true,"href":"https:\/\/www.tgrthaber.com\/mavikadin\/wp-json\/wp\/v2\/users\/5"}],"replies":[{"embeddable":true,"href":"https:\/\/www.tgrthaber.com\/mavikadin\/wp-json\/wp\/v2\/comments?post=136102"}],"version-history":[{"count":1,"href":"https:\/\/www.tgrthaber.com\/mavikadin\/wp-json\/wp\/v2\/posts\/136102\/revisions"}],"predecessor-version":[{"id":136107,"href":"https:\/\/www.tgrthaber.com\/mavikadin\/wp-json\/wp\/v2\/posts\/136102\/revisions\/136107"}],"wp:featuredmedia":[{"embeddable":true,"href":"https:\/\/www.tgrthaber.com\/mavikadin\/wp-json\/wp\/v2\/media\/136106"}],"wp:attachment":[{"href":"https:\/\/www.tgrthaber.com\/mavikadin\/wp-json\/wp\/v2\/media?parent=136102"}],"wp:term":[{"taxonomy":"category","embeddable":true,"href":"https:\/\/www.tgrthaber.com\/mavikadin\/wp-json\/wp\/v2\/categories?post=136102"},{"taxonomy":"post_tag","embeddable":true,"href":"https:\/\/www.tgrthaber.com\/mavikadin\/wp-json\/wp\/v2\/tags?post=136102"}],"curies":[{"name":"wp","href":"https:\/\/api.w.org\/{rel}","templated":true}]}}