{"id":136115,"date":"2025-02-20T17:50:03","date_gmt":"2025-02-20T14:50:03","guid":{"rendered":"https:\/\/www.tgrthaber.com\/mavikadin\/?p=136115"},"modified":"2025-02-20T17:56:44","modified_gmt":"2025-02-20T14:56:44","slug":"izzet-yildizhan-yillara-meydan-okuyor-sosyal-medyada-zinde-kalmasinin-formulunu-paylasti","status":"publish","type":"post","link":"https:\/\/www.tgrthaber.com\/mavikadin\/izzet-yildizhan-yillara-meydan-okuyor-sosyal-medyada-zinde-kalmasinin-formulunu-paylasti\/","title":{"rendered":"\u0130zzet Y\u0131ld\u0131zhan y\u0131llara meydan okuyor! Sosyal medyada zinde kalmas\u0131n\u0131n form\u00fcl\u00fcn\u00fc payla\u015ft\u0131"},"content":{"rendered":"<p>\u00dcnl\u00fc t\u00fcrk\u00fcc\u00fc \u0130zzet Y\u0131ld\u0131zhan nas\u0131l zinde kald\u0131\u011f\u0131n\u0131 sosyal medya hesab\u0131ndan payla\u015ft\u0131. 61 ya\u015f\u0131ndaki \u00fcnl\u00fc isim formunu nas\u0131l korudu\u011funu g\u00f6sterdi.<\/p>\n<h3>\u0130ZZET YILDIZHAN YILLARA MEYDAN OKUYOR!<\/h3>\n<p>\u00dcnl\u00fc t\u00fcrk\u00fcc\u00fc \u0130zzet Y\u0131ld\u0131zhan 61 ya\u015f\u0131nda olmas\u0131na ra\u011fmen nas\u0131l formda kald\u0131\u011f\u0131n\u0131 g\u00f6zler \u00f6n\u00fcne serdi. Sosyal medya hesab\u0131ndan yapt\u0131\u011f\u0131 payla\u015f\u0131m\u0131yla dikkat \u00e7eken \u00fcnl\u00fc ismin 9 \u00e7ocu\u011fu bulunuyor.<\/p>\n<p>Sa\u011fl\u0131kl\u0131 ya\u015fam tarz\u0131yla be\u011feni toplayan \u0130zzet Y\u0131ld\u0131zhan ki\u015fisel hesab\u0131ndan s\u0131rr\u0131n\u0131 a\u00e7\u0131klad\u0131. Ba\u015far\u0131l\u0131 m\u00fczik kariyeri kadar \u00f6zel hayat\u0131yla da g\u00fcndem olan \u0130zzet Y\u0131ld\u0131zhan, Elon Musk&#8217;\u0131n 13. defa baba olmas\u0131ndan sonra 9 \u00e7ocuk babas\u0131 olarak g\u00fcndem olmu\u015ftu.<\/p>\n<p><img loading=\"lazy\" decoding=\"async\" class=\"alignnone wp-image-136119\" src=\"https:\/\/www.tgrthaber.com\/mavikadin\/wp-content\/uploads\/Izzet-Yildizhan-6.webp\" alt=\"\" width=\"1208\" height=\"680\" title=\"\" srcset=\"https:\/\/www.tgrthaber.com\/mavikadin\/wp-content\/uploads\/Izzet-Yildizhan-6.webp 752w, https:\/\/www.tgrthaber.com\/mavikadin\/wp-content\/uploads\/Izzet-Yildizhan-6-300x169.webp 300w\" sizes=\"(max-width: 1208px) 100vw, 1208px\" \/><\/p>\n<hr \/>\n<h3>\u201cBU ALANDA BEN\u0130 GE\u00c7T\u0130\u201d<\/h3>\n<p>\u0130zzet Y\u0131ld\u0131zhan Elon Musk i\u00e7in sosyal medya hesab\u0131ndan \u015funlar\u0131 payla\u015fm\u0131\u015ft\u0131:<\/p>\n<p>&#8220;Kendisini tebrik ediyorum. Bu alanda beni ge\u00e7ti. Demek ki o da benim gibi bol \u00e7ocuk seviyor. \u00c7ocuklar iyidir, b\u00fcy\u00fck aile olmak, onlar\u0131 b\u00fcy\u00fctmek, i\u015f sahibi yapmak, dertlerini ve mutluluklar\u0131n\u0131 payla\u015fmak d\u00fcnyan\u0131n en g\u00fczel \u015feyi.&#8221;<\/p>\n<p><img loading=\"lazy\" decoding=\"async\" class=\"alignnone wp-image-136126\" src=\"https:\/\/www.tgrthaber.com\/mavikadin\/wp-content\/uploads\/Izzet-Yildizhan-1_restored.jpeg\" alt=\"\" width=\"1208\" height=\"679\" title=\"\" srcset=\"https:\/\/www.tgrthaber.com\/mavikadin\/wp-content\/uploads\/Izzet-Yildizhan-1_restored.jpeg 2000w, https:\/\/www.tgrthaber.com\/mavikadin\/wp-content\/uploads\/Izzet-Yildizhan-1_restored-300x169.jpeg 300w, https:\/\/www.tgrthaber.com\/mavikadin\/wp-content\/uploads\/Izzet-Yildizhan-1_restored-1024x575.jpeg 1024w, https:\/\/www.tgrthaber.com\/mavikadin\/wp-content\/uploads\/Izzet-Yildizhan-1_restored-768x432.jpeg 768w, https:\/\/www.tgrthaber.com\/mavikadin\/wp-content\/uploads\/Izzet-Yildizhan-1_restored-1536x863.jpeg 1536w\" sizes=\"(max-width: 1208px) 100vw, 1208px\" \/><\/p>\n<hr \/>\n<h3>\u00c7OCUKLARIYLA VE F\u0130T HAL\u0130YLE D\u0130KKAT \u00c7EKT\u0130<\/h3>\n<p>Zaman zaman \u00e7ocuklar\u0131yla payla\u015f\u0131m yapan \u00fcnl\u00fc sanat\u00e7\u0131, hayranlar\u0131n\u0131n da yak\u0131n markaj\u0131nda. Bu sefer fit haliyle g\u00fcndem olan Y\u0131ld\u0131zhan\u2019\u0131n menajerinin kendisini spor yaparken payla\u015ft\u0131\u011f\u0131 anlarla k\u0131sa s\u00fcrede dikkat \u00e7ekti.<\/p>\n<p>Spor salonundan \u00e7\u0131kmad\u0131\u011f\u0131 konu\u015fulan \u0130zzet Y\u0131ld\u0131zhan&#8217;\u0131n sabah erken saatlerde spora gitti\u011fi ve a\u011f\u0131rl\u0131k \u00e7al\u0131\u015ft\u0131\u011f\u0131 \u00f6\u011frenildi.<\/p>\n<p><img loading=\"lazy\" decoding=\"async\" class=\"alignnone wp-image-136125\" src=\"https:\/\/www.tgrthaber.com\/mavikadin\/wp-content\/uploads\/Izzet-Yildizhan-2_restored.jpeg\" alt=\"\" width=\"1208\" height=\"679\" title=\"\" srcset=\"https:\/\/www.tgrthaber.com\/mavikadin\/wp-content\/uploads\/Izzet-Yildizhan-2_restored.jpeg 2000w, https:\/\/www.tgrthaber.com\/mavikadin\/wp-content\/uploads\/Izzet-Yildizhan-2_restored-300x169.jpeg 300w, https:\/\/www.tgrthaber.com\/mavikadin\/wp-content\/uploads\/Izzet-Yildizhan-2_restored-1024x575.jpeg 1024w, https:\/\/www.tgrthaber.com\/mavikadin\/wp-content\/uploads\/Izzet-Yildizhan-2_restored-768x432.jpeg 768w, https:\/\/www.tgrthaber.com\/mavikadin\/wp-content\/uploads\/Izzet-Yildizhan-2_restored-1536x863.jpeg 1536w\" sizes=\"(max-width: 1208px) 100vw, 1208px\" \/><\/p>\n<hr \/>\n<h3>\u0130ZZET YILDIZHAN&#8217;IN KA\u00c7 E\u015e\u0130 VAR?<\/h3>\n<p>\u00dcnl\u00fc t\u00fcrk\u00fcc\u00fc \u0130zzet Y\u0131ld\u0131zhan hayat\u0131ndaki 3 kad\u0131nla ilgili verdi\u011fi r\u00f6portajda \u015fu s\u00f6zleri ifade etmi\u015fti:<\/p>\n<p>&#8220;Benim \u00fc\u00e7 ayr\u0131 kad\u0131ndan yapt\u0131\u011f\u0131m \u00e7ocuklar konu\u015fuluyor. Benim gibi 50 tane var bu camian\u0131n i\u00e7inde. Sadece benim hayat\u0131m de\u011fil yani. Kimisi s\u00f6ylemiyor, kimisi benim gibi sivri de\u011fil.\u201d<\/p>\n<p><img loading=\"lazy\" decoding=\"async\" class=\"alignnone wp-image-136136\" src=\"https:\/\/www.tgrthaber.com\/mavikadin\/wp-content\/uploads\/izzet-yildizhan-in-23-yillik-esi-ilk-kez-ortaya-17251428_2321_o_restored.webp\" alt=\"\" width=\"1208\" height=\"681\" title=\"\" srcset=\"https:\/\/www.tgrthaber.com\/mavikadin\/wp-content\/uploads\/izzet-yildizhan-in-23-yillik-esi-ilk-kez-ortaya-17251428_2321_o_restored.webp 1280w, https:\/\/www.tgrthaber.com\/mavikadin\/wp-content\/uploads\/izzet-yildizhan-in-23-yillik-esi-ilk-kez-ortaya-17251428_2321_o_restored-300x169.webp 300w, https:\/\/www.tgrthaber.com\/mavikadin\/wp-content\/uploads\/izzet-yildizhan-in-23-yillik-esi-ilk-kez-ortaya-17251428_2321_o_restored-1024x578.webp 1024w, https:\/\/www.tgrthaber.com\/mavikadin\/wp-content\/uploads\/izzet-yildizhan-in-23-yillik-esi-ilk-kez-ortaya-17251428_2321_o_restored-768x433.webp 768w\" sizes=\"(max-width: 1208px) 100vw, 1208px\" \/><\/p>\n<hr \/>\n<h3>\u0130ZZET YILDIZHAN K\u0130MD\u0130R, NE ZAMAN SAHNEYE \u00c7IKTI?<\/h3>\n<p>Diyarbak\u0131r-\u00c7ermik il\u00e7esine ba\u011fl\u0131 bir Zaza k\u00f6y\u00fc olan Sinek\u2019te 1 Nisan 1963 tarihinde d\u00fcnyaya gelen \u0130zzet Y\u0131ld\u0131zhan 15 \u00e7ocuklu bir ailenin en k\u00fc\u00e7\u00fckleridir.<\/p>\n<p>\u0130zzet Y\u0131ld\u0131zhan kan davas\u0131 nedeniyle ayr\u0131ld\u0131\u011f\u0131 \u00c7ermik\u2019ten 10 ya\u015f\u0131nda 5 abisiyle gitti\u011fi Adana\u2018da pamuk i\u015f\u00e7ili\u011fi yapmak zorunda kald\u0131.<\/p>\n<p>Hen\u00fcz 13 ya\u015f\u0131ndayken \u00e7al\u0131\u015fma hayat\u0131na at\u0131lan Y\u0131ld\u0131zhan, kebap ustas\u0131 oldu.<\/p>\n<p>1980 y\u0131l\u0131nda Ankara\u2018da TRT sanat\u00e7\u0131lar\u0131ndan Fevzi Atl\u0131o\u011flu ile tan\u0131\u015farak m\u00fczik dersleri almaya ba\u015flad\u0131.<\/p>\n<p>Bir s\u00fcre sonra 1981\u2019de Ankara K\u0131nal\u0131 Pavyon\u2019da sahne almaya ba\u015flad\u0131. Kebap\u00e7\u0131l\u0131\u011f\u0131 o d\u00f6nem b\u0131rakan Y\u0131ld\u0131zhan, sadece m\u00fczik ile devam etti.<\/p>\n<p>Ankara\u2019n\u0131n b\u00fct\u00fcn mekanlar\u0131nda sahne alan Y\u0131ld\u0131zhan Ankara Alt\u0131ndal Aile Gazinosu\u2019nda sahne alarak tan\u0131n\u0131rl\u0131\u011f\u0131n\u0131 art\u0131rd\u0131.<\/p>\n<p><img loading=\"lazy\" decoding=\"async\" class=\"alignnone wp-image-136133\" src=\"https:\/\/www.tgrthaber.com\/mavikadin\/wp-content\/uploads\/Izzet-Yildizhan-3_restored-1.jpeg\" alt=\"\" width=\"1208\" height=\"679\" title=\"\" srcset=\"https:\/\/www.tgrthaber.com\/mavikadin\/wp-content\/uploads\/Izzet-Yildizhan-3_restored-1.jpeg 2000w, https:\/\/www.tgrthaber.com\/mavikadin\/wp-content\/uploads\/Izzet-Yildizhan-3_restored-1-300x169.jpeg 300w, https:\/\/www.tgrthaber.com\/mavikadin\/wp-content\/uploads\/Izzet-Yildizhan-3_restored-1-1024x575.jpeg 1024w, https:\/\/www.tgrthaber.com\/mavikadin\/wp-content\/uploads\/Izzet-Yildizhan-3_restored-1-768x432.jpeg 768w, https:\/\/www.tgrthaber.com\/mavikadin\/wp-content\/uploads\/Izzet-Yildizhan-3_restored-1-1536x863.jpeg 1536w\" sizes=\"(max-width: 1208px) 100vw, 1208px\" \/><\/p>\n<hr \/>\n<p><strong>Alb\u00fcmleri :<\/strong><\/p>\n<p>1994 \u2013 \u0130simsiz asker \u2013 sen yoksun<\/p>\n<p>1997 \u2013 Nerelerdesin \u2013 Sevmi\u015fim Seni<\/p>\n<p>1999 \u2013 Birisi<\/p>\n<p>2000 \u2013 K\u0131yamam<\/p>\n<p>2001 \u2013 A\u011flatt\u0131n Anam\u0131<\/p>\n<p>2002 \u2013 Ben Demi\u015ftim<\/p>\n<p>2005 \u2013 Can\u0131m\u0131n \u0130\u00e7i<\/p>\n<p>2007 \u2013 Tokat<\/p>\n<p>2009 \u2013 Sen Deli Misin<\/p>\n<p>2013 \u2013 Sevgilim<\/p>\n<p><strong>Filmleri :<\/strong><\/p>\n<p>1998 \u2013 Birisi (TV Dizisi)<\/p>\n","protected":false},"excerpt":{"rendered":"<p>\u0130zzet Y\u0131ld\u0131zhan fit kalma s\u0131rr\u0131n\u0131 sosyal medya hesab\u0131ndan payla\u015ft\u0131. 61 ya\u015f\u0131nda olmas\u0131na ra\u011fmen din\u00e7 ve enerjik haliyle dikkat \u00e7eken Y\u0131ld\u0131zhan, son payla\u015f\u0131m\u0131nda zinde kalmas\u0131n\u0131n s\u0131rr\u0131n\u0131 g\u00f6zler \u00f6n\u00fcne serdi.<\/p>\n","protected":false},"author":5,"featured_media":136127,"comment_status":"closed","ping_status":"closed","sticky":false,"template":"","format":"standard","meta":{"rank_math_lock_modified_date":false,"footnotes":""},"categories":[76],"tags":[3157],"class_list":["post-136115","post","type-post","status-publish","format-standard","has-post-thumbnail","hentry","category-magazin","tag-izzet-yildizhan"],"_links":{"self":[{"href":"https:\/\/www.tgrthaber.com\/mavikadin\/wp-json\/wp\/v2\/posts\/136115"}],"collection":[{"href":"https:\/\/www.tgrthaber.com\/mavikadin\/wp-json\/wp\/v2\/posts"}],"about":[{"href":"https:\/\/www.tgrthaber.com\/mavikadin\/wp-json\/wp\/v2\/types\/post"}],"author":[{"embeddable":true,"href":"https:\/\/www.tgrthaber.com\/mavikadin\/wp-json\/wp\/v2\/users\/5"}],"replies":[{"embeddable":true,"href":"https:\/\/www.tgrthaber.com\/mavikadin\/wp-json\/wp\/v2\/comments?post=136115"}],"version-history":[{"count":5,"href":"https:\/\/www.tgrthaber.com\/mavikadin\/wp-json\/wp\/v2\/posts\/136115\/revisions"}],"predecessor-version":[{"id":136137,"href":"https:\/\/www.tgrthaber.com\/mavikadin\/wp-json\/wp\/v2\/posts\/136115\/revisions\/136137"}],"wp:featuredmedia":[{"embeddable":true,"href":"https:\/\/www.tgrthaber.com\/mavikadin\/wp-json\/wp\/v2\/media\/136127"}],"wp:attachment":[{"href":"https:\/\/www.tgrthaber.com\/mavikadin\/wp-json\/wp\/v2\/media?parent=136115"}],"wp:term":[{"taxonomy":"category","embeddable":true,"href":"https:\/\/www.tgrthaber.com\/mavikadin\/wp-json\/wp\/v2\/categories?post=136115"},{"taxonomy":"post_tag","embeddable":true,"href":"https:\/\/www.tgrthaber.com\/mavikadin\/wp-json\/wp\/v2\/tags?post=136115"}],"curies":[{"name":"wp","href":"https:\/\/api.w.org\/{rel}","templated":true}]}}