{"id":136130,"date":"2025-02-20T18:07:38","date_gmt":"2025-02-20T15:07:38","guid":{"rendered":"https:\/\/www.tgrthaber.com\/mavikadin\/?p=136130"},"modified":"2025-05-28T09:48:28","modified_gmt":"2025-05-28T06:48:28","slug":"harry-potter-dizisi-ne-zaman-harry-potter-dizisi-kadrosu-ne","status":"publish","type":"post","link":"https:\/\/www.tgrthaber.com\/mavikadin\/harry-potter-dizisi-ne-zaman-harry-potter-dizisi-kadrosu-ne\/","title":{"rendered":"Harry Potter dizisi ne zaman? Harry Potter dizisi kadrosu ne?"},"content":{"rendered":"<p>Fantastik edebiyat d\u00fcnyas\u0131n\u0131n en sevilen serilerinden Harry Potter, yeni bir dizi uyarlamas\u0131yla ekranlara geri d\u00f6nmeye haz\u0131rlan\u0131yor. Warner Bros. Discovery taraf\u0131ndan duyurulan bu proje, J.K. Rowling\u2019in kaleme ald\u0131\u011f\u0131 efsanevi kitaplar\u0131 asl\u0131na sad\u0131k bir \u015fekilde televizyona uyarlayacak. Peki, bu merakla beklenen dizi ne zaman yay\u0131nlanacak? Oyuncu kadrosunda kimler olacak? Dizinin konusu ne olacak? Merak edilenler haberimizde\u2026<\/p>\n<h3>HARRY POTTER D\u0130Z\u0130S\u0130 NE ZAMAN?<\/h3>\n<p>D\u00fcnyan\u0131n d\u00f6rt bir yan\u0131nda milyonlarca hayran\u0131 bulunan Harry Potter serisi, bu kez dizi format\u0131nda ekranlara d\u00f6n\u00fcyor. HBO taraf\u0131ndan yap\u0131m\u0131na ba\u015flanan proje, J.K. Rowling\u2019in kaleme ald\u0131\u011f\u0131 yedi kitapl\u0131k efsaneyi her sezon bir kitab\u0131 i\u015fleyecek \u015fekilde hayata ge\u00e7irecek. Dizi, sadece nostalji de\u011fil; ayn\u0131 zamanda yepyeni bir anlat\u0131m dili ve oyuncu kadrosuyla da dikkat \u00e7ekiyor.<\/p>\n<p>HBO\u2019nun Warner Bros. ile ortak y\u00fcr\u00fctt\u00fc\u011f\u00fc projede, ilk sezonun 2026 y\u0131l\u0131nda yay\u0131nlanmas\u0131 planlan\u0131yor. \u00c7ekimler, 2025 yaz\u0131nda \u0130ngiltere\u2019nin \u00fcnl\u00fc Leavesden St\u00fcdyolar\u0131\u2019nda ba\u015flayacak. Ayn\u0131 st\u00fcdyolar, ge\u00e7mi\u015fte de Harry Potter filmlerine ev sahipli\u011fi yapm\u0131\u015ft\u0131. Bu ba\u011flamda hem teknik hem de atmosferik anlamda hayranlar\u0131 tatmin edecek bir prod\u00fcksiyon s\u00fcreci bekleniyor.<\/p>\n<p><img loading=\"lazy\" decoding=\"async\" class=\"wp-image-136138\" src=\"https:\/\/www.tgrthaber.com\/mavikadin\/wp-content\/uploads\/harry-Potter-4-1024x576.jpg\" alt=\"harry Potter \" width=\"1208\" height=\"680\" title=\"\" srcset=\"https:\/\/www.tgrthaber.com\/mavikadin\/wp-content\/uploads\/harry-Potter-4-1024x576.jpg 1024w, https:\/\/www.tgrthaber.com\/mavikadin\/wp-content\/uploads\/harry-Potter-4-300x169.jpg 300w, https:\/\/www.tgrthaber.com\/mavikadin\/wp-content\/uploads\/harry-Potter-4-768x432.jpg 768w, https:\/\/www.tgrthaber.com\/mavikadin\/wp-content\/uploads\/harry-Potter-4-1536x864.jpg 1536w, https:\/\/www.tgrthaber.com\/mavikadin\/wp-content\/uploads\/harry-Potter-4.jpg 1600w\" sizes=\"(max-width: 1208px) 100vw, 1208px\" \/><\/p>\n<hr \/>\n<h3><strong>HARRY POTTER KADROSUNDA K\u0130MLER VAR?<\/strong><\/h3>\n<p>Yap\u0131m ekibi, ana karakterler i\u00e7in b\u00fcy\u00fck bir oyuncu se\u00e7me s\u00fcreci ba\u015flatm\u0131\u015f durumda gibi g\u00f6z\u00fck\u00fcyor. Serinin sinema versiyonunda Daniel Radcliffe, Emma Watson ve Rupert Grint\u2019in oybad\u0131\u011f\u0131 ikonik \u00fc\u00e7l\u00fc, art\u0131k gen\u00e7 oyunculara emanet. Dizi versiyonunda Harry Potter\u2019\u0131 Dominic McLaughlin, Hermione Granger\u2019\u0131 Arabella Stanton ve Ron Weasley\u2019i ise Alastair Stout oynayacak. Bu gen\u00e7 yetenekler, d\u00fcnya \u00e7ap\u0131nda yap\u0131lan titiz bir se\u00e7me s\u00fcreci sonunda rollerine kavu\u015ftu.<\/p>\n<p><img loading=\"lazy\" decoding=\"async\" class=\"alignnone wp-image-183689\" src=\"https:\/\/www.tgrthaber.com\/mavikadin\/wp-content\/uploads\/haber-gorselleri-fotoshop-62-7-1024x576.jpg\" alt=\"\" width=\"1208\" height=\"680\" title=\"\" srcset=\"https:\/\/www.tgrthaber.com\/mavikadin\/wp-content\/uploads\/haber-gorselleri-fotoshop-62-7-1024x576.jpg 1024w, https:\/\/www.tgrthaber.com\/mavikadin\/wp-content\/uploads\/haber-gorselleri-fotoshop-62-7-300x169.jpg 300w, https:\/\/www.tgrthaber.com\/mavikadin\/wp-content\/uploads\/haber-gorselleri-fotoshop-62-7-768x432.jpg 768w, https:\/\/www.tgrthaber.com\/mavikadin\/wp-content\/uploads\/haber-gorselleri-fotoshop-62-7-1536x864.jpg 1536w, https:\/\/www.tgrthaber.com\/mavikadin\/wp-content\/uploads\/haber-gorselleri-fotoshop-62-7.jpg 1600w\" sizes=\"(max-width: 1208px) 100vw, 1208px\" \/><\/p>\n<hr \/>\n<h3><strong>K\u0130TAPLARA UYGUN B\u0130R UYARLAMA!<\/strong><\/h3>\n<p>Harry Potter dizisi, filmlerden farkl\u0131 olarak kitaplarda yer alan bir\u00e7ok \u00f6nemli detaya daha fazla odaklanaca\u011f\u0131 s\u00f6yleniyor. \u00a0Serinin hayranlar\u0131, \u00f6zellikle filmlerde yer almayan sahnelerin ve karakter geli\u015fimlerinin dizide i\u015flenmesini b\u00fcy\u00fck bir heyecanla bekliyor. Ayr\u0131ca, Hogwarts\u2019\u0131n b\u00fcy\u00fcl\u00fc d\u00fcnyas\u0131, televizyon format\u0131na uygun olarak daha ayr\u0131nt\u0131l\u0131 bir \u015fekilde verilecek.<\/p>\n<p><img loading=\"lazy\" decoding=\"async\" class=\"alignnone wp-image-136141\" src=\"https:\/\/www.tgrthaber.com\/mavikadin\/wp-content\/uploads\/harry-Potter-3-1024x576.jpg\" alt=\"harry Potter \" width=\"1208\" height=\"680\" title=\"\" srcset=\"https:\/\/www.tgrthaber.com\/mavikadin\/wp-content\/uploads\/harry-Potter-3-1024x576.jpg 1024w, https:\/\/www.tgrthaber.com\/mavikadin\/wp-content\/uploads\/harry-Potter-3-300x169.jpg 300w, https:\/\/www.tgrthaber.com\/mavikadin\/wp-content\/uploads\/harry-Potter-3-768x432.jpg 768w, https:\/\/www.tgrthaber.com\/mavikadin\/wp-content\/uploads\/harry-Potter-3-1536x864.jpg 1536w, https:\/\/www.tgrthaber.com\/mavikadin\/wp-content\/uploads\/harry-Potter-3.jpg 1600w\" sizes=\"(max-width: 1208px) 100vw, 1208px\" \/><\/p>\n<hr \/>\n<h3><strong>D\u0130Z\u0130N\u0130N HARRY POTTER F\u0130LMLER\u0130NE KATKISI NE OLACAK?<\/strong><\/h3>\n<p>Filmler, 2001-2011 y\u0131llar\u0131 aras\u0131nda b\u00fcy\u00fck bir ba\u015far\u0131 yakalam\u0131\u015ft\u0131 fakat kitaplara sad\u0131k kal\u0131nmad\u0131\u011f\u0131 i\u00e7in baz\u0131 hayranlar taraf\u0131ndan ele\u015ftirilmi\u015fti. Yeni dizi ise, bu eksiklikleri telafi edecek bir anlat\u0131m sunmay\u0131 ama\u00e7l\u0131yor.<\/p>\n<p>Yeni dizi, orijinal hik\u00e2yeye sad\u0131k kal\u0131rken karakter geli\u015fimlerine ve b\u00fcy\u00fcc\u00fc d\u00fcnyas\u0131n\u0131n detaylar\u0131na daha derinlemesine yer verecek. 10 y\u0131l s\u00fcrecek bir planlama dahilinde, her sezon bir kitab\u0131n tam anlat\u0131m\u0131 hedefleniyor. Bu da hayranlara \u00e7ok daha ayr\u0131nt\u0131l\u0131 ve doygun bir Harry Potter deneyimi sunacak.<\/p>\n","protected":false},"excerpt":{"rendered":"<p>HBO, Harry Potter d\u00fcnyas\u0131n\u0131 dizi format\u0131nda yeniden ekranlara ta\u015f\u0131yor. 2026&#8217;da yay\u0131nlanacak dizi, her sezon bir kitab\u0131 i\u015fleyerek seriyi ba\u015ftan sona anlatacak. Yeni oyuncu kadrosu ve g\u00fc\u00e7l\u00fc yap\u0131m ekibiyle Harry Potter r\u00fcyas\u0131 yeniden ba\u015fl\u0131yor. Peki, bu merakla beklenen dizi ne zaman yay\u0131nlanacak? Oyuncu kadrosunda kimler olacak? Merak edilenler haberimizde\u2026<\/p>\n","protected":false},"author":34,"featured_media":136139,"comment_status":"closed","ping_status":"closed","sticky":false,"template":"","format":"standard","meta":{"rank_math_lock_modified_date":false,"footnotes":""},"categories":[602],"tags":[3592,11434,11435],"class_list":["post-136130","post","type-post","status-publish","format-standard","has-post-thumbnail","hentry","category-diziler","tag-harry-potter","tag-harry-potter-dizi","tag-harry-potter-dizisi-ne-zaman"],"_links":{"self":[{"href":"https:\/\/www.tgrthaber.com\/mavikadin\/wp-json\/wp\/v2\/posts\/136130"}],"collection":[{"href":"https:\/\/www.tgrthaber.com\/mavikadin\/wp-json\/wp\/v2\/posts"}],"about":[{"href":"https:\/\/www.tgrthaber.com\/mavikadin\/wp-json\/wp\/v2\/types\/post"}],"author":[{"embeddable":true,"href":"https:\/\/www.tgrthaber.com\/mavikadin\/wp-json\/wp\/v2\/users\/34"}],"replies":[{"embeddable":true,"href":"https:\/\/www.tgrthaber.com\/mavikadin\/wp-json\/wp\/v2\/comments?post=136130"}],"version-history":[{"count":3,"href":"https:\/\/www.tgrthaber.com\/mavikadin\/wp-json\/wp\/v2\/posts\/136130\/revisions"}],"predecessor-version":[{"id":183690,"href":"https:\/\/www.tgrthaber.com\/mavikadin\/wp-json\/wp\/v2\/posts\/136130\/revisions\/183690"}],"wp:featuredmedia":[{"embeddable":true,"href":"https:\/\/www.tgrthaber.com\/mavikadin\/wp-json\/wp\/v2\/media\/136139"}],"wp:attachment":[{"href":"https:\/\/www.tgrthaber.com\/mavikadin\/wp-json\/wp\/v2\/media?parent=136130"}],"wp:term":[{"taxonomy":"category","embeddable":true,"href":"https:\/\/www.tgrthaber.com\/mavikadin\/wp-json\/wp\/v2\/categories?post=136130"},{"taxonomy":"post_tag","embeddable":true,"href":"https:\/\/www.tgrthaber.com\/mavikadin\/wp-json\/wp\/v2\/tags?post=136130"}],"curies":[{"name":"wp","href":"https:\/\/api.w.org\/{rel}","templated":true}]}}