{"id":136226,"date":"2025-02-20T20:52:03","date_gmt":"2025-02-20T17:52:03","guid":{"rendered":"https:\/\/www.tgrthaber.com\/mavikadin\/?p=136226"},"modified":"2025-02-20T21:02:36","modified_gmt":"2025-02-20T18:02:36","slug":"kerimcan-durmazin-ablasi-kimdir-meslegi-ne","status":"publish","type":"post","link":"https:\/\/www.tgrthaber.com\/mavikadin\/kerimcan-durmazin-ablasi-kimdir-meslegi-ne\/","title":{"rendered":"Kerimcan Durmaz&#8217;\u0131n ablas\u0131 kimdir, mesle\u011fi ne?"},"content":{"rendered":"<p class=\"p1\">Sosyal medya fenomeni Kerimcan Durmaz, Malta\u2019da verdi\u011fi konser s\u0131ras\u0131nda sahne arkas\u0131ndaki LED ekranda yasa d\u0131\u015f\u0131 bahis reklam\u0131 g\u00f6sterildi\u011fi i\u00e7in hakk\u0131nda a\u00e7\u0131lan soru\u015fturma kapsam\u0131nda tutuklanm\u0131\u015ft\u0131. 8 Ocak\u2019tan bu yana tutuklu bulunan Durmaz, bug\u00fcn ilk kez hakim kar\u015f\u0131s\u0131na \u00e7\u0131kt\u0131 ve mahkeme taraf\u0131ndan tahliye edildi. Ya\u015fanan bu olay\u0131n ard\u0131ndan Kerimcan Durmaz\u2019\u0131n \u00f6zel hayat\u0131 ve ailesi de g\u00fcndeme geldi. \u00d6zellikle, ablas\u0131na olan d\u00fc\u015fk\u00fcnl\u00fc\u011f\u00fcyle bilinen Durmaz\u2019\u0131n ablas\u0131 Serap Akbudak hakk\u0131nda bir\u00e7ok soru sorulmaya ba\u015fland\u0131. Peki, Serap Akbudak kimdir, ne i\u015f yap\u0131yor? \u0130\u015fte merak edilen detaylar\u2026<\/p>\n<h3>KER\u0130MCAN DURMAZ&#8217;IN ABLASI SERAP AKBUDAK K\u0130MD\u0130R, MESLE\u011e\u0130 NE?<\/h3>\n<p class=\"p1\">Sosyal medya fenomeni ve DJ olarak tan\u0131nan Kerimcan Durmaz\u2019\u0131n ablas\u0131 Serap Akbudak, Bursa\u2019da ya\u015fayan ve i\u015f hayat\u0131nda aktif bir isimdir. G\u00fczellik ve sa\u011fl\u0131kl\u0131 ya\u015fam alan\u0131nda faaliyet g\u00f6steren bir merkezin sahibi olan Akbudak, zay\u0131flama ve ya\u015fam ko\u00e7lu\u011fu hizmetleriyle ilgilenmektedir.<\/p>\n<p><img loading=\"lazy\" decoding=\"async\" class=\"alignnone wp-image-136227 size-large\" src=\"https:\/\/www.tgrthaber.com\/mavikadin\/wp-content\/uploads\/Ekran-Resmi-2025-02-20-20.49.45-1024x626.png\" alt=\"\" width=\"1024\" height=\"626\" title=\"\" srcset=\"https:\/\/www.tgrthaber.com\/mavikadin\/wp-content\/uploads\/Ekran-Resmi-2025-02-20-20.49.45-1024x626.png 1024w, https:\/\/www.tgrthaber.com\/mavikadin\/wp-content\/uploads\/Ekran-Resmi-2025-02-20-20.49.45-300x183.png 300w, https:\/\/www.tgrthaber.com\/mavikadin\/wp-content\/uploads\/Ekran-Resmi-2025-02-20-20.49.45-768x469.png 768w, https:\/\/www.tgrthaber.com\/mavikadin\/wp-content\/uploads\/Ekran-Resmi-2025-02-20-20.49.45.png 1126w\" sizes=\"(max-width: 1024px) 100vw, 1024px\" \/><\/p>\n<hr \/>\n<p class=\"p1\">Karde\u015fi Kerimcan Durmaz\u2019\u0131n pop\u00fcler oldu\u011fu d\u00f6nemde de ad\u0131ndan s\u00f6z ettiren Serap Akbudak, \u00f6zellikle i\u015f hayat\u0131ndaki ba\u015far\u0131s\u0131yla dikkat \u00e7eken bir isimdir. 2016 y\u0131l\u0131nda, Bursa\u2019n\u0131n en i\u015flek noktalar\u0131ndan birinde kendi merkezini a\u00e7an Akbudak&#8217;\u0131n, sa\u011fl\u0131kl\u0131 ya\u015fam konusunda dan\u0131\u015fmanl\u0131k yaparak bir\u00e7ok ki\u015fiye hizmet verdi\u011fi bilinmektedir.<\/p>\n<h3 class=\"p1\"><b>SOSYAL MEDYADA DA OLDUK\u00c7A AKT\u0130F\u00a0<\/b><b><\/b><\/h3>\n<p class=\"p1\">Serap Akbudak, i\u015f d\u00fcnyas\u0131n\u0131n yan\u0131 s\u0131ra sosyal medyada da olduk\u00e7a aktif bir isimdir. Instagram ba\u015fta olmak \u00fczere \u00e7e\u015fitli platformlarda moda, g\u00fczellik ve ya\u015fam tarz\u0131 \u00fczerine i\u00e7erikler payla\u015fmaktad\u0131r. \u015e\u0131kl\u0131\u011f\u0131 ve tarz\u0131yla dikkat \u00e7eken Akbudak, karde\u015fi Kerimcan Durmaz ile olan samimi ili\u015fkisiyle de biliniyor.<\/p>\n<p><img loading=\"lazy\" decoding=\"async\" class=\"alignnone wp-image-136231 \" src=\"https:\/\/www.tgrthaber.com\/mavikadin\/wp-content\/uploads\/Ekran-Resmi-2025-02-20-20.59.45.png\" alt=\"\" width=\"982\" height=\"1675\" title=\"\" srcset=\"https:\/\/www.tgrthaber.com\/mavikadin\/wp-content\/uploads\/Ekran-Resmi-2025-02-20-20.59.45.png 578w, https:\/\/www.tgrthaber.com\/mavikadin\/wp-content\/uploads\/Ekran-Resmi-2025-02-20-20.59.45-176x300.png 176w\" sizes=\"(max-width: 982px) 100vw, 982px\" \/><\/p>\n<hr \/>\n<p class=\"p1\">Sosyal medya fenomeni Kerimcan Durmaz, sadece kariyeriyle de\u011fil, ailesine olan d\u00fc\u015fk\u00fcnl\u00fc\u011f\u00fcyle de s\u0131k\u00e7a g\u00fcndeme geliyor. \u00d6zellikle ablas\u0131 Serap Akbudak ile yak\u0131n ili\u015fkisi dikkat \u00e7ekerken, ona yapt\u0131\u011f\u0131 jestlerle de ad\u0131ndan s\u00f6z ettiriyor. Daha \u00f6nce Bursa\u2019da bir zay\u0131flama merkezi a\u00e7arak ablas\u0131na destek veren Durmaz, son olarak ona l\u00fcks bir cip hediye etmi\u015fti. Serap Akbudak, bu \u00f6zel hediyeyi sosyal medya hesab\u0131nda payla\u015farak karde\u015fine te\u015fekk\u00fcr etmi\u015fti.<\/p>\n","protected":false},"excerpt":{"rendered":"<p>Sosyal medya fenomeni Kerimcan Durmaz, Malta\u2019daki konserinde sahne arkas\u0131nda yasa d\u0131\u015f\u0131 bahis reklam\u0131 g\u00f6sterildi\u011fi i\u00e7in tutuklanm\u0131\u015ft\u0131. 8 Ocak\u2019tan beri tutuklu olan Durmaz, bug\u00fcn hakim kar\u015f\u0131s\u0131na \u00e7\u0131kt\u0131 ve tahliye edildi. Bu geli\u015fmenin ard\u0131ndan ailesi, \u00f6zellikle ablas\u0131 Serap Akbudak merak konusu oldu. Peki Kerimcan Durmaz\u2019\u0131n ablas\u0131 kimdir, mesle\u011fi ne? \u0130\u015fte detaylar.. <\/p>\n","protected":false},"author":16,"featured_media":136228,"comment_status":"closed","ping_status":"closed","sticky":false,"template":"","format":"standard","meta":{"rank_math_lock_modified_date":false,"footnotes":""},"categories":[76],"tags":[11463,11464,11465],"class_list":["post-136226","post","type-post","status-publish","format-standard","has-post-thumbnail","hentry","category-magazin","tag-kerimcan-durmaz-ablasi-kimdir","tag-kerimcan-durmaz-ablasi-meslegi-ne","tag-kerimcan-durmaz-ablasi-serap-akbudak"],"_links":{"self":[{"href":"https:\/\/www.tgrthaber.com\/mavikadin\/wp-json\/wp\/v2\/posts\/136226"}],"collection":[{"href":"https:\/\/www.tgrthaber.com\/mavikadin\/wp-json\/wp\/v2\/posts"}],"about":[{"href":"https:\/\/www.tgrthaber.com\/mavikadin\/wp-json\/wp\/v2\/types\/post"}],"author":[{"embeddable":true,"href":"https:\/\/www.tgrthaber.com\/mavikadin\/wp-json\/wp\/v2\/users\/16"}],"replies":[{"embeddable":true,"href":"https:\/\/www.tgrthaber.com\/mavikadin\/wp-json\/wp\/v2\/comments?post=136226"}],"version-history":[{"count":4,"href":"https:\/\/www.tgrthaber.com\/mavikadin\/wp-json\/wp\/v2\/posts\/136226\/revisions"}],"predecessor-version":[{"id":136233,"href":"https:\/\/www.tgrthaber.com\/mavikadin\/wp-json\/wp\/v2\/posts\/136226\/revisions\/136233"}],"wp:featuredmedia":[{"embeddable":true,"href":"https:\/\/www.tgrthaber.com\/mavikadin\/wp-json\/wp\/v2\/media\/136228"}],"wp:attachment":[{"href":"https:\/\/www.tgrthaber.com\/mavikadin\/wp-json\/wp\/v2\/media?parent=136226"}],"wp:term":[{"taxonomy":"category","embeddable":true,"href":"https:\/\/www.tgrthaber.com\/mavikadin\/wp-json\/wp\/v2\/categories?post=136226"},{"taxonomy":"post_tag","embeddable":true,"href":"https:\/\/www.tgrthaber.com\/mavikadin\/wp-json\/wp\/v2\/tags?post=136226"}],"curies":[{"name":"wp","href":"https:\/\/api.w.org\/{rel}","templated":true}]}}