{"id":136248,"date":"2025-02-20T22:10:26","date_gmt":"2025-02-20T19:10:26","guid":{"rendered":"https:\/\/www.tgrthaber.com\/mavikadin\/?p=136248"},"modified":"2025-02-20T22:10:26","modified_gmt":"2025-02-20T19:10:26","slug":"kerimcan-durmazin-annesi-ve-babasi-kimdir-meslekleri-nelerdir","status":"publish","type":"post","link":"https:\/\/www.tgrthaber.com\/mavikadin\/kerimcan-durmazin-annesi-ve-babasi-kimdir-meslekleri-nelerdir\/","title":{"rendered":"Kerimcan Durmaz&#8217;\u0131n annesi ve babas\u0131 kimdir? Meslekleri nelerdir?"},"content":{"rendered":"<p>Ge\u00e7ti\u011fimiz g\u00fcnlerde yasa d\u0131\u015f\u0131 bahis reklamlar\u0131 nedeniyle g\u00f6zalt\u0131na al\u0131nan sosyal medya fenomeni Kerimcan Durmaz&#8217;\u0131n annesi ve babas\u0131 merak edildi. Geni\u015f bir takip\u00e7i kitlesine sahip Durmaz&#8217;\u0131n annesinin ve babas\u0131n\u0131n meslekleri ara\u015ft\u0131rma konusu oldu. Peki Kerimcan Durmaz&#8217;\u0131n annesi ve babas\u0131 kimdir? Meslekleri nelerdir?<\/p>\n<h3>KER\u0130MCAN DURMAZ&#8217;IN ANNES\u0130 VE BABASI K\u0130MD\u0130R?<\/h3>\n<p>Aile ya\u015fam\u0131na ili\u015fkin fazla detayl\u0131 bilgi sunmayan sosyal medya fenomeni Kerimcan Durmaz&#8217;\u0131n annesi ve babas\u0131 merak edildi. 2018 y\u0131l\u0131nda Bostanc\u0131&#8217;da sahne alan Durmaz&#8217;\u0131n anne ve babas\u0131 \u00e7ocuklar\u0131n\u0131 izlemeye gelmi\u015flerdi. Kerimcan Durmaz&#8217;\u0131n ablas\u0131 Serap Akbudak, sosyal medya hesab\u0131 \u00fczerinden anne ve babas\u0131n\u0131n foto\u011fraflar\u0131n\u0131 payla\u015fm\u0131\u015ft\u0131.<\/p>\n<p><img loading=\"lazy\" decoding=\"async\" class=\"alignnone wp-image-136250\" src=\"https:\/\/www.tgrthaber.com\/mavikadin\/wp-content\/uploads\/kerimcan-durmaz-ailesi-300x195.webp\" alt=\"\" width=\"1280\" height=\"831\" title=\"\" srcset=\"https:\/\/www.tgrthaber.com\/mavikadin\/wp-content\/uploads\/kerimcan-durmaz-ailesi-300x195.webp 300w, https:\/\/www.tgrthaber.com\/mavikadin\/wp-content\/uploads\/kerimcan-durmaz-ailesi-768x499.webp 768w, https:\/\/www.tgrthaber.com\/mavikadin\/wp-content\/uploads\/kerimcan-durmaz-ailesi.webp 855w\" sizes=\"(max-width: 1280px) 100vw, 1280px\" \/><\/p>\n<hr \/>\n<p>Kerimcan Durmaz, \u00e7ok yak\u0131n arkada\u015f\u0131 Samet Li\u00e7ina&#8217;n\u0131n annesiyle birlikte Youtube hesaplar\u0131nda yemek yapt\u0131klar\u0131 videoyu payla\u015fm\u0131\u015ft\u0131. B\u00fcy\u00fck ilgi g\u00f6ren videonun ard\u0131ndan Durmaz da kendi annesini getirerek yemek videosu \u00e7ekip yay\u0131nlad\u0131lar.<\/p>\n<h3>KER\u0130MCAN DURMAZ&#8217;IN A\u0130LES\u0130 NE \u0130\u015e YAPIYOR?<\/h3>\n<p>Sosyal medya fenomeni, DJ ve makyaj sanat\u00e7\u0131s\u0131 Kerimcan Durmaz&#8217;\u0131n annesi H\u00fclya Durmaz ev han\u0131m\u0131, babas\u0131 Vedat Durmaz ise restoran i\u015fletmecisidir. Ailenin en k\u00fc\u00e7\u00fck ferdi olan Durmaz\u2019\u0131n iki ablas\u0131 bulunmaktad\u0131r.<\/p>\n<p><img loading=\"lazy\" decoding=\"async\" class=\"alignnone wp-image-136249\" src=\"https:\/\/www.tgrthaber.com\/mavikadin\/wp-content\/uploads\/kerimcan-anne-baba-300x280.webp\" alt=\"\" width=\"1280\" height=\"1195\" title=\"\" srcset=\"https:\/\/www.tgrthaber.com\/mavikadin\/wp-content\/uploads\/kerimcan-anne-baba-300x280.webp 300w, https:\/\/www.tgrthaber.com\/mavikadin\/wp-content\/uploads\/kerimcan-anne-baba.webp 600w\" sizes=\"(max-width: 1280px) 100vw, 1280px\" \/><\/p>\n<hr \/>\n<p>2 Kas\u0131m 1994 y\u0131l\u0131nda do\u011fan Kerimcan Durmaz, aslen Bal\u0131kesir&#8217;in Ak\u00e7ay il\u00e7esindendir. Durmaz \u0130stanbul Yenik\u00f6y&#8217;de d\u00fcnyaya gelmi\u015ftir.<\/p>\n<h3>KER\u0130MCAN DURMAZ NEDEN G\u00d6ZALTINA ALINDI?<\/h3>\n<p>Son d\u00f6nemlerde yapt\u0131\u011f\u0131 sosyal medya payla\u015f\u0131mlar\u0131nda yasa d\u0131\u015f\u0131 bahse te\u015fvik su\u00e7u oldu\u011fu iddias\u0131yla g\u00f6zalt\u0131na al\u0131nan sosyal medya fenomeni Kerimcan Durmaz, \u0130stanbul Sulh Ceza Hakimli\u011fi&#8217;nce tutuklanm\u0131\u015ft\u0131. 7 Ocak\u2019ta g\u00f6zalt\u0131na al\u0131nan Durmaz, ertesi g\u00fcn tutuklanm\u0131\u015ft\u0131.<\/p>\n<p><img loading=\"lazy\" decoding=\"async\" class=\"alignnone wp-image-136251\" src=\"https:\/\/www.tgrthaber.com\/mavikadin\/wp-content\/uploads\/kerimcan-5-300x169.webp\" alt=\"\" width=\"1280\" height=\"720\" title=\"\" srcset=\"https:\/\/www.tgrthaber.com\/mavikadin\/wp-content\/uploads\/kerimcan-5-300x169.webp 300w, https:\/\/www.tgrthaber.com\/mavikadin\/wp-content\/uploads\/kerimcan-5-1024x576.webp 1024w, https:\/\/www.tgrthaber.com\/mavikadin\/wp-content\/uploads\/kerimcan-5-768x432.webp 768w, https:\/\/www.tgrthaber.com\/mavikadin\/wp-content\/uploads\/kerimcan-5.webp 1280w\" sizes=\"(max-width: 1280px) 100vw, 1280px\" \/><\/p>\n<hr \/>\n<h3>KER\u0130MCAN DURMAZ TAHL\u0130YE OLDU MU?<\/h3>\n<p>Yasa d\u0131\u015f\u0131 bahse te\u015fvik su\u00e7lamas\u0131yla 7 Ocak tarihinde g\u00f6zalt\u0131na al\u0131nan ve 8 Ocak\u2019ta tutuklanan Kerimcan Durmaz\u2019\u0131n tahliye olup olmad\u0131\u011f\u0131 merak edilen konular aras\u0131nda yer ald\u0131. Tutuklu olan Durmaz, tahliye edildi. Zincirleme \u015fekilde yasa d\u0131\u015f\u0131 bahsi te\u015fvik etme su\u00e7undan yarg\u0131lanan Durmaz&#8217;a \u00fc\u00e7 y\u0131ldan be\u015f y\u0131la kadar hapis cezas\u0131 talep edilmi\u015fti.<\/p>\n","protected":false},"excerpt":{"rendered":"<p>Sosyal medya fenomeni, DJ ve makyaj sanat\u00e7\u0131s\u0131 olarak bilinen Kerimcan Durmaz, son g\u00fcnlerde g\u00f6zalt\u0131na al\u0131nmas\u0131 sonras\u0131 g\u00fcndeme geldi. 7258 say\u0131l\u0131 &#8220;Futbol ve Di\u011fer Spor M\u00fcsabakalar\u0131nda Bahis ve \u015eans Oyunlar\u0131 D\u00fczenlenmesi Hakk\u0131nda Kanunu&#8221;na muhalefet etti\u011fi iddias\u0131yla g\u00f6zalt\u0131na al\u0131nan Durmaz&#8217;\u0131n annesi ve babas\u0131 merak edildi. Kerimcan Durmaz&#8217;\u0131n annesi ve babas\u0131 kimdir? Meslekleri nelerdir?<\/p>\n","protected":false},"author":33,"featured_media":136252,"comment_status":"closed","ping_status":"closed","sticky":false,"template":"","format":"standard","meta":{"rank_math_lock_modified_date":false,"footnotes":""},"categories":[76],"tags":[11470,11469,11472,11471],"class_list":["post-136248","post","type-post","status-publish","format-standard","has-post-thumbnail","hentry","category-magazin","tag-kerimcan-durmaz-annesi","tag-kerimcan-durmaz-babasi","tag-kerimcan-durmaz-neden-tutuklandi","tag-kerimcan-durmaz-tahliye-oldu-mu"],"_links":{"self":[{"href":"https:\/\/www.tgrthaber.com\/mavikadin\/wp-json\/wp\/v2\/posts\/136248"}],"collection":[{"href":"https:\/\/www.tgrthaber.com\/mavikadin\/wp-json\/wp\/v2\/posts"}],"about":[{"href":"https:\/\/www.tgrthaber.com\/mavikadin\/wp-json\/wp\/v2\/types\/post"}],"author":[{"embeddable":true,"href":"https:\/\/www.tgrthaber.com\/mavikadin\/wp-json\/wp\/v2\/users\/33"}],"replies":[{"embeddable":true,"href":"https:\/\/www.tgrthaber.com\/mavikadin\/wp-json\/wp\/v2\/comments?post=136248"}],"version-history":[{"count":2,"href":"https:\/\/www.tgrthaber.com\/mavikadin\/wp-json\/wp\/v2\/posts\/136248\/revisions"}],"predecessor-version":[{"id":136254,"href":"https:\/\/www.tgrthaber.com\/mavikadin\/wp-json\/wp\/v2\/posts\/136248\/revisions\/136254"}],"wp:featuredmedia":[{"embeddable":true,"href":"https:\/\/www.tgrthaber.com\/mavikadin\/wp-json\/wp\/v2\/media\/136252"}],"wp:attachment":[{"href":"https:\/\/www.tgrthaber.com\/mavikadin\/wp-json\/wp\/v2\/media?parent=136248"}],"wp:term":[{"taxonomy":"category","embeddable":true,"href":"https:\/\/www.tgrthaber.com\/mavikadin\/wp-json\/wp\/v2\/categories?post=136248"},{"taxonomy":"post_tag","embeddable":true,"href":"https:\/\/www.tgrthaber.com\/mavikadin\/wp-json\/wp\/v2\/tags?post=136248"}],"curies":[{"name":"wp","href":"https:\/\/api.w.org\/{rel}","templated":true}]}}