{"id":136255,"date":"2025-02-20T22:33:32","date_gmt":"2025-02-20T19:33:32","guid":{"rendered":"https:\/\/www.tgrthaber.com\/mavikadin\/?p=136255"},"modified":"2025-02-21T10:15:10","modified_gmt":"2025-02-21T07:15:10","slug":"kizil-goncalarda-bomba-ayrilik-2-oyuncu-seyirciye-veda-etti","status":"publish","type":"post","link":"https:\/\/www.tgrthaber.com\/mavikadin\/kizil-goncalarda-bomba-ayrilik-2-oyuncu-seyirciye-veda-etti\/","title":{"rendered":"K\u0131z\u0131l Goncalar&#8217;da bomba ayr\u0131l\u0131k! 2 oyuncu seyirciye veda etti!"},"content":{"rendered":"<p>Ekranlar\u0131n severek takip edilen yap\u0131mlar\u0131ndan biri olan K\u0131z\u0131l Goncalar her pazartesi seyirci ile bulu\u015fuyor. Yay\u0131nland\u0131\u011f\u0131 g\u00fcnden bu yana sosyal medyada g\u00fcndeme olan diziden iki oyuncu daha ayr\u0131l\u0131yor. Duygu Sar\u0131\u015f\u0131n ile Tu\u011frul T\u00fclek&#8217;in yap\u0131ma veda edece\u011fi a\u00e7\u0131kland\u0131. Uzun s\u00fcredir ekranlarda yer alan ikili i\u00e7in yolun sonu g\u00f6r\u00fcnd\u00fc.<\/p>\n<h3>KIZIL GONCALAR&#8217;DA 2 \u0130S\u0130M VEDA ED\u0130YOR<\/h3>\n<p>K\u0131z\u0131l Goncalar dizisi gerek oyuncu kadrosu gerek konusu ile dikkat \u00e7eken yap\u0131mlardan oluyor. NOW TV\u2019de ekrana gelen dizinin yeni b\u00f6l\u00fcmleri yak\u0131ndan takip ediliyor. Dizide Can K\u0131z\u0131ltu\u011f&#8217;un ayr\u0131l\u0131\u011f\u0131n\u0131n ard\u0131ndan iki isim i\u00e7in daha veda \u00e7anlar\u0131 \u00e7al\u0131yor. Gold Film imzal\u0131 dizide Hande karakteriyle kar\u015f\u0131m\u0131za \u00e7\u0131kan Duygu Sar\u0131\u015f\u0131n ile Se\u00e7kin rol\u00fcnde yer alan Tu\u011frul T\u00fclek yap\u0131mdan ayr\u0131l\u0131yor.<\/p>\n<p><img loading=\"lazy\" decoding=\"async\" class=\"alignnone wp-image-136259\" src=\"https:\/\/www.tgrthaber.com\/mavikadin\/wp-content\/uploads\/Tugrul-Tulek-240x300.webp\" alt=\"\" width=\"1280\" height=\"1597\" title=\"\" srcset=\"https:\/\/www.tgrthaber.com\/mavikadin\/wp-content\/uploads\/Tugrul-Tulek-240x300.webp 240w, https:\/\/www.tgrthaber.com\/mavikadin\/wp-content\/uploads\/Tugrul-Tulek.webp 650w\" sizes=\"(max-width: 1280px) 100vw, 1280px\" \/><\/p>\n<hr \/>\n<p>K\u0131z\u0131l Goncalar&#8217;da senaryoda Se\u00e7kin ve Hande&#8217;nin evlat edindikleri \u00e7ocuk nedeniyle Mu\u011fla&#8217;ya yerle\u015fece\u011fi belirtilmi\u015fti. B\u00f6ylelikle dizinin iki oyuncusu da yap\u0131ma veda etmi\u015f oldu.<\/p>\n<p>\u00d6te yandan diziye yeni bir isim daha dahil oluyor. Psikolog \u00d6zge rol\u00fcyle kar\u015f\u0131m\u0131za \u00e7\u0131kacak yeni ki\u015fi Esra Ronabar oldu. K\u0131z\u0131l Goncalar kadrosunda; \u00d6zcan Deniz, \u00d6zg\u00fc Namal, Mert Yaz\u0131c\u0131o\u011flu, Erkan Avc\u0131, Hazal T\u00fcresan, Mert Turak, Selen \u00d6zt\u00fcrk, \u015eerif Erol, Duygu Sar\u0131\u015f\u0131n, Tu\u011frul T\u00fcrek, Sitare Akba\u015f, Mina Demirta\u015f, Esma Y\u0131lmaz gibi ba\u015far\u0131l\u0131 oyuncular yer al\u0131yor.<\/p>\n<p><img loading=\"lazy\" decoding=\"async\" class=\"alignnone wp-image-136257\" src=\"https:\/\/www.tgrthaber.com\/mavikadin\/wp-content\/uploads\/Hande-300x169.webp\" alt=\"\" width=\"1280\" height=\"720\" title=\"\" srcset=\"https:\/\/www.tgrthaber.com\/mavikadin\/wp-content\/uploads\/Hande-300x169.webp 300w, https:\/\/www.tgrthaber.com\/mavikadin\/wp-content\/uploads\/Hande-1024x576.webp 1024w, https:\/\/www.tgrthaber.com\/mavikadin\/wp-content\/uploads\/Hande-768x432.webp 768w, https:\/\/www.tgrthaber.com\/mavikadin\/wp-content\/uploads\/Hande.webp 1280w\" sizes=\"(max-width: 1280px) 100vw, 1280px\" \/><\/p>\n<hr \/>\n<h3>DUYGU SARI\u015eIN K\u0130MD\u0130R?<\/h3>\n<p>24 Kas\u0131m 1987 \u0130zmir do\u011fumlu olan Duygu Sar\u0131\u015f\u0131n, Dokuz Eyl\u00fcl \u00dcniversitesi G\u00fczel Sanatlar Fak\u00fcltesi oyunculuk b\u00f6l\u00fcm\u00fcnden mezun olmu\u015ftur. \u0130zmir Ekonomi \u00dcniversitesi, Moda Tasar\u0131m B\u00f6l\u00fcm\u00fc\u2019nde derslerde alm\u0131\u015ft\u0131r.<\/p>\n<p>Cennetin S\u0131rlar\u0131 dizisi ile sekt\u00f6re girmi\u015ftir. Ar\u0131ndan \u0130\u00e7erde, \u0130nad\u0131na Ya\u015famak, Ka\u00e7ak Gelinler, G\u00fcne\u015fi Beklerken, Rengarenk gibi projelerde rol alm\u0131\u015ft\u0131r.<\/p>\n<p><img loading=\"lazy\" decoding=\"async\" class=\"alignnone wp-image-136260\" src=\"https:\/\/www.tgrthaber.com\/mavikadin\/wp-content\/uploads\/duygu-sarisin-300x169.webp\" alt=\"\" width=\"1280\" height=\"721\" title=\"\" srcset=\"https:\/\/www.tgrthaber.com\/mavikadin\/wp-content\/uploads\/duygu-sarisin-300x169.webp 300w, https:\/\/www.tgrthaber.com\/mavikadin\/wp-content\/uploads\/duygu-sarisin-768x432.webp 768w, https:\/\/www.tgrthaber.com\/mavikadin\/wp-content\/uploads\/duygu-sarisin.webp 1000w\" sizes=\"(max-width: 1280px) 100vw, 1280px\" \/><\/p>\n<hr \/>\n<p>G\u00f6k\u00e7e Bahad\u0131r, Asl\u0131han G\u00fcrb\u00fcz, Bade \u0130\u015f\u00e7il, T\u00fclin \u00d6zen, Mert F\u0131rat, Ferit Aktu\u011f, Y\u0131ld\u0131ray \u015eahinler, Selim Bayraktar, Hayal K\u00f6seo\u011flu, ve Tansu Bi\u00e7er gibi isimlerin yer ald\u0131\u011f\u0131 Ufak Tefek Cinayetler dizisinde Burcu karakterini oynam\u0131\u015ft\u0131r. Oyuncu buradaki karakter ile \u00fcnlenmi\u015ftir.<\/p>\n<p>&nbsp;<\/p>\n<p>&nbsp;<\/p>\n","protected":false},"excerpt":{"rendered":"<p>NOW TV&#8217;nin iddial\u0131 yap\u0131mlar\u0131 aras\u0131nda yer alan K\u0131z\u0131l Goncalar s\u00fcrpriz bir ayr\u0131l\u0131k ya\u015fand\u0131. Oyuncu Duygu Sar\u0131\u015f\u0131n ile Tu\u011frul T\u00fclek diziye veda edecek. <\/p>\n","protected":false},"author":33,"featured_media":136258,"comment_status":"closed","ping_status":"closed","sticky":false,"template":"","format":"standard","meta":{"rank_math_lock_modified_date":false,"footnotes":""},"categories":[602],"tags":[7663,11473,11474,11475],"class_list":["post-136255","post","type-post","status-publish","format-standard","has-post-thumbnail","hentry","category-diziler","tag-duygu-sarisin","tag-kizil-goncalar-hande","tag-kizil-goncalar-seckin","tag-tugrul-tulek"],"_links":{"self":[{"href":"https:\/\/www.tgrthaber.com\/mavikadin\/wp-json\/wp\/v2\/posts\/136255"}],"collection":[{"href":"https:\/\/www.tgrthaber.com\/mavikadin\/wp-json\/wp\/v2\/posts"}],"about":[{"href":"https:\/\/www.tgrthaber.com\/mavikadin\/wp-json\/wp\/v2\/types\/post"}],"author":[{"embeddable":true,"href":"https:\/\/www.tgrthaber.com\/mavikadin\/wp-json\/wp\/v2\/users\/33"}],"replies":[{"embeddable":true,"href":"https:\/\/www.tgrthaber.com\/mavikadin\/wp-json\/wp\/v2\/comments?post=136255"}],"version-history":[{"count":2,"href":"https:\/\/www.tgrthaber.com\/mavikadin\/wp-json\/wp\/v2\/posts\/136255\/revisions"}],"predecessor-version":[{"id":136263,"href":"https:\/\/www.tgrthaber.com\/mavikadin\/wp-json\/wp\/v2\/posts\/136255\/revisions\/136263"}],"wp:featuredmedia":[{"embeddable":true,"href":"https:\/\/www.tgrthaber.com\/mavikadin\/wp-json\/wp\/v2\/media\/136258"}],"wp:attachment":[{"href":"https:\/\/www.tgrthaber.com\/mavikadin\/wp-json\/wp\/v2\/media?parent=136255"}],"wp:term":[{"taxonomy":"category","embeddable":true,"href":"https:\/\/www.tgrthaber.com\/mavikadin\/wp-json\/wp\/v2\/categories?post=136255"},{"taxonomy":"post_tag","embeddable":true,"href":"https:\/\/www.tgrthaber.com\/mavikadin\/wp-json\/wp\/v2\/tags?post=136255"}],"curies":[{"name":"wp","href":"https:\/\/api.w.org\/{rel}","templated":true}]}}