{"id":136274,"date":"2025-02-20T23:04:43","date_gmt":"2025-02-20T20:04:43","guid":{"rendered":"https:\/\/www.tgrthaber.com\/mavikadin\/?p=136274"},"modified":"2025-02-21T10:15:32","modified_gmt":"2025-02-21T07:15:32","slug":"sevval-sam-imaj-tazeledi-sosyal-medyada-yorum-yagmuru","status":"publish","type":"post","link":"https:\/\/www.tgrthaber.com\/mavikadin\/sevval-sam-imaj-tazeledi-sosyal-medyada-yorum-yagmuru\/","title":{"rendered":"\u015eevval Sam imaj tazeledi! Sosyal medyada yorum ya\u011fmuruna tutuldu"},"content":{"rendered":"<p>\u00dcnl\u00fc oyuncu ve \u015fark\u0131c\u0131 \u015eevval Sam, yeni konseri \u00f6ncesi sosyal medya hesab\u0131 \u00fczerinden yapt\u0131\u011f\u0131 payla\u015f\u0131mla imaj de\u011fi\u015fikli\u011fini payla\u015ft\u0131. Sam, konser \u00f6ncesi a\u00e7t\u0131\u011f\u0131 canl\u0131 yay\u0131nda yeni imaj\u0131n\u0131 takip\u00e7ilerine g\u00f6sterdi. \u015eevval Sam&#8217;\u0131n yeni imaj\u0131 b\u00fcy\u00fck be\u011feni toplad\u0131.<\/p>\n<h3>\u015eEVVAL SAM&#8217;DAN YEN\u0130 \u0130MAJ<\/h3>\n<p>Sosyal medya hesab\u0131 \u00fczerinden yeni konseri \u00f6ncesi yapt\u0131\u011f\u0131 canl\u0131 yay\u0131nda imaj de\u011fi\u015fikli\u011fini takip\u00e7ileriyle payla\u015fan \u00fcnl\u00fc oyuncu ve \u015fark\u0131c\u0131 \u015eevval Sam&#8217;\u0131n yeni tarz\u0131 \u00e7ok be\u011fenildi.<\/p>\n<p><img loading=\"lazy\" decoding=\"async\" class=\"alignnone wp-image-136278\" src=\"https:\/\/www.tgrthaber.com\/mavikadin\/wp-content\/uploads\/sevval-sam-yeni-imaj-300x169.jpg\" alt=\"\" width=\"1280\" height=\"720\" title=\"\" srcset=\"https:\/\/www.tgrthaber.com\/mavikadin\/wp-content\/uploads\/sevval-sam-yeni-imaj-300x169.jpg 300w, https:\/\/www.tgrthaber.com\/mavikadin\/wp-content\/uploads\/sevval-sam-yeni-imaj-1024x576.jpg 1024w, https:\/\/www.tgrthaber.com\/mavikadin\/wp-content\/uploads\/sevval-sam-yeni-imaj-768x432.jpg 768w, https:\/\/www.tgrthaber.com\/mavikadin\/wp-content\/uploads\/sevval-sam-yeni-imaj.jpg 1280w\" sizes=\"(max-width: 1280px) 100vw, 1280px\" \/><\/p>\n<hr \/>\n<p>K\u0131sa sa\u00e7l\u0131 yeni bir imajla takip\u00e7ilerinin kar\u015f\u0131s\u0131na \u00e7\u0131kan Sam, &#8220;S\u00fcrprizimi ilk kez sizinle payla\u015fmak istedim. Benim i\u00e7in b\u00fcy\u00fck bir de\u011fi\u015fiklik. Beni biliyorsunuz, hayatta de\u011fi\u015fiklik yapmay\u0131 seviyorum. Hem enerjimiz tazelensin, ay heyecandan da konu\u015famad\u0131m. Birazdan sahneye \u00e7\u0131kaca\u011f\u0131m. \u0130lk defa b\u00f6yle \u00e7\u0131kaca\u011f\u0131m i\u00e7in foto\u011fraflar \u00e7ekilecek, videolar \u00e7ekilecek. Aa \u015eevval ne yapm\u0131\u015f demeyin diye sizlerle payla\u015fmak istedim&#8221; ifadelerini kulland\u0131.<\/p>\n<h3>&#8220;UMARIM BE\u011eENM\u0130\u015eS\u0130N\u0130ZD\u0130R&#8221;<\/h3>\n<p>Yeni tarz\u0131n\u0131 sosyal medya hesab\u0131 \u00fczerinden payla\u015ft\u0131ktan sonra takip\u00e7ileriyle sohbet eden \u015eevval Sam, &#8220;\u00c7ok rahat oldu, yeni tarz\u0131m\u0131 ben \u00e7ok be\u011fendim, sizler ne d\u00fc\u015f\u00fcn\u00fcyorsunuz bilmiyorum ama. Al\u0131\u015fkanl\u0131klar\u0131m\u0131z\u0131 bazen de\u011fi\u015ftirmemiz iyi olur. Enerjimizi y\u00fckseltmek i\u00e7in bu tarz de\u011fi\u015fiklikler bazen gerekiyor. Umar\u0131m sizler de be\u011fenmi\u015fsinizdir&#8221; dedi.<\/p>\n<p><img loading=\"lazy\" decoding=\"async\" class=\"alignnone wp-image-136277\" src=\"https:\/\/www.tgrthaber.com\/mavikadin\/wp-content\/uploads\/sevval-sam2-300x169.webp\" alt=\"\" width=\"1280\" height=\"720\" title=\"\" srcset=\"https:\/\/www.tgrthaber.com\/mavikadin\/wp-content\/uploads\/sevval-sam2-300x169.webp 300w, https:\/\/www.tgrthaber.com\/mavikadin\/wp-content\/uploads\/sevval-sam2-1024x576.webp 1024w, https:\/\/www.tgrthaber.com\/mavikadin\/wp-content\/uploads\/sevval-sam2-768x432.webp 768w, https:\/\/www.tgrthaber.com\/mavikadin\/wp-content\/uploads\/sevval-sam2.webp 1200w\" sizes=\"(max-width: 1280px) 100vw, 1280px\" \/><\/p>\n<hr \/>\n<p>Bir\u00e7ok takip\u00e7inin kat\u0131ld\u0131\u011f\u0131 canl\u0131 yay\u0131nda, &#8220;Sana her \u015fey \u00e7ok yak\u0131\u015f\u0131yor&#8221;, &#8220;\u00c7ok ama \u00e7ok g\u00fczel olmu\u015fsun, g\u00f6zlerinin g\u00fczelli\u011fi ortaya \u00e7\u0131km\u0131\u015f. Harika&#8221; yorumlar\u0131 yap\u0131ld\u0131.<\/p>\n<h3>\u015eEVVAL SAM K\u0130MD\u0130R?<\/h3>\n<p>11 Kas\u0131m 1973\u2019te \u0130stanbul\u2019da d\u00fcnyaya gelen \u015eevval Sam, \u00fcnl\u00fc sanat\u00e7\u0131 Leman Sam\u2019\u0131n k\u0131z\u0131d\u0131r. \u00dcnl\u00fc oyuncu ve \u015fark\u0131c\u0131 \u015eevval Sam Mimar Sinan \u00dcniversitesi G\u00fczel Sanatlar Fak\u00fcltesi Grafik B\u00f6l\u00fcm\u00fc\u2019nden mezun olmu\u015ftur. Oyunculuk kariyerine, 1993-98 y\u0131llar\u0131 aras\u0131nda yay\u0131nlanan \u201cS\u00fcper Baba\u201d dizisinde oynad\u0131\u011f\u0131 Deniz karakteriyle ad\u0131m atan Sam, daha sonra G\u00fclbeyaz, Bodrum Masal\u0131 ve Yasak Elma gibi pop\u00fcler dizilerde rol alm\u0131\u015ft\u0131r. \u015eevval Sam, dizilerin yan\u0131 s\u0131ra e\u015fsiz sesiyle m\u00fczik alan\u0131nda da performanslar sergilemektedir.<\/p>\n<p><img loading=\"lazy\" decoding=\"async\" class=\"alignnone wp-image-136275\" src=\"https:\/\/www.tgrthaber.com\/mavikadin\/wp-content\/uploads\/sevval-sam-300x169.jpg\" alt=\"\" width=\"1280\" height=\"720\" title=\"\" srcset=\"https:\/\/www.tgrthaber.com\/mavikadin\/wp-content\/uploads\/sevval-sam-300x169.jpg 300w, https:\/\/www.tgrthaber.com\/mavikadin\/wp-content\/uploads\/sevval-sam-1024x576.jpg 1024w, https:\/\/www.tgrthaber.com\/mavikadin\/wp-content\/uploads\/sevval-sam-768x432.jpg 768w, https:\/\/www.tgrthaber.com\/mavikadin\/wp-content\/uploads\/sevval-sam.jpg 1280w\" sizes=\"(max-width: 1280px) 100vw, 1280px\" \/><\/p>\n<p>&nbsp;<\/p>\n<p>\u015eevval Sam, sosyal medya \u00fczerinden payla\u015ft\u0131\u011f\u0131 yeni imaj\u0131yla de\u011fil, repertuvar\u0131nda yapaca\u011f\u0131 de\u011fi\u015fikliklerle de g\u00fcndeme geldi. \u00dcnl\u00fc oyuncu ve \u015fark\u0131c\u0131 Sam konserlerinde, dinleyicilerinin taleplerine \u00f6nem vererek \u015fark\u0131 listesini onlar\u0131n isteklerine g\u00f6re \u015fekillendirece\u011fini duyurmu\u015ftu.<\/p>\n","protected":false},"excerpt":{"rendered":"<p>Bir\u00e7ok dizi yap\u0131m\u0131yla ve \u015fark\u0131lar\u0131yla g\u00f6n\u00fcllere taht kuran oyuncu ve \u015fark\u0131c\u0131 \u015eevval Sam&#8217;\u0131n yeni imaj\u0131 b\u00fcy\u00fck be\u011feni toplad\u0131. Yeni konseri \u00f6ncesi sosyal medya hesab\u0131ndan yapt\u0131\u011f\u0131 payla\u015f\u0131mla imaj de\u011fi\u015fikli\u011fini g\u00f6steren \u015eevval Sam kestirdi\u011fi k\u0131sa sa\u00e7lar\u0131yla dikkatleri \u00e7ekti. <\/p>\n","protected":false},"author":33,"featured_media":136279,"comment_status":"closed","ping_status":"closed","sticky":false,"template":"","format":"standard","meta":{"rank_math_lock_modified_date":false,"footnotes":""},"categories":[76],"tags":[11483,11484,11482],"class_list":["post-136274","post","type-post","status-publish","format-standard","has-post-thumbnail","hentry","category-magazin","tag-sevval-sam-kimdir","tag-sevval-sam-sac-kesimi","tag-sevval-sam-yeni-imaj"],"_links":{"self":[{"href":"https:\/\/www.tgrthaber.com\/mavikadin\/wp-json\/wp\/v2\/posts\/136274"}],"collection":[{"href":"https:\/\/www.tgrthaber.com\/mavikadin\/wp-json\/wp\/v2\/posts"}],"about":[{"href":"https:\/\/www.tgrthaber.com\/mavikadin\/wp-json\/wp\/v2\/types\/post"}],"author":[{"embeddable":true,"href":"https:\/\/www.tgrthaber.com\/mavikadin\/wp-json\/wp\/v2\/users\/33"}],"replies":[{"embeddable":true,"href":"https:\/\/www.tgrthaber.com\/mavikadin\/wp-json\/wp\/v2\/comments?post=136274"}],"version-history":[{"count":3,"href":"https:\/\/www.tgrthaber.com\/mavikadin\/wp-json\/wp\/v2\/posts\/136274\/revisions"}],"predecessor-version":[{"id":136282,"href":"https:\/\/www.tgrthaber.com\/mavikadin\/wp-json\/wp\/v2\/posts\/136274\/revisions\/136282"}],"wp:featuredmedia":[{"embeddable":true,"href":"https:\/\/www.tgrthaber.com\/mavikadin\/wp-json\/wp\/v2\/media\/136279"}],"wp:attachment":[{"href":"https:\/\/www.tgrthaber.com\/mavikadin\/wp-json\/wp\/v2\/media?parent=136274"}],"wp:term":[{"taxonomy":"category","embeddable":true,"href":"https:\/\/www.tgrthaber.com\/mavikadin\/wp-json\/wp\/v2\/categories?post=136274"},{"taxonomy":"post_tag","embeddable":true,"href":"https:\/\/www.tgrthaber.com\/mavikadin\/wp-json\/wp\/v2\/tags?post=136274"}],"curies":[{"name":"wp","href":"https:\/\/api.w.org\/{rel}","templated":true}]}}