{"id":136289,"date":"2025-02-20T23:48:40","date_gmt":"2025-02-20T20:48:40","guid":{"rendered":"https:\/\/www.tgrthaber.com\/mavikadin\/?p=136289"},"modified":"2025-02-20T23:48:40","modified_gmt":"2025-02-20T20:48:40","slug":"musa-eroglu-piyasa-icin-studyoya-girdi-usta-sanatci-herkesi-aglatacak","status":"publish","type":"post","link":"https:\/\/www.tgrthaber.com\/mavikadin\/musa-eroglu-piyasa-icin-studyoya-girdi-usta-sanatci-herkesi-aglatacak\/","title":{"rendered":"Musa Ero\u011flu &#8216;Piyasa&#8217; i\u00e7in st\u00fcdyoya girdi! Usta sanat\u00e7\u0131 herkesi a\u011flatacak&#8230;"},"content":{"rendered":"<p>22 \u015eubat Cumartesi g\u00fcn\u00fc Kanal D ekranlar\u0131nda yay\u0131nlanacak olan &#8216;Piyasa&#8217; dizisi tan\u0131t\u0131m fragman\u0131n\u0131n yay\u0131nlanmas\u0131 ile izleyici taraf\u0131ndan b\u00fcy\u00fck bir merak uyand\u0131rd\u0131. Hikayesi olduk\u00e7a merak edilen dizide birbirinden g\u00fc\u00e7l\u00fc oyuncu isimler yerlerini alacak.<\/p>\n<p>Alp Navruz, \u0130layda Ali\u015fan, Ay\u00e7a Bing\u00f6l, Zuhal Olcay, Damla Colbay, F\u0131rat Altunme\u015fe, Vural \u015eahano\u011flu, Asya Kasap, Aydan Burhan, Halil Demir, Hilmi Ah\u0131ska, Metehan Par\u0131lt\u0131 ve Yurdaer Okur gibi isimlerin yer ald\u0131\u011f\u0131 dizinin y\u00f6netmenli\u011fini Serdar G\u00f6zelekli yapar iken senaryosu ise Mehmet Bar\u0131\u015f G\u00fcnger&#8217;e ait oldu\u011fu biliniyor.<\/p>\n<p>Ba\u015frol\u00fcnde \u0130layda Ali\u015fan ile Alp Navruz&#8217;un \u00fcstlendi\u011fi &#8216;Piyasa&#8217; dizisi i\u00e7in T\u00fcrk halk m\u00fczi\u011finin usta isimlerinden biri olan Musa Ero\u011flu ise dizi i\u00e7in \u2019Yolun Sonu\u2019 t\u00fcrk\u00fcs\u00fcn\u00fc seslendirdi.<\/p>\n<h3>USTA SANAT\u00c7I MUSA EO\u011eLU &#8216;P\u0130YASA&#8217; D\u0130Z\u0130S\u0130NE \u00d6ZEL T\u00dcRK\u00dc SESLEND\u0130RD\u0130!<\/h3>\n<p>&#8216;Mihriban&#8217;, &#8216;Yare S\u00f6yleme&#8217;, &#8216;Telli Turnam&#8217;, &#8216;Yolun sonu g\u00f6r\u00fcn\u00fcyor&#8217; gibi par\u00e7alar\u0131 seslendiren 79 ya\u015f\u0131ndaki T\u00fcrk Halk M\u00fczi\u011fi sanat\u00e7\u0131s\u0131 Musa Ero\u011flu, dizi ve diziye \u00f6zel s\u00f6yledi\u011fi t\u00fcrk\u00fcye y\u00f6nelik birtak\u0131m a\u00e7\u0131klamalarda bulundu.<\/p>\n<p><img loading=\"lazy\" decoding=\"async\" class=\"alignnone wp-image-136290\" src=\"https:\/\/www.tgrthaber.com\/mavikadin\/wp-content\/uploads\/teet-1.png\" alt=\"\" width=\"1208\" height=\"636\" title=\"\" srcset=\"https:\/\/www.tgrthaber.com\/mavikadin\/wp-content\/uploads\/teet-1.png 893w, https:\/\/www.tgrthaber.com\/mavikadin\/wp-content\/uploads\/teet-1-300x158.png 300w, https:\/\/www.tgrthaber.com\/mavikadin\/wp-content\/uploads\/teet-1-768x404.png 768w\" sizes=\"(max-width: 1208px) 100vw, 1208px\" \/><\/p>\n<hr \/>\n<p>M\u00fcnevver&#8217;in hikayesinin kendisini etkiledi\u011finden bahseden usta isim \u201cAnadolu&#8217;daki bin kad\u0131ndan birisi M\u00fcnevver. \u0130\u015fte bu \u00fclkede izlenen dizilerin kayna\u011f\u0131 belli. Beni o \u00e7ok mutlu etti. Kafadan dizayn edilmi\u015f bir \u015fey de\u011fil\u201d diye konu\u015ftu. Biz doya doya sevemiyoruz bile. Biz t\u00fcrk\u00fclerle a\u00e7\u0131\u011f\u0131 kapat\u0131yoruz.\u201d diye belirterek d\u00fc\u015f\u00fcncelerini payla\u015ft\u0131.<\/p>\n<h3>MUSA ERO\u011eLU: &#8220;T\u00dcRK\u00dcN\u00dcN KEND\u0130S\u0130 YA\u015eAMI \u00d6ZETL\u0130YOR\u201d<\/h3>\n<p>T\u00fcrk\u00fcn\u00fcn seslendirmesini yapan sanat\u00e7\u0131 Musa Ero\u011flu, &#8220;\u0130nsanlar duysunlar. \u00c7\u00fcnk\u00fc televizyonun ve dizilerin etkisi b\u00fcy\u00fck. T\u00fcrk\u00fcn\u00fcn kendisi ve s\u00f6zleri ya\u015fam\u0131 \u00f6zetliyor. \u0130nsanlara t\u00fcrk\u00fcleri hat\u0131rlatmas\u0131 beni duyguland\u0131rd\u0131, \u00e7ok sevindim.\u201d ifadesinde bulundu.<\/p>\n<h3>T\u00dcRK\u00dcDEN \u00c7OK ETK\u0130LENEN ERO\u011eLU: &#8220;\u00c7OK \u00d6ZENLE SE\u00c7\u0130LM\u0130\u015e S\u00d6ZC\u00dcKLER\u201d<\/h3>\n<p>\u2018Yolun Sonu\u2019 t\u00fcrk\u00fcs\u00fcn\u00fcn kendisini derinden sarst\u0131\u011f\u0131n\u0131 ifade eden 79 ya\u015f\u0131ndaki usta sanat\u00e7\u0131 Musa Ero\u011flu \u201cDursun Ali Ak\u0131net\u2019in s\u00f6zlerini yazd\u0131\u011f\u0131, bu t\u00fcrk\u00fcye benzer bir\u00e7ok t\u00fcrk\u00fclerimiz var.<\/p>\n<p><img loading=\"lazy\" decoding=\"async\" class=\"alignnone wp-image-136291\" src=\"https:\/\/www.tgrthaber.com\/mavikadin\/wp-content\/uploads\/uu-1.png\" alt=\"\" width=\"1208\" height=\"671\" title=\"\" srcset=\"https:\/\/www.tgrthaber.com\/mavikadin\/wp-content\/uploads\/uu-1.png 877w, https:\/\/www.tgrthaber.com\/mavikadin\/wp-content\/uploads\/uu-1-300x167.png 300w, https:\/\/www.tgrthaber.com\/mavikadin\/wp-content\/uploads\/uu-1-768x426.png 768w\" sizes=\"(max-width: 1208px) 100vw, 1208px\" \/><\/p>\n<hr \/>\n<p>\u2018A\u015fa\u011f\u0131dan yukar\u0131dan yolun sonu g\u00f6r\u00fcn\u00fcyor\u2019 diyor. Yani \u00e7abalamana gerek yok. Burada kavga etme, d\u00f6v\u00fc\u015fme. Nas\u0131l olsa mesele belli. \u0130nsan olgusunun sevgisini ayakta tutmak i\u00e7in \u00e7ok \u00f6zenle se\u00e7ilmi\u015f s\u00f6zc\u00fckler\u201d \u015feklinde konu\u015ftu.<\/p>\n","protected":false},"excerpt":{"rendered":"<p>Piyasa dizisine \u00f6zel olarak Yolun Sonu\u2019 t\u00fcrk\u00fcs\u00fcn\u00fc seslendiresn usta sanat\u00e7\u0131 Musa Ero\u011flu, yeni ba\u015flayacak olan dizi ve t\u00fcrk\u00fc ile ilgili a\u00e7\u0131klamalarda bulundu.<\/p>\n","protected":false},"author":27,"featured_media":136292,"comment_status":"closed","ping_status":"closed","sticky":false,"template":"","format":"standard","meta":{"rank_math_lock_modified_date":false,"footnotes":""},"categories":[76],"tags":[11488,11487,6183],"class_list":["post-136289","post","type-post","status-publish","format-standard","has-post-thumbnail","hentry","category-magazin","tag-musa-eroglu","tag-piyasa-dizi-muzigi","tag-piyasa-dizisi"],"_links":{"self":[{"href":"https:\/\/www.tgrthaber.com\/mavikadin\/wp-json\/wp\/v2\/posts\/136289"}],"collection":[{"href":"https:\/\/www.tgrthaber.com\/mavikadin\/wp-json\/wp\/v2\/posts"}],"about":[{"href":"https:\/\/www.tgrthaber.com\/mavikadin\/wp-json\/wp\/v2\/types\/post"}],"author":[{"embeddable":true,"href":"https:\/\/www.tgrthaber.com\/mavikadin\/wp-json\/wp\/v2\/users\/27"}],"replies":[{"embeddable":true,"href":"https:\/\/www.tgrthaber.com\/mavikadin\/wp-json\/wp\/v2\/comments?post=136289"}],"version-history":[{"count":2,"href":"https:\/\/www.tgrthaber.com\/mavikadin\/wp-json\/wp\/v2\/posts\/136289\/revisions"}],"predecessor-version":[{"id":136294,"href":"https:\/\/www.tgrthaber.com\/mavikadin\/wp-json\/wp\/v2\/posts\/136289\/revisions\/136294"}],"wp:featuredmedia":[{"embeddable":true,"href":"https:\/\/www.tgrthaber.com\/mavikadin\/wp-json\/wp\/v2\/media\/136292"}],"wp:attachment":[{"href":"https:\/\/www.tgrthaber.com\/mavikadin\/wp-json\/wp\/v2\/media?parent=136289"}],"wp:term":[{"taxonomy":"category","embeddable":true,"href":"https:\/\/www.tgrthaber.com\/mavikadin\/wp-json\/wp\/v2\/categories?post=136289"},{"taxonomy":"post_tag","embeddable":true,"href":"https:\/\/www.tgrthaber.com\/mavikadin\/wp-json\/wp\/v2\/tags?post=136289"}],"curies":[{"name":"wp","href":"https:\/\/api.w.org\/{rel}","templated":true}]}}