{"id":136295,"date":"2025-02-21T00:06:57","date_gmt":"2025-02-20T21:06:57","guid":{"rendered":"https:\/\/www.tgrthaber.com\/mavikadin\/?p=136295"},"modified":"2025-02-21T00:06:57","modified_gmt":"2025-02-20T21:06:57","slug":"sureyya-yalcin-vefat-eden-annesinin-dogum-gununu-kutladi-yalcindan-duygu-dolu-sozler","status":"publish","type":"post","link":"https:\/\/www.tgrthaber.com\/mavikadin\/sureyya-yalcin-vefat-eden-annesinin-dogum-gununu-kutladi-yalcindan-duygu-dolu-sozler\/","title":{"rendered":"S\u00fcreyya Yal\u00e7\u0131n, vefat eden annesinin do\u011fum g\u00fcn\u00fcn\u00fc kutlad\u0131! Yal\u00e7\u0131n&#8217;dan duygu dolu s\u00f6zler&#8230;"},"content":{"rendered":"<p>D\u00fcnyaca tan\u0131nm\u0131\u015f en zengin i\u015f insanlar\u0131ndan biri olarak \u00f6n plana \u00e7\u0131kan Faruk Yal\u00e7\u0131n&#8217;\u0131n k\u0131z\u0131 S\u00fcreyya Yal\u00e7\u0131n, sosyal medya hesab\u0131ndan duygusal bir payla\u015f\u0131mda bulundu. Annesini kaybeden Yal\u00e7\u0131n, sosyal medya hesab\u0131ndan vefat eden annesini anarak \u00f6zlemini dile getirdi.<\/p>\n<p>S\u00dcREYYA YAL\u00c7IN ANNES\u0130N\u0130N ACISINI UNUTAMADI! \u00dcNL\u00dc \u0130S\u0130MDEN DUYGU DOLU PAYLA\u015eIM&#8230;<\/p>\n<p>77 ya\u015f\u0131nda hayat\u0131n\u0131 kaybeden \u00dclk\u00fc Yal\u00e7\u0131n&#8217;\u0131n do\u011fum g\u00fcn\u00fc an\u0131s\u0131na sosyal medya hesab\u0131ndan yeni bir payla\u015f\u0131m geldi. Hayattaki en de\u011ferli varl\u0131\u011f\u0131 olan annesiyle \u00e7ekildi\u011fi bir kareyi yay\u0131nlayan S\u00fcreyya Yal\u00e7\u0131n, g\u00f6nderiye \u015fu notu d\u00fc\u015ft\u00fc:<\/p>\n<p><img loading=\"lazy\" decoding=\"async\" class=\"alignnone wp-image-136296\" src=\"https:\/\/www.tgrthaber.com\/mavikadin\/wp-content\/uploads\/rrr-5.png\" alt=\"\" width=\"1208\" height=\"816\" title=\"\" srcset=\"https:\/\/www.tgrthaber.com\/mavikadin\/wp-content\/uploads\/rrr-5.png 838w, https:\/\/www.tgrthaber.com\/mavikadin\/wp-content\/uploads\/rrr-5-300x203.png 300w, https:\/\/www.tgrthaber.com\/mavikadin\/wp-content\/uploads\/rrr-5-768x519.png 768w\" sizes=\"(max-width: 1208px) 100vw, 1208px\" \/><\/p>\n<hr \/>\n<p>&#8220;Bug\u00fcn senin do\u011fum g\u00fcn\u00fcn, anne. Ve ben sensiz bunu nas\u0131l ya\u015fayaca\u011f\u0131m\u0131 bilmiyorum.<\/p>\n<p>\u015eu an seninle kutluyor olmal\u0131yd\u0131m. Seni yeme\u011fe g\u00f6t\u00fcrmeli, birlikte g\u00fclmeli, yeni an\u0131lar biriktirmeliydim. Ama bunun yerine, bu g\u00fcn\u00fc nas\u0131l atlataca\u011f\u0131m\u0131 bilemeden \u00f6ylece duruyorum.<\/p>\n<p>Sensiz bir d\u00fcnyada var olmay\u0131 bilmiyorum. Bir daha asla sesini duyamayaca\u011f\u0131m\u0131, elini tutamayaca\u011f\u0131m\u0131, y\u00fcz\u00fcn\u00fc sadece eski foto\u011fraflarda g\u00f6rebilece\u011fimi bilerek her g\u00fcne uyanmak\u2026 bu his tarif edilemez. Ne kadar \u00e7abalasam da, an\u0131lar asla yeterli olmuyor.<\/p>\n<p>Anne, seni \u00e7ok \u00f6zl\u00fcyorum. \u00d6yle bir \u00f6zlem ki, i\u00e7imde a\u011f\u0131r bir y\u00fck gibi ta\u015f\u0131yorum. En k\u00fc\u00e7\u00fck anlar bile bana yoklu\u011funu hat\u0131rlat\u0131yor ve kimse bu k\u0131sm\u0131 anlatm\u0131yor\u2014\u00f6zlem azalm\u0131yor, aksine b\u00fcy\u00fcyor. Her g\u00fcn seni daha da \u00e7ok \u00f6zl\u00fcyorum. Her g\u00fcn, zaman\u0131n geri d\u00f6nmesini, sadece bir saniyeli\u011fine bile olsa tekrar seni g\u00f6rebilmeyi diliyorum. Sadece bir saniye\u2026 sana gitme diyebilmek i\u00e7in.<\/p>\n<p><img loading=\"lazy\" decoding=\"async\" class=\"alignnone wp-image-136297\" src=\"https:\/\/www.tgrthaber.com\/mavikadin\/wp-content\/uploads\/54-2.png\" alt=\"\" width=\"1208\" height=\"629\" title=\"\" srcset=\"https:\/\/www.tgrthaber.com\/mavikadin\/wp-content\/uploads\/54-2.png 887w, https:\/\/www.tgrthaber.com\/mavikadin\/wp-content\/uploads\/54-2-300x156.png 300w, https:\/\/www.tgrthaber.com\/mavikadin\/wp-content\/uploads\/54-2-768x400.png 768w\" sizes=\"(max-width: 1208px) 100vw, 1208px\" \/><\/p>\n<hr \/>\n<p>Seni bir kez daha g\u00f6rebilmek i\u00e7in her \u015feyimi verirdim. Bana sar\u0131lman, ad\u0131m\u0131 s\u00f6ylemen, varl\u0131\u011f\u0131nla i\u00e7imi \u0131s\u0131tman i\u00e7in her \u015feyimi\u2026 Ama art\u0131k bunu yapamam. Ve bu ger\u00e7ek, her g\u00fcn beni yeniden parampar\u00e7a ediyor.<\/p>\n<p>Bu y\u00fczden bug\u00fcn, seninle kutlama yapmak yerine, sensiz bir g\u00fcn\u00fc daha ya\u015famaya \u00e7al\u0131\u015f\u0131yorum. Ve bundan nefret ediyorum. Senin olmad\u0131\u011f\u0131n bir hayattan, bu bo\u015fluktan, bu ac\u0131dan nefret ediyorum.<\/p>\n<p>Do\u011fum g\u00fcn\u00fcn kutlu olsun, anne. Umar\u0131m bir yerlerde huzurlusundur. Umar\u0131m sesimi duyabiliyorsundur. Seni ne kadar sevdi\u011fimi, ne kadar \u00f6zledi\u011fimi, ne kadar sana ihtiyac\u0131m oldu\u011funu biliyorsundur\u2026 Seni asla, ama asla unutmayaca\u011f\u0131m.&#8221;<\/p>\n","protected":false},"excerpt":{"rendered":"<p>Magazin g\u00fcndemine yapt\u0131\u011f\u0131 a\u00e7\u0131klamalarla g\u00fcndeme gelen sosyetik isim S\u00fcreyya Yal\u00e7\u0131n, ge\u00e7ti\u011fimiz sene kaybetti\u011fi annesinin do\u011fum g\u00fcn\u00fcn\u00fc sosyal medya hesab\u0131ndan duygu dolu s\u00f6zlerle kutlad\u0131.<\/p>\n","protected":false},"author":27,"featured_media":136298,"comment_status":"closed","ping_status":"closed","sticky":false,"template":"","format":"standard","meta":{"rank_math_lock_modified_date":false,"footnotes":""},"categories":[76],"tags":[133,11489,11490],"class_list":["post-136295","post","type-post","status-publish","format-standard","has-post-thumbnail","hentry","category-magazin","tag-magazin","tag-sureyya-yalcin","tag-ulku-yalcin"],"_links":{"self":[{"href":"https:\/\/www.tgrthaber.com\/mavikadin\/wp-json\/wp\/v2\/posts\/136295"}],"collection":[{"href":"https:\/\/www.tgrthaber.com\/mavikadin\/wp-json\/wp\/v2\/posts"}],"about":[{"href":"https:\/\/www.tgrthaber.com\/mavikadin\/wp-json\/wp\/v2\/types\/post"}],"author":[{"embeddable":true,"href":"https:\/\/www.tgrthaber.com\/mavikadin\/wp-json\/wp\/v2\/users\/27"}],"replies":[{"embeddable":true,"href":"https:\/\/www.tgrthaber.com\/mavikadin\/wp-json\/wp\/v2\/comments?post=136295"}],"version-history":[{"count":3,"href":"https:\/\/www.tgrthaber.com\/mavikadin\/wp-json\/wp\/v2\/posts\/136295\/revisions"}],"predecessor-version":[{"id":136301,"href":"https:\/\/www.tgrthaber.com\/mavikadin\/wp-json\/wp\/v2\/posts\/136295\/revisions\/136301"}],"wp:featuredmedia":[{"embeddable":true,"href":"https:\/\/www.tgrthaber.com\/mavikadin\/wp-json\/wp\/v2\/media\/136298"}],"wp:attachment":[{"href":"https:\/\/www.tgrthaber.com\/mavikadin\/wp-json\/wp\/v2\/media?parent=136295"}],"wp:term":[{"taxonomy":"category","embeddable":true,"href":"https:\/\/www.tgrthaber.com\/mavikadin\/wp-json\/wp\/v2\/categories?post=136295"},{"taxonomy":"post_tag","embeddable":true,"href":"https:\/\/www.tgrthaber.com\/mavikadin\/wp-json\/wp\/v2\/tags?post=136295"}],"curies":[{"name":"wp","href":"https:\/\/api.w.org\/{rel}","templated":true}]}}