{"id":136342,"date":"2025-02-21T10:05:24","date_gmt":"2025-02-21T07:05:24","guid":{"rendered":"https:\/\/www.tgrthaber.com\/mavikadin\/?p=136342"},"modified":"2025-02-21T10:08:14","modified_gmt":"2025-02-21T07:08:14","slug":"hakan-sabancinin-hande-ercel-sabri-hande-imzaladi-hakan-bekledi","status":"publish","type":"post","link":"https:\/\/www.tgrthaber.com\/mavikadin\/hakan-sabancinin-hande-ercel-sabri-hande-imzaladi-hakan-bekledi\/","title":{"rendered":"Hakan Sabanc\u0131\u2019n\u0131n Hande Er\u00e7el sabr\u0131! Hande imzalad\u0131 Hakan bekledi"},"content":{"rendered":"<p>Hande Er\u00e7el ile Hakan Sabanc\u0131 tatil i\u00e7in rotalar\u0131n\u0131 \u0130spanya\u2019ya \u00e7evirdiler. Er\u00e7el\u2019in hayranlar\u0131yla foto\u011fraf \u00e7ekilmesini sab\u0131rla bekleyen Hakan Sabanc\u0131\u2019n\u0131n sabr\u0131 ise herkesi \u015fa\u015f\u0131rtt\u0131.<\/p>\n<h3>HAKAN SABANCI\u2019NIN HANDE ER\u00c7EL SABRI!<\/h3>\n<p>\u0130spanya\u2019ya tatil i\u00e7in giden Hakan Sabanc\u0131 ve Hande Er\u00e7el \u00e7ifti hayranlar\u0131yla bol bol foto\u011fraf \u00e7ekilmeyi ihmal etmedi. Hande Er\u00e7el\u2019in foto\u011fraf \u00e7ekildi\u011fi s\u0131ralarda Hakan Sabanc\u0131\u2019n\u0131n arka planda sab\u0131rla beklemesi g\u00fcndem oldu.<\/p>\n<div style=\"width: 640px;\" class=\"wp-video\"><!--[if lt IE 9]><script>document.createElement('video');<\/script><![endif]-->\n<video class=\"wp-video-shortcode\" id=\"video-136342-1\" width=\"640\" height=\"1138\" preload=\"metadata\" controls=\"controls\"><source type=\"video\/mp4\" src=\"https:\/\/www.tgrthaber.com\/mavikadin\/wp-content\/uploads\/Hande-ErcelMadridde-hayranlariyla-fotograf-cektirirken-Hakan-Sabancida-sevgilisini-arkada-bekledi.-handemiyy-hakansabanci.mp4?_=1\" \/><a href=\"https:\/\/www.tgrthaber.com\/mavikadin\/wp-content\/uploads\/Hande-ErcelMadridde-hayranlariyla-fotograf-cektirirken-Hakan-Sabancida-sevgilisini-arkada-bekledi.-handemiyy-hakansabanci.mp4\">https:\/\/www.tgrthaber.com\/mavikadin\/wp-content\/uploads\/Hande-ErcelMadridde-hayranlariyla-fotograf-cektirirken-Hakan-Sabancida-sevgilisini-arkada-bekledi.-handemiyy-hakansabanci.mp4<\/a><\/video><\/div>\n<hr \/>\n<h3>HAYRANLARIYLA KEY\u0130FL\u0130 ANLAR YA\u015eADI<\/h3>\n<p>Uzun s\u00fcredir birlikte olan Hande Er\u00e7el ve Hakan Sabanc\u0131 \u00e7ifti tatil i\u00e7in \u0130spanya\u2019dayd\u0131. Al\u0131\u015fveri\u015f turu s\u0131ras\u0131nda hayranlar\u0131yla kar\u015f\u0131la\u015fan Er\u00e7el keyifli anlar ya\u015fad\u0131.<\/p>\n<h3>HAKAN SABANCI SABRIYLA G\u00dcNDEM OLDU<\/h3>\n<p>Hayranlar\u0131n\u0131n foto\u011fraf iste\u011fini k\u0131rmayan Er\u00e7el o anlar\u0131 sosyal medya hesab\u0131ndan payla\u015ft\u0131.<\/p>\n<p><img loading=\"lazy\" decoding=\"async\" class=\"alignnone wp-image-136345\" src=\"https:\/\/www.tgrthaber.com\/mavikadin\/wp-content\/uploads\/hande-ercel-2-3.jpg\" alt=\"\" width=\"1208\" height=\"680\" title=\"\" srcset=\"https:\/\/www.tgrthaber.com\/mavikadin\/wp-content\/uploads\/hande-ercel-2-3.jpg 1920w, https:\/\/www.tgrthaber.com\/mavikadin\/wp-content\/uploads\/hande-ercel-2-3-300x169.jpg 300w, https:\/\/www.tgrthaber.com\/mavikadin\/wp-content\/uploads\/hande-ercel-2-3-1024x576.jpg 1024w, https:\/\/www.tgrthaber.com\/mavikadin\/wp-content\/uploads\/hande-ercel-2-3-768x432.jpg 768w, https:\/\/www.tgrthaber.com\/mavikadin\/wp-content\/uploads\/hande-ercel-2-3-1536x864.jpg 1536w\" sizes=\"(max-width: 1208px) 100vw, 1208px\" \/><\/p>\n<hr \/>\n<p>Er\u00e7el\u2019in ya\u015fad\u0131\u011f\u0131 keyifli anlar s\u0131ras\u0131nda Sabanc\u0131&#8217;n\u0131n sessizce arka planda durarak kendi kendine vakit ge\u00e7irmesi ise dikkatlerden ka\u00e7mad\u0131.<\/p>\n<p>Sosyal medya kullan\u0131c\u0131lar\u0131 Hakan Sabanc\u0131 hakk\u0131nda &#8220;Oynad\u0131\u011f\u0131 diziler Avrupa&#8217;ya da sat\u0131l\u0131yor, haliyle tan\u0131n\u0131yor. Ya ba\u015fka ne olacakt\u0131? &#8216;Durun onu de\u011fil beni \u00e7ekin mi?&#8217; desin&#8221; gibi \u00a0yorumlar yapt\u0131.<\/p>\n<h3><img loading=\"lazy\" decoding=\"async\" class=\"alignnone wp-image-135752\" src=\"https:\/\/www.tgrthaber.com\/mavikadin\/wp-content\/uploads\/640x360-1-1.webp\" alt=\"\" width=\"1208\" height=\"680\" title=\"\" srcset=\"https:\/\/www.tgrthaber.com\/mavikadin\/wp-content\/uploads\/640x360-1-1.webp 1280w, https:\/\/www.tgrthaber.com\/mavikadin\/wp-content\/uploads\/640x360-1-1-300x169.webp 300w, https:\/\/www.tgrthaber.com\/mavikadin\/wp-content\/uploads\/640x360-1-1-1024x576.webp 1024w, https:\/\/www.tgrthaber.com\/mavikadin\/wp-content\/uploads\/640x360-1-1-768x432.webp 768w\" sizes=\"(max-width: 1208px) 100vw, 1208px\" \/><\/h3>\n<hr \/>\n<h3>HANDE ER\u00c7EL AYRILIK \u0130DD\u0130ALARINA NOKTAYI KOYDU<\/h3>\n<p>Bir s\u00fcredir haklar\u0131nda ayr\u0131l\u0131k iddialar\u0131 \u00e7\u0131kan Hande Er\u00e7el Hakan Sabanc\u0131 \u00e7ifti bu s\u00f6ylentilere beraber \u00e7ekildikleri tatil kareleriyle son verdi.<\/p>\n<p>Ayr\u0131l\u0131k dedikodular\u0131 h\u0131zla yay\u0131l\u0131rken g\u00fczel oyuncudan gelen payla\u015f\u0131m, \u00e7\u0131kan haberlere cevap niteli\u011finde oldu.<\/p>\n<p>\u00c7iftin hayranlar\u0131 ayr\u0131l\u0131k haberlerinin do\u011frulu\u011funu ara\u015ft\u0131r\u0131rken s\u00fcrpriz bir geli\u015fme ya\u015fand\u0131. Pop\u00fcler \u00e7ift Er\u00e7el ile Sabanc\u0131 birlikte \u0130spanya\u2019ya gitti.<\/p>\n<p>Sosyal medyay\u0131 aktif olarak kullanan \u00e7iftten yeni kareler pe\u015f pe\u015fe geldi.<\/p>\n<p>Hande Er\u00e7el\u2019in 31,7 milyon takip\u00e7ili Instagram hesab\u0131ndan yapt\u0131\u011f\u0131 payla\u015f\u0131mlar \u00e7iftin fanlar\u0131n\u0131 sevindirdi.<\/p>\n<p>Madrid\u2019de ortaya \u00e7\u0131kan \u00e7ift Arda G\u00fcler\u2019in ma\u00e7\u0131n\u0131 Santiago Bernab\u00e9u Stadyumu\u2019ndan izledi. \u0130kili, bu anlar\u0131 Instagram\u2019da payla\u015ft\u0131.<\/p>\n<p>Payla\u015f\u0131lan karelerden sonra Hande Er\u00e7el ve Hakan Sabanc\u0131\u2019n\u0131n ili\u015fkilerinin sorunsuz devam etti\u011fi kesinle\u015fti.<\/p>\n<p>&nbsp;<\/p>\n","protected":false},"excerpt":{"rendered":"<p>Hakan Sabanc\u0131\u2019n\u0131n Hande Er\u00e7el sabr\u0131 g\u00f6renleri \u015fa\u015f\u0131rtt\u0131. Birlikte \u0130spanya\u2019ya giden ikiliden Er\u00e7el foto\u011fraf \u00e7ekilmek isteyen hayranlar\u0131n\u0131 k\u0131rmad\u0131. O s\u0131rada Hakan Sabanc\u0131\u2019n\u0131n arkada onu sab\u0131rla beklemesi g\u00fcndem oldu.<\/p>\n","protected":false},"author":5,"featured_media":136346,"comment_status":"closed","ping_status":"closed","sticky":false,"template":"","format":"standard","meta":{"rank_math_lock_modified_date":false,"footnotes":""},"categories":[76],"tags":[2738,2391],"class_list":["post-136342","post","type-post","status-publish","format-standard","has-post-thumbnail","hentry","category-magazin","tag-hakan-sabanci","tag-hande-ercel"],"_links":{"self":[{"href":"https:\/\/www.tgrthaber.com\/mavikadin\/wp-json\/wp\/v2\/posts\/136342"}],"collection":[{"href":"https:\/\/www.tgrthaber.com\/mavikadin\/wp-json\/wp\/v2\/posts"}],"about":[{"href":"https:\/\/www.tgrthaber.com\/mavikadin\/wp-json\/wp\/v2\/types\/post"}],"author":[{"embeddable":true,"href":"https:\/\/www.tgrthaber.com\/mavikadin\/wp-json\/wp\/v2\/users\/5"}],"replies":[{"embeddable":true,"href":"https:\/\/www.tgrthaber.com\/mavikadin\/wp-json\/wp\/v2\/comments?post=136342"}],"version-history":[{"count":3,"href":"https:\/\/www.tgrthaber.com\/mavikadin\/wp-json\/wp\/v2\/posts\/136342\/revisions"}],"predecessor-version":[{"id":136359,"href":"https:\/\/www.tgrthaber.com\/mavikadin\/wp-json\/wp\/v2\/posts\/136342\/revisions\/136359"}],"wp:featuredmedia":[{"embeddable":true,"href":"https:\/\/www.tgrthaber.com\/mavikadin\/wp-json\/wp\/v2\/media\/136346"}],"wp:attachment":[{"href":"https:\/\/www.tgrthaber.com\/mavikadin\/wp-json\/wp\/v2\/media?parent=136342"}],"wp:term":[{"taxonomy":"category","embeddable":true,"href":"https:\/\/www.tgrthaber.com\/mavikadin\/wp-json\/wp\/v2\/categories?post=136342"},{"taxonomy":"post_tag","embeddable":true,"href":"https:\/\/www.tgrthaber.com\/mavikadin\/wp-json\/wp\/v2\/tags?post=136342"}],"curies":[{"name":"wp","href":"https:\/\/api.w.org\/{rel}","templated":true}]}}