{"id":136398,"date":"2025-02-21T11:16:45","date_gmt":"2025-02-21T08:16:45","guid":{"rendered":"https:\/\/www.tgrthaber.com\/mavikadin\/?p=136398"},"modified":"2025-02-21T11:25:13","modified_gmt":"2025-02-21T08:25:13","slug":"milli-voleybolcu-zehra-gunes-ayna-pozlariyla-dikkat-cekti","status":"publish","type":"post","link":"https:\/\/www.tgrthaber.com\/mavikadin\/milli-voleybolcu-zehra-gunes-ayna-pozlariyla-dikkat-cekti\/","title":{"rendered":"Milli voleybolcu Zehra G\u00fcne\u015f ayna pozlar\u0131yla dikkat \u00e7ekti!"},"content":{"rendered":"<p>A Milli Kad\u0131n Voleybol Tak\u0131m\u0131 ba\u015far\u0131l\u0131 oyuncular\u0131ndan Zehra G\u00fcne\u015f, ayna kar\u015f\u0131s\u0131nda verdi\u011fi pozlarla dikkat \u00e7ekti. G\u00fcne\u015f, aynada verdi\u011fi pozlar\u0131 sosyal medya hesab\u0131ndan takip\u00e7ileriyle payla\u015ft\u0131. S\u00fcrekli olarak aynada verdi\u011fi pozlarla dikkatleri \u00fczerine \u00e7eken G\u00fcne\u015f, ayna kar\u015f\u0131s\u0131nda verdi\u011fi pozlar\u0131 rutin haline getirdi.<\/p>\n<h3>ZEHRA G\u00dcNE\u015e AYNA POZLARIYLA D\u0130KKAT \u00c7EKT\u0130!<\/h3>\n<p>\u015eimdilerde Sultanlar Ligi tak\u0131mlar\u0131ndan Vak\u0131fBank\u2019ta orta oyuncu olarak boy g\u00f6steren Zehra G\u00fcne\u015f, ba\u015far\u0131l\u0131 voleybol kariyeriyle dikkatleri \u00fczerine \u00e7ekiyor. Vak\u0131fBank tak\u0131m\u0131n\u0131n yan\u0131 s\u0131ra A Milli Voleybol Tak\u0131m\u0131\u2019n\u0131n y\u0131ld\u0131z oyuncular\u0131 aras\u0131nda yer alan G\u00fcne\u015f, sosyal medya payla\u015f\u0131mlar\u0131yla da dikkat \u00e7ekiyor. Ba\u015far\u0131l\u0131 sporcu ki\u015fili\u011fiyle ad\u0131ndan s\u0131k s\u0131k s\u00f6z ettiren G\u00fcne\u015f, sosyal medyada yapt\u0131\u011f\u0131 payla\u015f\u0131mlarla da g\u00fcndem olmaya devam ediyor.<\/p>\n<p><img loading=\"lazy\" decoding=\"async\" class=\"alignnone wp-image-136409\" src=\"https:\/\/www.tgrthaber.com\/mavikadin\/wp-content\/uploads\/zehra-gunes-2-1-1024x576.jpg\" alt=\"Milli voleybolcu Zehra G\u00fcne\u015f ayna pozlar\u0131yla dikkat \u00e7ekti! \" width=\"1208\" height=\"680\" title=\"\" srcset=\"https:\/\/www.tgrthaber.com\/mavikadin\/wp-content\/uploads\/zehra-gunes-2-1-1024x576.jpg 1024w, https:\/\/www.tgrthaber.com\/mavikadin\/wp-content\/uploads\/zehra-gunes-2-1-300x169.jpg 300w, https:\/\/www.tgrthaber.com\/mavikadin\/wp-content\/uploads\/zehra-gunes-2-1-768x432.jpg 768w, https:\/\/www.tgrthaber.com\/mavikadin\/wp-content\/uploads\/zehra-gunes-2-1-1536x864.jpg 1536w, https:\/\/www.tgrthaber.com\/mavikadin\/wp-content\/uploads\/zehra-gunes-2-1.jpg 1600w\" sizes=\"(max-width: 1208px) 100vw, 1208px\" \/><\/p>\n<hr \/>\n<p>Sosyal medya hesaplar\u0131n\u0131 aktif olarak kullanan Zehra G\u00fcne\u015f\u2019in, Instagram hesab\u0131nda 4 milyon takip\u00e7isi bulunuyor. B\u00fcy\u00fck bir takip\u00e7i kitlesine sahip olan G\u00fcne\u015f, g\u00fcnl\u00fck hayat\u0131ndan kesitlerini sevenleriyle payla\u015f\u0131yor. Instagram hesab\u0131n\u0131 aktif olarak kullanan G\u00fcne\u015f, ayna kar\u015f\u0131s\u0131nda verdi\u011fi pozlarla dikkat \u00e7ekiyor.<\/p>\n<p><img loading=\"lazy\" decoding=\"async\" class=\"alignnone wp-image-136411\" src=\"https:\/\/www.tgrthaber.com\/mavikadin\/wp-content\/uploads\/zehra-gunes-4-1-1024x576.jpg\" alt=\"Milli voleybolcu Zehra G\u00fcne\u015f ayna pozlar\u0131yla dikkat \u00e7ekti! \" width=\"1208\" height=\"680\" title=\"\" srcset=\"https:\/\/www.tgrthaber.com\/mavikadin\/wp-content\/uploads\/zehra-gunes-4-1-1024x576.jpg 1024w, https:\/\/www.tgrthaber.com\/mavikadin\/wp-content\/uploads\/zehra-gunes-4-1-300x169.jpg 300w, https:\/\/www.tgrthaber.com\/mavikadin\/wp-content\/uploads\/zehra-gunes-4-1-768x432.jpg 768w, https:\/\/www.tgrthaber.com\/mavikadin\/wp-content\/uploads\/zehra-gunes-4-1-1536x864.jpg 1536w, https:\/\/www.tgrthaber.com\/mavikadin\/wp-content\/uploads\/zehra-gunes-4-1.jpg 1600w\" sizes=\"(max-width: 1208px) 100vw, 1208px\" \/><\/p>\n<hr \/>\n<h3>AYNA POZLARINI RUT\u0130N HAL\u0130NE GET\u0130RD\u0130!<\/h3>\n<p>\u015eimdilerde 25 ya\u015f\u0131nda olan ba\u015far\u0131l\u0131 sporcu Zehra G\u00fcne\u015f, voleybolda oldu\u011fu kadar sosyal medyada da ad\u0131n\u0131 duyuruyor. B\u00fcy\u00fck bir takip\u00e7i kitlesine sahip olan G\u00fcne\u015f, payla\u015f\u0131mlar\u0131yla dikkatleri \u00fczerine \u00e7ekiyor. Sporcu ki\u015fili\u011finin yan\u0131 s\u0131ra \u00f6zel hayat\u0131yla da s\u0131k s\u0131k g\u00fcndeme gelen G\u00fcne\u015f, Instagram hesab\u0131ndan aktif olarak takip\u00e7ileriyle foto\u011fraf payla\u015f\u0131yor.<\/p>\n<p><img loading=\"lazy\" decoding=\"async\" class=\"alignnone wp-image-136413\" src=\"https:\/\/www.tgrthaber.com\/mavikadin\/wp-content\/uploads\/zehra-gunes-5-1024x576.jpg\" alt=\"Milli voleybolcu Zehra G\u00fcne\u015f ayna pozlar\u0131yla dikkat \u00e7ekti! \" width=\"1208\" height=\"680\" title=\"\" srcset=\"https:\/\/www.tgrthaber.com\/mavikadin\/wp-content\/uploads\/zehra-gunes-5-1024x576.jpg 1024w, https:\/\/www.tgrthaber.com\/mavikadin\/wp-content\/uploads\/zehra-gunes-5-300x169.jpg 300w, https:\/\/www.tgrthaber.com\/mavikadin\/wp-content\/uploads\/zehra-gunes-5-768x432.jpg 768w, https:\/\/www.tgrthaber.com\/mavikadin\/wp-content\/uploads\/zehra-gunes-5-1536x864.jpg 1536w, https:\/\/www.tgrthaber.com\/mavikadin\/wp-content\/uploads\/zehra-gunes-5.jpg 1600w\" sizes=\"(max-width: 1208px) 100vw, 1208px\" \/><\/p>\n<hr \/>\n<p>Yapt\u0131\u011f\u0131 payla\u015f\u0131mlarla s\u0131k s\u0131k ad\u0131ndan s\u00f6z ettiren Zehra G\u00fcne\u015f gerek reklam filmleriyle gerek i\u015f birlikleriyle gerek spor hayat\u0131yla gerekse de \u00f6zel hayat\u0131ndan kesitlerle sosyal medya hesab\u0131nda payla\u015f\u0131m yapmaya devam ediyor. \u00d6zellikle de ayn\u0131 pozlar\u0131yla g\u00fcndeme gelen G\u00fcne\u015f, yapt\u0131\u011f\u0131 k\u0131yafet kombinleriyle de dikkat \u00e7ekiyor. S\u00fcrekli olarak aynada verdi\u011fi pozlarla dikkatleri \u00fczerine \u00e7eken G\u00fcne\u015f, ayna kar\u015f\u0131s\u0131nda verdi\u011fi pozlar\u0131 adeta rutin haline getirdi. G\u00fcne\u015f\u2019in ayna kar\u015f\u0131s\u0131nda verdi\u011fi pozlar ise takip\u00e7ileri taraf\u0131ndan \u00e7ok sevildi.<\/p>\n<p><img loading=\"lazy\" decoding=\"async\" class=\"alignnone wp-image-136414\" src=\"https:\/\/www.tgrthaber.com\/mavikadin\/wp-content\/uploads\/zehra-gunes-6-1024x576.jpg\" alt=\"Milli voleybolcu Zehra G\u00fcne\u015f ayna pozlar\u0131yla dikkat \u00e7ekti! \" width=\"1208\" height=\"680\" title=\"\" srcset=\"https:\/\/www.tgrthaber.com\/mavikadin\/wp-content\/uploads\/zehra-gunes-6-1024x576.jpg 1024w, https:\/\/www.tgrthaber.com\/mavikadin\/wp-content\/uploads\/zehra-gunes-6-300x169.jpg 300w, https:\/\/www.tgrthaber.com\/mavikadin\/wp-content\/uploads\/zehra-gunes-6-768x432.jpg 768w, https:\/\/www.tgrthaber.com\/mavikadin\/wp-content\/uploads\/zehra-gunes-6-1536x864.jpg 1536w, https:\/\/www.tgrthaber.com\/mavikadin\/wp-content\/uploads\/zehra-gunes-6.jpg 1600w\" sizes=\"(max-width: 1208px) 100vw, 1208px\" \/><\/p>\n<hr \/>\n<p><strong>\u0130\u015fte Milli voleybolcu Zehra G\u00fcne\u015f\u2019in ayna kar\u015f\u0131s\u0131nda verdi\u011fi pozlar\u2026<\/strong><\/p>\n<p><img loading=\"lazy\" decoding=\"async\" class=\"alignnone wp-image-136415\" src=\"https:\/\/www.tgrthaber.com\/mavikadin\/wp-content\/uploads\/zehra-gunes-3-1-1024x576.jpg\" alt=\"Milli voleybolcu Zehra G\u00fcne\u015f ayna pozlar\u0131yla dikkat \u00e7ekti! \" width=\"1208\" height=\"680\" title=\"\" srcset=\"https:\/\/www.tgrthaber.com\/mavikadin\/wp-content\/uploads\/zehra-gunes-3-1-1024x576.jpg 1024w, https:\/\/www.tgrthaber.com\/mavikadin\/wp-content\/uploads\/zehra-gunes-3-1-300x169.jpg 300w, https:\/\/www.tgrthaber.com\/mavikadin\/wp-content\/uploads\/zehra-gunes-3-1-768x432.jpg 768w, https:\/\/www.tgrthaber.com\/mavikadin\/wp-content\/uploads\/zehra-gunes-3-1-1536x864.jpg 1536w, https:\/\/www.tgrthaber.com\/mavikadin\/wp-content\/uploads\/zehra-gunes-3-1.jpg 1600w\" sizes=\"(max-width: 1208px) 100vw, 1208px\" \/><\/p>\n<p><img loading=\"lazy\" decoding=\"async\" class=\"alignnone wp-image-136417\" src=\"https:\/\/www.tgrthaber.com\/mavikadin\/wp-content\/uploads\/zehra-gunes-7-1024x576.jpg\" alt=\"Milli voleybolcu Zehra G\u00fcne\u015f ayna pozlar\u0131yla dikkat \u00e7ekti! \" width=\"1208\" height=\"680\" title=\"\" srcset=\"https:\/\/www.tgrthaber.com\/mavikadin\/wp-content\/uploads\/zehra-gunes-7-1024x576.jpg 1024w, https:\/\/www.tgrthaber.com\/mavikadin\/wp-content\/uploads\/zehra-gunes-7-300x169.jpg 300w, https:\/\/www.tgrthaber.com\/mavikadin\/wp-content\/uploads\/zehra-gunes-7-768x432.jpg 768w, https:\/\/www.tgrthaber.com\/mavikadin\/wp-content\/uploads\/zehra-gunes-7-1536x864.jpg 1536w, https:\/\/www.tgrthaber.com\/mavikadin\/wp-content\/uploads\/zehra-gunes-7.jpg 1600w\" sizes=\"(max-width: 1208px) 100vw, 1208px\" \/><\/p>\n<p><img loading=\"lazy\" decoding=\"async\" class=\"alignnone wp-image-136419\" src=\"https:\/\/www.tgrthaber.com\/mavikadin\/wp-content\/uploads\/zehra-gunes-1-1-1024x576.jpg\" alt=\"Milli voleybolcu Zehra G\u00fcne\u015f ayna pozlar\u0131yla dikkat \u00e7ekti! \" width=\"1208\" height=\"680\" title=\"\" srcset=\"https:\/\/www.tgrthaber.com\/mavikadin\/wp-content\/uploads\/zehra-gunes-1-1-1024x576.jpg 1024w, https:\/\/www.tgrthaber.com\/mavikadin\/wp-content\/uploads\/zehra-gunes-1-1-300x169.jpg 300w, https:\/\/www.tgrthaber.com\/mavikadin\/wp-content\/uploads\/zehra-gunes-1-1-768x432.jpg 768w, https:\/\/www.tgrthaber.com\/mavikadin\/wp-content\/uploads\/zehra-gunes-1-1-1536x864.jpg 1536w, https:\/\/www.tgrthaber.com\/mavikadin\/wp-content\/uploads\/zehra-gunes-1-1.jpg 1600w\" sizes=\"(max-width: 1208px) 100vw, 1208px\" \/><\/p>\n","protected":false},"excerpt":{"rendered":"<p>Ba\u015far\u0131l\u0131 milli sporcu Zehra G\u00fcne\u015f ayna pozlar\u0131yla dikkat \u00e7ekiyor. G\u00fcne\u015f, aynada verdi\u011fi pozlar\u0131 sosyal medya hesab\u0131ndan takip\u00e7ileriyle payla\u015f\u0131yor. \u0130\u015fte detaylar\u2026 <\/p>\n","protected":false},"author":26,"featured_media":136406,"comment_status":"closed","ping_status":"closed","sticky":false,"template":"","format":"standard","meta":{"rank_math_lock_modified_date":false,"footnotes":""},"categories":[76],"tags":[11515,11514,9877,2280],"class_list":["post-136398","post","type-post","status-publish","format-standard","has-post-thumbnail","hentry","category-magazin","tag-a-milli-kadin-voleybol-takimi","tag-vakifbank","tag-voleybol","tag-zehra-gunes"],"_links":{"self":[{"href":"https:\/\/www.tgrthaber.com\/mavikadin\/wp-json\/wp\/v2\/posts\/136398"}],"collection":[{"href":"https:\/\/www.tgrthaber.com\/mavikadin\/wp-json\/wp\/v2\/posts"}],"about":[{"href":"https:\/\/www.tgrthaber.com\/mavikadin\/wp-json\/wp\/v2\/types\/post"}],"author":[{"embeddable":true,"href":"https:\/\/www.tgrthaber.com\/mavikadin\/wp-json\/wp\/v2\/users\/26"}],"replies":[{"embeddable":true,"href":"https:\/\/www.tgrthaber.com\/mavikadin\/wp-json\/wp\/v2\/comments?post=136398"}],"version-history":[{"count":3,"href":"https:\/\/www.tgrthaber.com\/mavikadin\/wp-json\/wp\/v2\/posts\/136398\/revisions"}],"predecessor-version":[{"id":136420,"href":"https:\/\/www.tgrthaber.com\/mavikadin\/wp-json\/wp\/v2\/posts\/136398\/revisions\/136420"}],"wp:featuredmedia":[{"embeddable":true,"href":"https:\/\/www.tgrthaber.com\/mavikadin\/wp-json\/wp\/v2\/media\/136406"}],"wp:attachment":[{"href":"https:\/\/www.tgrthaber.com\/mavikadin\/wp-json\/wp\/v2\/media?parent=136398"}],"wp:term":[{"taxonomy":"category","embeddable":true,"href":"https:\/\/www.tgrthaber.com\/mavikadin\/wp-json\/wp\/v2\/categories?post=136398"},{"taxonomy":"post_tag","embeddable":true,"href":"https:\/\/www.tgrthaber.com\/mavikadin\/wp-json\/wp\/v2\/tags?post=136398"}],"curies":[{"name":"wp","href":"https:\/\/api.w.org\/{rel}","templated":true}]}}