{"id":136481,"date":"2025-02-21T13:23:29","date_gmt":"2025-02-21T10:23:29","guid":{"rendered":"https:\/\/www.tgrthaber.com\/mavikadin\/?p=136481"},"modified":"2025-02-21T14:45:48","modified_gmt":"2025-02-21T11:45:48","slug":"uzak-sehir-dizisinde-soke-eden-olay-ozan-akbabanin-dizide-giydigi-kabanin-calindigi-iddia-edildi","status":"publish","type":"post","link":"https:\/\/www.tgrthaber.com\/mavikadin\/uzak-sehir-dizisinde-soke-eden-olay-ozan-akbabanin-dizide-giydigi-kabanin-calindigi-iddia-edildi\/","title":{"rendered":"Uzak \u015eehir dizisinde \u015foke eden olay! Ozan Akbaba\u2019n\u0131n dizide giydi\u011fi kaban\u0131n \u00e7al\u0131nd\u0131\u011f\u0131 iddia edildi"},"content":{"rendered":"<p>Uzak \u015eehir dizisinin sevilen karakteri Cihan Albora dizide giydi\u011fi k\u0131yafetlerle dikkat \u00e7ekiyor. Sosyal medyada ortaya at\u0131lan iddiaya g\u00f6re Ozan Akbaba\u2019n\u0131n dizide giydi\u011fi bir kaban \u00e7al\u0131nd\u0131 ve 50 bin liraya sat\u0131ld\u0131.<\/p>\n<h3>UZAK \u015eEH\u0130R D\u0130Z\u0130S\u0130NDE \u015eOKE EDEN OLAY<\/h3>\n<p>Uzak \u015eehir dizisinin ba\u015far\u0131l\u0131 ismi Cihan Albora\u2019n\u0131n giydi\u011fi k\u0131yafetler her b\u00f6l\u00fcmde dikkat \u00e7ekiyor. Sosyal medyada dola\u015fan bir habere g\u00f6re Ozan Akbaba\u2019n\u0131n giydi\u011fi siyah kabanlardan birinin \u00e7al\u0131narak 50 bin liraya sat\u0131ld\u0131\u011f\u0131 \u00f6ne s\u00fcr\u00fcld\u00fc.<\/p>\n<p><img loading=\"lazy\" decoding=\"async\" class=\"alignnone wp-image-136482\" src=\"https:\/\/www.tgrthaber.com\/mavikadin\/wp-content\/uploads\/67b39d5a9a1693e033e195f8.webp\" alt=\"\" width=\"1208\" height=\"680\" title=\"\" srcset=\"https:\/\/www.tgrthaber.com\/mavikadin\/wp-content\/uploads\/67b39d5a9a1693e033e195f8.webp 1920w, https:\/\/www.tgrthaber.com\/mavikadin\/wp-content\/uploads\/67b39d5a9a1693e033e195f8-300x169.webp 300w, https:\/\/www.tgrthaber.com\/mavikadin\/wp-content\/uploads\/67b39d5a9a1693e033e195f8-1024x576.webp 1024w, https:\/\/www.tgrthaber.com\/mavikadin\/wp-content\/uploads\/67b39d5a9a1693e033e195f8-768x432.webp 768w, https:\/\/www.tgrthaber.com\/mavikadin\/wp-content\/uploads\/67b39d5a9a1693e033e195f8-1536x864.webp 1536w\" sizes=\"(max-width: 1208px) 100vw, 1208px\" \/><\/p>\n<hr \/>\n<h3>UZAK \u015eEH\u0130R SON B\u00d6L\u00dcMDE NELER OLDU?<\/h3>\n<p>Cihan Alya\u2019n\u0131n Mardin\u2019den ka\u00e7maya \u00e7al\u0131\u015fmas\u0131 kar\u015f\u0131s\u0131nda sessiz kalarak Alya\u2019n\u0131n dikkatini \u00e7ekti. Onu g\u00f6rd\u00fc\u011f\u00fc halde sessiz kalan Cihan sonu gelmeyen sorular\u0131n da \u00f6n\u00fcn\u00fc a\u00e7t\u0131.<\/p>\n<p>Alya ve Cihan aras\u0131nda ba\u011f\u0131n giderek artmas\u0131 ikisinin de i\u00e7inde huzursuzlu\u011fa neden oldu. Mine Alya\u2019n\u0131n gitmedi\u011fini g\u00f6r\u00fcnce Cihan\u2019la Alya\u2019n\u0131n birbirlerine yakla\u015fmas\u0131ndan korkarak kendince planlara koyuldu.<\/p>\n<p>Kaya ile Zerrin\u2019in birlikte olmas\u0131n\u0131 istemeyen Ecmel Mahmut&#8217;la i\u015f birli\u011fi yapar. Bu s\u0131rada Nare ise Zerrin\u2019i kendi gibi bir gelece\u011fi olmamas\u0131 i\u00e7in \u015eahin\u2019den yard\u0131m ister.<\/p>\n<p><img loading=\"lazy\" decoding=\"async\" class=\"alignnone wp-image-136483\" src=\"https:\/\/www.tgrthaber.com\/mavikadin\/wp-content\/uploads\/67a5e5c3da10d86907f3ae47.webp\" alt=\"\" width=\"1208\" height=\"805\" title=\"\" srcset=\"https:\/\/www.tgrthaber.com\/mavikadin\/wp-content\/uploads\/67a5e5c3da10d86907f3ae47.webp 2016w, https:\/\/www.tgrthaber.com\/mavikadin\/wp-content\/uploads\/67a5e5c3da10d86907f3ae47-300x200.webp 300w, https:\/\/www.tgrthaber.com\/mavikadin\/wp-content\/uploads\/67a5e5c3da10d86907f3ae47-1024x683.webp 1024w, https:\/\/www.tgrthaber.com\/mavikadin\/wp-content\/uploads\/67a5e5c3da10d86907f3ae47-768x512.webp 768w, https:\/\/www.tgrthaber.com\/mavikadin\/wp-content\/uploads\/67a5e5c3da10d86907f3ae47-1536x1024.webp 1536w\" sizes=\"(max-width: 1208px) 100vw, 1208px\" \/><\/p>\n<hr \/>\n<p>Alya g\u00f6rev i\u00e7in hastane d\u0131\u015f\u0131na \u00e7\u0131kar ve Cihan da pe\u015finden gider. Cihan ate\u015flenir ve Alya Cihan\u2019\u0131n ba\u015f\u0131ndan bir saniye bile ayr\u0131lmaz. Cihan, Alya&#8217;y\u0131 hi\u00e7 beklemedi\u011fi bir \u015fekilde \u015fa\u015f\u0131rtacakt\u0131r.<\/p>\n<p>Di\u011fer yandan Ecmel Cihan&#8217;\u0131 alt etmek i\u00e7in Demir&#8217;le yapt\u0131\u011f\u0131 anla\u015fmaya \u015eahin&#8217;i de \u00e7ekmek i\u00e7in bask\u0131 kuracakt\u0131r. \u015eahin bu anla\u015fman\u0131n \u015fartlar\u0131n\u0131 g\u00f6rd\u00fc\u011f\u00fcnde Cihan&#8217;\u0131n tam kar\u015f\u0131s\u0131nda olaca\u011f\u0131n\u0131 anlar.<\/p>\n<h3>OZAN AKBABA\u2019NIN UZAK \u015eEH\u0130R\u2019DEK\u0130 ROL\u00dc NED\u0130R?<\/h3>\n<p>Ozan Akbaba\u2019n\u0131n Uzak \u015eehir\u2019de oynad\u0131\u011f\u0131 Cihan Albora karakteri i\u00e7in \u015funlar\u0131 s\u00f6yledi:<\/p>\n<p>\u201cBenim g\u00f6z\u00fcmden Cihan ger\u00e7ekten b\u00fcy\u00fck sab\u0131r ta\u015f\u0131 hem de bir s\u00fcr\u00fc sorunla ba\u015f etmek zorunda kalan ve herkesi mutlu etmeye \u00e7al\u0131\u015fan, sayg\u0131 duyan, aile dirli\u011finin ve aile i\u00e7indeki sayg\u0131nl\u0131\u011f\u0131n yerini \u00e7ok iyi bilen, sayg\u0131nl\u0131k kavram\u0131n\u0131 \u00e7ok iyi bilen birisi. O y\u00fczden ne annesine kar\u015f\u0131 geliyor, ne karde\u015fine\u2026 Hepsine sayg\u0131 duyuyor, her \u015feyden \u00f6nce dinliyor. Bir yandan Alya&#8217;yla olan s\u0131k\u0131nt\u0131lar\u0131n\u0131 tamir etmeye \u00e7al\u0131\u015fan ve Alya&#8217;n\u0131n da kendini iyi hissetmesi i\u00e7in elinden geleni yapan ama taviz vermeden ilerleyen bir karakter\u201d<\/p>\n<p><img loading=\"lazy\" decoding=\"async\" class=\"alignnone wp-image-136484\" src=\"https:\/\/www.tgrthaber.com\/mavikadin\/wp-content\/uploads\/679ca7cbef0228554a91bdc9.webp\" alt=\"\" width=\"1208\" height=\"805\" title=\"\" srcset=\"https:\/\/www.tgrthaber.com\/mavikadin\/wp-content\/uploads\/679ca7cbef0228554a91bdc9.webp 2016w, https:\/\/www.tgrthaber.com\/mavikadin\/wp-content\/uploads\/679ca7cbef0228554a91bdc9-300x200.webp 300w, https:\/\/www.tgrthaber.com\/mavikadin\/wp-content\/uploads\/679ca7cbef0228554a91bdc9-1024x683.webp 1024w, https:\/\/www.tgrthaber.com\/mavikadin\/wp-content\/uploads\/679ca7cbef0228554a91bdc9-768x512.webp 768w, https:\/\/www.tgrthaber.com\/mavikadin\/wp-content\/uploads\/679ca7cbef0228554a91bdc9-1536x1024.webp 1536w\" sizes=\"(max-width: 1208px) 100vw, 1208px\" \/><\/p>\n","protected":false},"excerpt":{"rendered":"<p>Ekranlar\u0131n sevilen dizisi Uzak \u015eehir\u2019de \u015foke eden bir iddia ortaya at\u0131ld\u0131. K\u0131yafetleriyle dikkat \u00e7eken dizinin Cihan\u2019\u0131 yani Ozan Akbaba\u2019n\u0131n giydi\u011fi bir kaban\u0131n \u00e7al\u0131n\u0131p sat\u0131ld\u0131\u011f\u0131 s\u00f6yleniyor.<\/p>\n","protected":false},"author":5,"featured_media":136487,"comment_status":"closed","ping_status":"closed","sticky":false,"template":"","format":"standard","meta":{"rank_math_lock_modified_date":false,"footnotes":""},"categories":[602],"tags":[4478,2628,2295,2293],"class_list":["post-136481","post","type-post","status-publish","format-standard","has-post-thumbnail","hentry","category-diziler","tag-cihan-albora","tag-dizi-haberleri","tag-ozan-akbaba","tag-uzak-sehir"],"_links":{"self":[{"href":"https:\/\/www.tgrthaber.com\/mavikadin\/wp-json\/wp\/v2\/posts\/136481"}],"collection":[{"href":"https:\/\/www.tgrthaber.com\/mavikadin\/wp-json\/wp\/v2\/posts"}],"about":[{"href":"https:\/\/www.tgrthaber.com\/mavikadin\/wp-json\/wp\/v2\/types\/post"}],"author":[{"embeddable":true,"href":"https:\/\/www.tgrthaber.com\/mavikadin\/wp-json\/wp\/v2\/users\/5"}],"replies":[{"embeddable":true,"href":"https:\/\/www.tgrthaber.com\/mavikadin\/wp-json\/wp\/v2\/comments?post=136481"}],"version-history":[{"count":3,"href":"https:\/\/www.tgrthaber.com\/mavikadin\/wp-json\/wp\/v2\/posts\/136481\/revisions"}],"predecessor-version":[{"id":136538,"href":"https:\/\/www.tgrthaber.com\/mavikadin\/wp-json\/wp\/v2\/posts\/136481\/revisions\/136538"}],"wp:featuredmedia":[{"embeddable":true,"href":"https:\/\/www.tgrthaber.com\/mavikadin\/wp-json\/wp\/v2\/media\/136487"}],"wp:attachment":[{"href":"https:\/\/www.tgrthaber.com\/mavikadin\/wp-json\/wp\/v2\/media?parent=136481"}],"wp:term":[{"taxonomy":"category","embeddable":true,"href":"https:\/\/www.tgrthaber.com\/mavikadin\/wp-json\/wp\/v2\/categories?post=136481"},{"taxonomy":"post_tag","embeddable":true,"href":"https:\/\/www.tgrthaber.com\/mavikadin\/wp-json\/wp\/v2\/tags?post=136481"}],"curies":[{"name":"wp","href":"https:\/\/api.w.org\/{rel}","templated":true}]}}