{"id":136511,"date":"2025-02-21T14:14:36","date_gmt":"2025-02-21T11:14:36","guid":{"rendered":"https:\/\/www.tgrthaber.com\/mavikadin\/?p=136511"},"modified":"2025-02-21T14:14:37","modified_gmt":"2025-02-21T11:14:37","slug":"kizilcik-serbeti-dizisinin-merisi-sebnem-bozokludan-itiraf-pamuklarin-arkasinda-sivri-tirnaklarim-var","status":"publish","type":"post","link":"https:\/\/www.tgrthaber.com\/mavikadin\/kizilcik-serbeti-dizisinin-merisi-sebnem-bozokludan-itiraf-pamuklarin-arkasinda-sivri-tirnaklarim-var\/","title":{"rendered":"&#8216;K\u0131z\u0131lc\u0131k \u015eerbeti&#8217; dizisinin &#8216;Meri&#8217;si \u015eebnem Bozoklu&#8217;dan itiraf: Pamuklar\u0131n arkas\u0131nda sivri t\u0131rnaklar\u0131m var"},"content":{"rendered":"<p>Her Cuma ak\u015fam\u0131 saat 20.00&#8217;da Show TV ekranlar\u0131nda yay\u0131nlanan K\u0131z\u0131lc\u0131k \u015eerbeti dizisinde &#8216;Meri&#8217; karakterini oynayan ba\u015far\u0131l\u0131 oyuncu \u015eebnem Bozoklu dizi ve dizideki rol\u00fc ile alakal\u0131 samimi a\u00e7\u0131klamalarda bulundu.<\/p>\n<p>Yap\u0131m\u0131 Gold Film\u2019e, yap\u0131mc\u0131l\u0131\u011f\u0131 ise Faruk Turgut\u2019a ait oldu\u011fu bilinen K\u0131z\u0131lc\u0131k \u015eerbeti dizisinde &#8216;Meri&#8217; karakterini g\u00f6zler \u00f6n\u00fcne seren oyuncu \u015eebnem Bozoklu&#8217;nun yan\u0131 s\u0131ra Bar\u0131\u015f K\u0131l\u0131\u00e7, Evrim Alasya, Ahmet M\u00fcmtaz Taylan, S\u0131la T\u00fcrko\u011flu, Sibel Ta\u015f\u00e7\u0131o\u011flu ile Do\u011fukan G\u00fcng\u00f6r gibi \u00fcnl\u00fc isimler de yerini al\u0131yor.<\/p>\n<h3>KIZILCIK \u015eERBET\u0130&#8217;N\u0130N MER\u0130&#8217;S\u0130 \u015eEBNEM BOZOKLU&#8217;DAN SAM\u0130M\u0130 A\u00c7IKLAMALAR<\/h3>\n<p>&#8216;K\u0131z\u0131lc\u0131k \u015eerbeti&#8217;nde Meri karakteri ile izleyici kar\u015f\u0131s\u0131na \u00e7\u0131kan oyuncu \u015eebnem Bozoklu, verdi\u011fi bir rop\u00f6rtaj s\u0131ras\u0131nda diziyle ilgili baz\u0131 a\u00e7\u0131klamalarda bulundu.<\/p>\n<p><img loading=\"lazy\" decoding=\"async\" class=\"alignnone wp-image-136515\" src=\"https:\/\/www.tgrthaber.com\/mavikadin\/wp-content\/uploads\/erew.png\" alt=\"\" width=\"1208\" height=\"677\" title=\"\" srcset=\"https:\/\/www.tgrthaber.com\/mavikadin\/wp-content\/uploads\/erew.png 833w, https:\/\/www.tgrthaber.com\/mavikadin\/wp-content\/uploads\/erew-300x168.png 300w, https:\/\/www.tgrthaber.com\/mavikadin\/wp-content\/uploads\/erew-768x431.png 768w\" sizes=\"(max-width: 1208px) 100vw, 1208px\" \/><\/p>\n<hr \/>\n<p>Kendisine y\u00f6neltilen &#8216;K\u0131z\u0131lc\u0131k \u015eerbeti&#8217;nden gelen teklifi kabul etmenizdeki en \u00f6nemli etken neydi? Diziyi izliyor muydunuz? sorusuna \u00fcnl\u00fc oyuncu Bozoklu,<\/p>\n<p>&#8220;Evet, diziyi izliyordum. \u00c7ok da iyi bir izleyiciydim. Faruk Turgut, Melis Civelek ile Zeynep G\u00fcr bana ula\u015ft\u0131\u011f\u0131nda ve Meri karakterini teklif etti\u011finde a\u00e7\u0131k\u00e7as\u0131 izleyici olarak d\u00fcnyas\u0131n\u0131 \u00e7ok iyi bildi\u011fim bu i\u015fte, bu kadar iyi, kendinden \u00e7ok ba\u015fkalar\u0131n\u0131 \u00f6nemseyen, fedak\u00e2r ve dert dinlemeye hevesli bu karakteri \u00e7ok merak ettim.<\/p>\n<p><img loading=\"lazy\" decoding=\"async\" class=\"alignnone wp-image-136516\" src=\"https:\/\/www.tgrthaber.com\/mavikadin\/wp-content\/uploads\/3767459_1abb25fc01ce150bf0764c8dfe2cd066.jpg\" alt=\"\" width=\"1208\" height=\"815\" title=\"\" srcset=\"https:\/\/www.tgrthaber.com\/mavikadin\/wp-content\/uploads\/3767459_1abb25fc01ce150bf0764c8dfe2cd066.jpg 634w, https:\/\/www.tgrthaber.com\/mavikadin\/wp-content\/uploads\/3767459_1abb25fc01ce150bf0764c8dfe2cd066-300x203.jpg 300w\" sizes=\"(max-width: 1208px) 100vw, 1208px\" \/><\/p>\n<hr \/>\n<p>Kendi i\u00e7inde nas\u0131l bir d\u00f6n\u00fc\u015f\u00fcm ge\u00e7irece\u011fini, hik\u00e2yenin neresinde duraca\u011f\u0131n\u0131 ve genel hik\u00e2ye i\u00e7erisinde nas\u0131l ilerleyece\u011fini g\u00f6rmek istedim. Hem kendimi hem de Meri\u2019yi merak ettim.&#8221; cevab\u0131n\u0131 verdi.<\/p>\n<h3>KEND\u0130S\u0130N\u0130 D\u0130Z\u0130DE OYNADI\u011eI ROLE BENZETEN BOZOKLU: PAMUKLARIN ARASINDA S\u0130VR\u0130 TIRNAKLARIM VAR<\/h3>\n<p>Olduk\u00e7a naif ve k\u0131r\u0131lgan bir karakteri oynayan oyuncu \u015eebnem Bozoklu, dizide oynad\u0131\u011f\u0131 karakterle ger\u00e7ek hayat\u0131ndaki ki\u015fili\u011fi aras\u0131nda benzerliklerin oldu\u011funu s\u00f6yleyerek,<\/p>\n<p>&#8220;\u0130nsanlar\u0131n \u00fczerinden y\u00fck al\u0131p, k\u00f6t\u00fc g\u00fcnlerinde onlar\u0131n yan\u0131nda olan biriyim. Bu a\u00e7\u0131dan Meri\u2019ye benziyorum ama benim kedilerin patilerine benzer bir yap\u0131m var. Pamuklar\u0131n arkas\u0131nda sivri t\u0131rnaklar\u0131m vard\u0131r. \u00c7\u0131karan\u0131n vay haline.&#8221; ifadesinde bulundu.<\/p>\n<p><img loading=\"lazy\" decoding=\"async\" class=\"alignnone wp-image-136518\" src=\"https:\/\/www.tgrthaber.com\/mavikadin\/wp-content\/uploads\/3767459_488bcdf5fcd94627505f97f07dd3e012.jpg\" alt=\"\" width=\"1208\" height=\"815\" title=\"\" srcset=\"https:\/\/www.tgrthaber.com\/mavikadin\/wp-content\/uploads\/3767459_488bcdf5fcd94627505f97f07dd3e012.jpg 634w, https:\/\/www.tgrthaber.com\/mavikadin\/wp-content\/uploads\/3767459_488bcdf5fcd94627505f97f07dd3e012-300x203.jpg 300w\" sizes=\"(max-width: 1208px) 100vw, 1208px\" \/><\/p>\n<hr \/>\n<p>&nbsp;<\/p>\n","protected":false},"excerpt":{"rendered":"<p>K\u0131z\u0131lc\u0131k \u015eerbeti dizisinde &#8216;Meri&#8217; karakterini ba\u015far\u0131l\u0131 bir \u015fekilde ekrana yans\u0131tan oyuncu \u015eebnem Bozoklu, oynad\u0131\u011f\u0131 dizi ve rol\u00fc ile ilgili konu\u015ftu.<\/p>\n","protected":false},"author":27,"featured_media":136517,"comment_status":"closed","ping_status":"closed","sticky":false,"template":"","format":"standard","meta":{"rank_math_lock_modified_date":false,"footnotes":""},"categories":[76],"tags":[4113,11540,11539],"class_list":["post-136511","post","type-post","status-publish","format-standard","has-post-thumbnail","hentry","category-magazin","tag-kizilcik-serbeti-dizisi","tag-kizilcik-serbeti-meri","tag-sebnem-bozoklu"],"_links":{"self":[{"href":"https:\/\/www.tgrthaber.com\/mavikadin\/wp-json\/wp\/v2\/posts\/136511"}],"collection":[{"href":"https:\/\/www.tgrthaber.com\/mavikadin\/wp-json\/wp\/v2\/posts"}],"about":[{"href":"https:\/\/www.tgrthaber.com\/mavikadin\/wp-json\/wp\/v2\/types\/post"}],"author":[{"embeddable":true,"href":"https:\/\/www.tgrthaber.com\/mavikadin\/wp-json\/wp\/v2\/users\/27"}],"replies":[{"embeddable":true,"href":"https:\/\/www.tgrthaber.com\/mavikadin\/wp-json\/wp\/v2\/comments?post=136511"}],"version-history":[{"count":2,"href":"https:\/\/www.tgrthaber.com\/mavikadin\/wp-json\/wp\/v2\/posts\/136511\/revisions"}],"predecessor-version":[{"id":136520,"href":"https:\/\/www.tgrthaber.com\/mavikadin\/wp-json\/wp\/v2\/posts\/136511\/revisions\/136520"}],"wp:featuredmedia":[{"embeddable":true,"href":"https:\/\/www.tgrthaber.com\/mavikadin\/wp-json\/wp\/v2\/media\/136517"}],"wp:attachment":[{"href":"https:\/\/www.tgrthaber.com\/mavikadin\/wp-json\/wp\/v2\/media?parent=136511"}],"wp:term":[{"taxonomy":"category","embeddable":true,"href":"https:\/\/www.tgrthaber.com\/mavikadin\/wp-json\/wp\/v2\/categories?post=136511"},{"taxonomy":"post_tag","embeddable":true,"href":"https:\/\/www.tgrthaber.com\/mavikadin\/wp-json\/wp\/v2\/tags?post=136511"}],"curies":[{"name":"wp","href":"https:\/\/api.w.org\/{rel}","templated":true}]}}