{"id":136533,"date":"2025-02-21T15:12:34","date_gmt":"2025-02-21T12:12:34","guid":{"rendered":"https:\/\/www.tgrthaber.com\/mavikadin\/?p=136533"},"modified":"2025-02-21T15:12:34","modified_gmt":"2025-02-21T12:12:34","slug":"uzak-sehir-dizisi-cihani-sosyal-medyanin-dilinde","status":"publish","type":"post","link":"https:\/\/www.tgrthaber.com\/mavikadin\/uzak-sehir-dizisi-cihani-sosyal-medyanin-dilinde\/","title":{"rendered":"Uzak \u015eehir dizisi Cihan&#8217;\u0131 sosyal medyan\u0131n dilinde"},"content":{"rendered":"<p>Kanal D ekranlar\u0131n\u0131n ilgiyle takip edilen dizisi Uzak \u015eehir g\u00fcndem olmaya devam ediyor. Ba\u015far\u0131l\u0131 dizi yay\u0131nland\u0131\u011f\u0131 g\u00fcnden beri ekranlar\u0131n sevilen dizileri aras\u0131nda yerini ald\u0131. Sosyal medyada da ad\u0131n\u0131 s\u0131k\u00e7a duyurmu\u015f olan dizi, yabanc\u0131 \u00fclkelerinde platformlar\u0131nda yay\u0131nlanmaya ba\u015flad\u0131. 17 \u015eubat ak\u015fam\u0131 ekranlara gelen dizinin bir sahnesinde T\u00fcrkiye kanal\u0131nda Cihan Albora\u2019n\u0131n (Ozan Akbaba) resminin farkl\u0131, yabanc\u0131 \u00fclkelerin platformlar\u0131nda\u00a0 farkl\u0131 g\u00f6sterilmesi sosyal medya da \u00e7ok konu\u015fuldu.<\/p>\n<h3><strong>C\u0130HAN\u2019IN FOTO\u011eRAFI B\u0130ZE BA\u015eKA D\u0130\u011eER PLATFORMLARDA BA\u015eKA <\/strong><\/h3>\n<p>AYNA Yap\u0131m imzal\u0131 Uzak \u015eehir dizisi pazartesi ak\u015famlar\u0131n\u0131n vazge\u00e7ilmez dizilerinden biri olmaya devam ediyor. Her hafta heyecanl\u0131 ve gerilim dolu sahneleriyle izleyici de merak uyand\u0131ran dizi, sosyal medyaya da konu\u015fulmaya devam ediyor. Kanal D\u2019de ilgiyle takip edilip sevilerek izlenen dizi yabanc\u0131 \u00fclkelerin dizi izleme platformlar\u0131nda da takip ediliyor. 17 \u015eubat 2025 Pazartesi ak\u015fam\u0131 Kanal D ekranlar\u0131na gelen dizinin b\u00f6l\u00fcm\u00fcnde Cihan Albora, Alya\u2019ya do\u011fum g\u00fcn\u00fc hediyesi olarak bir kolye verir.<\/p>\n<p><img loading=\"lazy\" decoding=\"async\" class=\"alignnone wp-image-136556\" src=\"https:\/\/www.tgrthaber.com\/mavikadin\/wp-content\/uploads\/uzak-sehir-3-7-1024x576.jpg\" alt=\"uzak \u015fehir\" width=\"1208\" height=\"680\" title=\"\" srcset=\"https:\/\/www.tgrthaber.com\/mavikadin\/wp-content\/uploads\/uzak-sehir-3-7-1024x576.jpg 1024w, https:\/\/www.tgrthaber.com\/mavikadin\/wp-content\/uploads\/uzak-sehir-3-7-300x169.jpg 300w, https:\/\/www.tgrthaber.com\/mavikadin\/wp-content\/uploads\/uzak-sehir-3-7-768x432.jpg 768w, https:\/\/www.tgrthaber.com\/mavikadin\/wp-content\/uploads\/uzak-sehir-3-7-1536x864.jpg 1536w, https:\/\/www.tgrthaber.com\/mavikadin\/wp-content\/uploads\/uzak-sehir-3-7.jpg 1600w\" sizes=\"(max-width: 1208px) 100vw, 1208px\" \/><\/p>\n<hr \/>\n<p>Kolyenin Anka Ku\u015fu semboll\u00fcnde olmas\u0131 da Alya\u2019n\u0131n ya\u015fad\u0131\u011f\u0131 sorunlardan s\u00fcrekli pes etmeden m\u00fccadele etmesini g\u00f6steriyor. Kolyeyi alan Alya, kolyenin i\u00e7ine o\u011flu olan Cihan Deniz Albora\u2019n\u0131n resmini koyar. Resmi kolyeye koymas\u0131 i\u00e7in resmi kolye boyutunda kesmesi gerekir ve Cihan Albora\u2019n\u0131n odas\u0131ndaki masadan makas al\u0131r. Makas\u0131 al\u0131rken Cihan Albora\u2019n\u0131n remini g\u00f6r\u00fcr ve bu foto\u011fraf T\u00fcrk kanallar\u0131nda ya\u015fl\u0131 gibi \u015feklinde g\u00f6sterilirken yabanc\u0131 \u00fclkelerin platformlar\u0131nda daha karizmatik \u015fekilde g\u00f6sterilmesi sosyal medya da g\u00fcndem oldu.<\/p>\n<p><img loading=\"lazy\" decoding=\"async\" class=\"alignnone wp-image-136555\" src=\"https:\/\/www.tgrthaber.com\/mavikadin\/wp-content\/uploads\/uzak-sehir-2-6-1024x576.jpg\" alt=\"uzak \u015fehir\" width=\"1208\" height=\"680\" title=\"\" srcset=\"https:\/\/www.tgrthaber.com\/mavikadin\/wp-content\/uploads\/uzak-sehir-2-6-1024x576.jpg 1024w, https:\/\/www.tgrthaber.com\/mavikadin\/wp-content\/uploads\/uzak-sehir-2-6-300x169.jpg 300w, https:\/\/www.tgrthaber.com\/mavikadin\/wp-content\/uploads\/uzak-sehir-2-6-768x432.jpg 768w, https:\/\/www.tgrthaber.com\/mavikadin\/wp-content\/uploads\/uzak-sehir-2-6-1536x864.jpg 1536w, https:\/\/www.tgrthaber.com\/mavikadin\/wp-content\/uploads\/uzak-sehir-2-6.jpg 1600w\" sizes=\"(max-width: 1208px) 100vw, 1208px\" \/><\/p>\n<hr \/>\n<h3><strong>SOSYAL MEDYANIN D\u0130L\u0130NDE <\/strong><\/h3>\n<p>Ba\u015frollerini Sinem \u00dcnsal (Alya), Ozan Akbaba (Cihan Albora), Gonca Cilasun (Sadakat Albora) ve M\u00fcfit Kayacan (Ecmel Albora) gibi ba\u015far\u0131l\u0131 oyuncular\u0131n rol ald\u0131\u011f\u0131 dizi 2025 dizi sezonunda en \u00e7ok izlenen dizileri aras\u0131nda yerini ald\u0131. Son b\u00f6l\u00fcm\u00fcnde Alya\u2019n\u0131n kolyesine o\u011flunun resmini koymas\u0131, Cihan Alabora\u2019n\u0131n resmini T\u00fcrk kanallar\u0131nda ya\u015fl\u0131 gibi g\u00f6sterilirken yabanc\u0131 \u00fclkelerin platformlar\u0131nda daha karizmatik g\u00f6sterilmesi sosyal medya da konu\u015fuldu. Baz\u0131 kullan\u0131c\u0131lar \u201cRuslar ya\u015fl\u0131 halini be\u011fenmemi\u015fler o y\u00fczden gen\u00e7 halini koymu\u015flar, Cihan\u2019\u0131 neden ya\u015fl\u0131 g\u00f6sterdiler anlam\u0131yorum Boran\u2019\u0131n k\u00fc\u00e7\u00fc\u011f\u00fc de\u011fil mi ama Kaya\u2019n\u0131n babas\u0131 gibi durmu\u015f foto\u011frafta\u201d gibi ifadeler kullan\u0131c\u0131lar taraf\u0131ndan kullan\u0131ld\u0131.<\/p>\n","protected":false},"excerpt":{"rendered":"<p>Kanal D ekranlar\u0131n\u0131n ilgiyle takip edilen dizisi Uzak \u015eehir g\u00fcndem olmaya devam ediyor. Ba\u015far\u0131l\u0131 dizi yay\u0131nland\u0131\u011f\u0131 g\u00fcnden beri ekranlar\u0131n sevilen dizileri aras\u0131nda yerini ald\u0131. Sosyal medyada da ad\u0131n\u0131 s\u0131k\u00e7a duyurmu\u015f olan dizi, yabanc\u0131 \u00fclkelerinde platformlar\u0131nda yay\u0131nlanmaya ba\u015flad\u0131. 17 \u015eubat ak\u015fam\u0131 ekranlara gelen dizinin bir sahnesinde T\u00fcrkiye kanal\u0131nda Cihan Albora\u2019n\u0131n (Ozan Akbaba) resminin farkl\u0131, yabanc\u0131 \u00fclkelerin platformlar\u0131nda\u00a0 farkl\u0131 g\u00f6sterilmesi sosyal medya da \u00e7ok konu\u015fuldu.<\/p>\n","protected":false},"author":34,"featured_media":136554,"comment_status":"closed","ping_status":"closed","sticky":false,"template":"","format":"standard","meta":{"rank_math_lock_modified_date":false,"footnotes":""},"categories":[602],"tags":[2293,3269,5662],"class_list":["post-136533","post","type-post","status-publish","format-standard","has-post-thumbnail","hentry","category-diziler","tag-uzak-sehir","tag-uzak-sehir-cihan","tag-uzak-sehir-dizi"],"_links":{"self":[{"href":"https:\/\/www.tgrthaber.com\/mavikadin\/wp-json\/wp\/v2\/posts\/136533"}],"collection":[{"href":"https:\/\/www.tgrthaber.com\/mavikadin\/wp-json\/wp\/v2\/posts"}],"about":[{"href":"https:\/\/www.tgrthaber.com\/mavikadin\/wp-json\/wp\/v2\/types\/post"}],"author":[{"embeddable":true,"href":"https:\/\/www.tgrthaber.com\/mavikadin\/wp-json\/wp\/v2\/users\/34"}],"replies":[{"embeddable":true,"href":"https:\/\/www.tgrthaber.com\/mavikadin\/wp-json\/wp\/v2\/comments?post=136533"}],"version-history":[{"count":1,"href":"https:\/\/www.tgrthaber.com\/mavikadin\/wp-json\/wp\/v2\/posts\/136533\/revisions"}],"predecessor-version":[{"id":136558,"href":"https:\/\/www.tgrthaber.com\/mavikadin\/wp-json\/wp\/v2\/posts\/136533\/revisions\/136558"}],"wp:featuredmedia":[{"embeddable":true,"href":"https:\/\/www.tgrthaber.com\/mavikadin\/wp-json\/wp\/v2\/media\/136554"}],"wp:attachment":[{"href":"https:\/\/www.tgrthaber.com\/mavikadin\/wp-json\/wp\/v2\/media?parent=136533"}],"wp:term":[{"taxonomy":"category","embeddable":true,"href":"https:\/\/www.tgrthaber.com\/mavikadin\/wp-json\/wp\/v2\/categories?post=136533"},{"taxonomy":"post_tag","embeddable":true,"href":"https:\/\/www.tgrthaber.com\/mavikadin\/wp-json\/wp\/v2\/tags?post=136533"}],"curies":[{"name":"wp","href":"https:\/\/api.w.org\/{rel}","templated":true}]}}