{"id":136559,"date":"2025-02-21T15:28:46","date_gmt":"2025-02-21T12:28:46","guid":{"rendered":"https:\/\/www.tgrthaber.com\/mavikadin\/?p=136559"},"modified":"2025-02-21T15:28:46","modified_gmt":"2025-02-21T12:28:46","slug":"merve-cagiran-teskilat-dizisine-dahil-oldu-makinistin-kardesi-rolunde-olacak","status":"publish","type":"post","link":"https:\/\/www.tgrthaber.com\/mavikadin\/merve-cagiran-teskilat-dizisine-dahil-oldu-makinistin-kardesi-rolunde-olacak\/","title":{"rendered":"Merve \u00c7a\u011f\u0131ran Te\u015fkilat dizisine dahil oldu! Makinist&#8217;in karde\u015fi rol\u00fcnde olacak"},"content":{"rendered":"<p>\u00dcnl\u00fc oyuncu Merve \u00c7a\u011f\u0131ran Te\u015fkilat dizisinin kadrosuna dahil oluyor. TRT 1 ekranlar\u0131n\u0131n vazge\u00e7ilmez dizisinde yer alacak \u00fcnl\u00fc isim dizide Makinist\u2019in karde\u015fini oynayacak.<\/p>\n<h3>MERVE \u00c7A\u011eIRAN TE\u015eK\u0130LAT D\u0130Z\u0130S\u0130NE DAH\u0130L OLDU!<\/h3>\n<p>TRT 1 ekranlar\u0131n\u0131n sevilen dizisi Te\u015fkilat\u2019a ba\u015far\u0131l\u0131 oyuncu Merve \u00c7a\u011f\u0131ran dahil oluyor. Diziye Makinist\u2019in karde\u015fi olarak gelecek olan \u00fcnl\u00fc ismin nas\u0131l bir performans sergileyece\u011fi \u015fimdiden merak konusu oldu.<\/p>\n<p>G\u00fc\u00e7l\u00fc oyuncu kadrosunu b\u00fcy\u00fctmeye devam eden Te\u015fkilat dizisi pazar ak\u015famlar\u0131n\u0131n ilgiyle takip edilen dizilerinin ba\u015f\u0131nda geliyor. Ba\u015far\u0131l\u0131 oyuncu Merve \u00c7a\u011f\u0131ran, diziye Makinist\u2019in karde\u015fi rol\u00fcnde geliyor.<\/p>\n<p>Konusu ve g\u00fc\u00e7l\u00fc oyuncu kadrosuyla dikkat \u00e7eken Te\u015fkilat dizisi reyting s\u0131ralamalar\u0131nda da ba\u015far\u0131s\u0131n\u0131 g\u00f6zler \u00f6n\u00fcne seriyor.<\/p>\n<p><img loading=\"lazy\" decoding=\"async\" class=\"alignnone wp-image-136562\" src=\"https:\/\/www.tgrthaber.com\/mavikadin\/wp-content\/uploads\/teskilat-3-2-1.jpg\" alt=\"\" width=\"1208\" height=\"680\" title=\"\" srcset=\"https:\/\/www.tgrthaber.com\/mavikadin\/wp-content\/uploads\/teskilat-3-2-1.jpg 1600w, https:\/\/www.tgrthaber.com\/mavikadin\/wp-content\/uploads\/teskilat-3-2-1-300x169.jpg 300w, https:\/\/www.tgrthaber.com\/mavikadin\/wp-content\/uploads\/teskilat-3-2-1-1024x576.jpg 1024w, https:\/\/www.tgrthaber.com\/mavikadin\/wp-content\/uploads\/teskilat-3-2-1-768x432.jpg 768w, https:\/\/www.tgrthaber.com\/mavikadin\/wp-content\/uploads\/teskilat-3-2-1-1536x864.jpg 1536w\" sizes=\"(max-width: 1208px) 100vw, 1208px\" \/><\/p>\n<hr \/>\n<h3>MERVE \u00c7A\u011eIRAN K\u0130MD\u0130R?<\/h3>\n<p>13 Temmuz 1992 y\u0131l\u0131nda Bal\u0131kesir\u2019de d\u00fcnyaya gelen Merve \u00c7a\u011f\u0131ran, \u0130lkokul, ortaokul ve lise e\u011fitimini ba\u015far\u0131yla tamamlayarak \u00e7ocukluk y\u0131llar\u0131n\u0131 \u0130zmir\u2019de ge\u00e7irmi\u015ftir.<\/p>\n<p>\u0130stanbul\u2019a 2011 y\u0131l\u0131nda ta\u015f\u0131nan \u00fcnl\u00fc isim burada Akademi 35 Bu\u00e7uk Sanat Evi\u2019nde e\u011fitim ald\u0131.<\/p>\n<p>2010 y\u0131l\u0131nda ba\u015flad\u0131\u011f\u0131 oyunculuk kariyerini ba\u015far\u0131l\u0131 \u015fekilde devam ettiren Merve \u00c7\u0131ra\u011fan, ilk oyunculuk deneyimini 2010 y\u0131l\u0131nda yay\u0131nlanan \u201cTek T\u00fcrkiye\u201d dizisiyle ger\u00e7ekle\u015ftirdi.<\/p>\n<p>\u015eimdilerde 32 ya\u015f\u0131nda olan Merve \u00c7a\u011f\u0131ran, \u201cKavak Yelleri\u201d, \u201c\u015eefkat Tepe\u201d, \u201cKa\u00e7ak Gelinler\u201d gibi dizilerde yer ald\u0131.<\/p>\n<p>\u00c7a\u011f\u0131ran 2015\u2019te ekranlara damga vuran dizi Tatl\u0131 K\u00fc\u00e7\u00fck Yalanc\u0131lar\u2019da \u201cJanset\u201d karakteriyle dikkatleri \u00fczerine \u00e7ekmeyi ba\u015fard\u0131. \u00dcnl\u00fc isim daha sonra 2016-2017 y\u0131llar\u0131nda \u201cA\u015fk Laftan Anlamaz\u201d dizisinde \u201c\u0130pek\u201d karakterini \u00fcstlendi.<\/p>\n<p>Ad\u0131n\u0131 geni\u015f kitlelere duyuran Merve \u00c7a\u011f\u0131ran, bir\u00e7ok \u00f6nemli projede bulundu. 2017 ve 2018 y\u0131llar\u0131nda \u201cKalp At\u0131\u015f\u0131\u201d dizisinde Dr. \u0130pek Erdem\u2019i oynad\u0131.<\/p>\n<p>Merve \u00c7a\u011f\u0131ran \u201c\u00c7arp\u0131\u015fma\u201d, \u201c\u00c7ocuk\u201d ve \u201cKalp Yaras\u0131\u201d gibi dizilerde ba\u015far\u0131l\u0131 performans g\u00f6sterdi.<\/p>\n<p><img loading=\"lazy\" decoding=\"async\" class=\"alignnone wp-image-136563\" src=\"https:\/\/www.tgrthaber.com\/mavikadin\/wp-content\/uploads\/Merve-Cagiran-2-1.jpg\" alt=\"\" width=\"1208\" height=\"680\" title=\"\" srcset=\"https:\/\/www.tgrthaber.com\/mavikadin\/wp-content\/uploads\/Merve-Cagiran-2-1.jpg 1920w, https:\/\/www.tgrthaber.com\/mavikadin\/wp-content\/uploads\/Merve-Cagiran-2-1-300x169.jpg 300w, https:\/\/www.tgrthaber.com\/mavikadin\/wp-content\/uploads\/Merve-Cagiran-2-1-1024x576.jpg 1024w, https:\/\/www.tgrthaber.com\/mavikadin\/wp-content\/uploads\/Merve-Cagiran-2-1-768x432.jpg 768w, https:\/\/www.tgrthaber.com\/mavikadin\/wp-content\/uploads\/Merve-Cagiran-2-1-1536x864.jpg 1536w\" sizes=\"(max-width: 1208px) 100vw, 1208px\" \/><\/p>\n<hr \/>\n<h3>MERVE \u00c7A\u011eIRAN\u2019IN ROL ALDI\u011eI D\u0130Z\u0130LER<\/h3>\n<p>2010 \u2013 Tek T\u00fcrkiye \u2013 Sevda<br \/>\n2010 \u2013 2012 \u2013 Elde Var Hayat \u2013 Ay\u015feg\u00fcl<br \/>\n2011 \u2013 Kavak Yelleri \u2013 G\u00fcl\u00e7in<br \/>\n2012 \u2013 Farkl\u0131 Desenler \u2013 Vicdan<br \/>\n2013 \u2013 Ekip 1 \u2013 Nizama Adanm\u0131\u015f Ruhlar \u2013 Aleyna<br \/>\n2013 \u2013 2014 \u2013 \u015eefkat Tepe \u2013 Dicle<br \/>\n2013 \u2013 2014 \u2013 \u00d6tesiz \u0130nsanlar \u2013 Hazal<br \/>\n2014 \u2013 H\u0131yanet Sarmal\u0131 \u2013 Beyza<br \/>\n2014 \u2013 Ka\u00e7ak Gelinler \u2013 G\u00fcne\u015f Gencer<br \/>\n2014 \u2013 2015 \u2013 K\u00fc\u00e7\u00fck Gelin \u2013 Havin<\/p>\n<p><img loading=\"lazy\" decoding=\"async\" class=\"alignnone wp-image-136565\" src=\"https:\/\/www.tgrthaber.com\/mavikadin\/wp-content\/uploads\/5c8d235e45d2a05010d3c690.webp\" alt=\"\" width=\"1208\" height=\"606\" title=\"\" srcset=\"https:\/\/www.tgrthaber.com\/mavikadin\/wp-content\/uploads\/5c8d235e45d2a05010d3c690.webp 606w, https:\/\/www.tgrthaber.com\/mavikadin\/wp-content\/uploads\/5c8d235e45d2a05010d3c690-300x150.webp 300w\" sizes=\"(max-width: 1208px) 100vw, 1208px\" \/><\/p>\n<hr \/>\n<p>2015 \u2013 Tatl\u0131 K\u00fc\u00e7\u00fck Yalanc\u0131lar \u2013 Janset<br \/>\n2016 \u2013 2017 \u2013 A\u015fk Laftan Anlamaz \u2013 \u0130pek<br \/>\n2017 \u2013 Fi \u2013 Ceren<br \/>\n2017 \u2013 2018 \u2013 Kalp At\u0131\u015f\u0131 \u2013 Dr. \u0130pek Erdem<br \/>\n2018 \u2013 2019 \u2013 Bozk\u0131r \u2013 Nihal<br \/>\n2018 \u2013 2019 \u2013 \u00c7arp\u0131\u015fma \u2013 Meral Aksu<br \/>\n2019 \u2013 2020 \u2013 \u00c7ocuk \u2013 Ak\u00e7a Y\u0131lmaz<br \/>\n2021 \u2013 2022 \u2013 Kalp Yaras\u0131 \u2013 Hande Varo\u011flu<br \/>\n2024 \u2013 Kopuk \u2013 Gonca<br \/>\n2025 \u2013 Te\u015fkilat \u2013 Makinist\u2019in karde\u015fi<\/p>\n<p><img loading=\"lazy\" decoding=\"async\" class=\"alignnone wp-image-136566\" src=\"https:\/\/www.tgrthaber.com\/mavikadin\/wp-content\/uploads\/Merve-Cagiran-3-1.jpg\" alt=\"\" width=\"1208\" height=\"680\" title=\"\" srcset=\"https:\/\/www.tgrthaber.com\/mavikadin\/wp-content\/uploads\/Merve-Cagiran-3-1.jpg 1920w, https:\/\/www.tgrthaber.com\/mavikadin\/wp-content\/uploads\/Merve-Cagiran-3-1-300x169.jpg 300w, https:\/\/www.tgrthaber.com\/mavikadin\/wp-content\/uploads\/Merve-Cagiran-3-1-1024x576.jpg 1024w, https:\/\/www.tgrthaber.com\/mavikadin\/wp-content\/uploads\/Merve-Cagiran-3-1-768x432.jpg 768w, https:\/\/www.tgrthaber.com\/mavikadin\/wp-content\/uploads\/Merve-Cagiran-3-1-1536x864.jpg 1536w\" sizes=\"(max-width: 1208px) 100vw, 1208px\" \/><\/p>\n<hr \/>\n<h3>MERVE \u00c7A\u011eIRAN\u2019IN ROL ALDI\u011eI F\u0130LMLER<\/h3>\n<p>2016 \u2013 \u0130kimizin Yerine \u2013 Sevil<br \/>\n2018 \u2013 Kaybedenler Kul\u00fcb\u00fc Yolda \u2013 Gaye<br \/>\n2023 \u2013 Kad\u0131nlara Mahsus \u2013 Oya \u00d6zt\u00fcrk<br \/>\nYak\u0131nda \u2013 Hi\u00e7<br \/>\nYak\u0131nda \u2013 Hayal K\u0131r\u0131klar\u0131<\/p>\n","protected":false},"excerpt":{"rendered":"<p>Ba\u015far\u0131l\u0131 oyuncu Merve \u00c7a\u011f\u0131ran TRT 1 ekranlar\u0131n\u0131n sevilen dizisi Te\u015fkilat\u2019a dahil oluyor. G\u00fc\u00e7l\u00fc oyuncu kadrosu ile g\u00f6z dolduran diziye yetenekli isim Merve \u00c7a\u011f\u0131ran Makinist\u2019in karde\u015fi rol\u00fcyle girecek.<\/p>\n","protected":false},"author":5,"featured_media":136567,"comment_status":"closed","ping_status":"closed","sticky":false,"template":"","format":"standard","meta":{"rank_math_lock_modified_date":false,"footnotes":""},"categories":[602],"tags":[2628,11535,840],"class_list":["post-136559","post","type-post","status-publish","format-standard","has-post-thumbnail","hentry","category-diziler","tag-dizi-haberleri","tag-merve-cagiran","tag-teskilat"],"_links":{"self":[{"href":"https:\/\/www.tgrthaber.com\/mavikadin\/wp-json\/wp\/v2\/posts\/136559"}],"collection":[{"href":"https:\/\/www.tgrthaber.com\/mavikadin\/wp-json\/wp\/v2\/posts"}],"about":[{"href":"https:\/\/www.tgrthaber.com\/mavikadin\/wp-json\/wp\/v2\/types\/post"}],"author":[{"embeddable":true,"href":"https:\/\/www.tgrthaber.com\/mavikadin\/wp-json\/wp\/v2\/users\/5"}],"replies":[{"embeddable":true,"href":"https:\/\/www.tgrthaber.com\/mavikadin\/wp-json\/wp\/v2\/comments?post=136559"}],"version-history":[{"count":1,"href":"https:\/\/www.tgrthaber.com\/mavikadin\/wp-json\/wp\/v2\/posts\/136559\/revisions"}],"predecessor-version":[{"id":136568,"href":"https:\/\/www.tgrthaber.com\/mavikadin\/wp-json\/wp\/v2\/posts\/136559\/revisions\/136568"}],"wp:featuredmedia":[{"embeddable":true,"href":"https:\/\/www.tgrthaber.com\/mavikadin\/wp-json\/wp\/v2\/media\/136567"}],"wp:attachment":[{"href":"https:\/\/www.tgrthaber.com\/mavikadin\/wp-json\/wp\/v2\/media?parent=136559"}],"wp:term":[{"taxonomy":"category","embeddable":true,"href":"https:\/\/www.tgrthaber.com\/mavikadin\/wp-json\/wp\/v2\/categories?post=136559"},{"taxonomy":"post_tag","embeddable":true,"href":"https:\/\/www.tgrthaber.com\/mavikadin\/wp-json\/wp\/v2\/tags?post=136559"}],"curies":[{"name":"wp","href":"https:\/\/api.w.org\/{rel}","templated":true}]}}