{"id":136560,"date":"2025-02-21T16:45:49","date_gmt":"2025-02-21T13:45:49","guid":{"rendered":"https:\/\/www.tgrthaber.com\/mavikadin\/?p=136560"},"modified":"2025-02-21T16:45:49","modified_gmt":"2025-02-21T13:45:49","slug":"zuhal-topalin-yemekteyiz-deki-geleneksel-afrika-kiyafeti-cok-konusuldu","status":"publish","type":"post","link":"https:\/\/www.tgrthaber.com\/mavikadin\/zuhal-topalin-yemekteyiz-deki-geleneksel-afrika-kiyafeti-cok-konusuldu\/","title":{"rendered":"Zuhal Topal\u2019\u0131n Yemekteyiz \u2019deki geleneksel Afrika k\u0131yafeti \u00e7ok konu\u015fuldu"},"content":{"rendered":"<p>TV 8 ekranlar\u0131nda sevenleriyle bulu\u015fan Yemekteyiz program\u0131 ilgiyle takip ediliyor. Haftan\u0131n be\u015f g\u00fcn\u00fc ekranlarda olan program e\u011flenceli anlar\u0131n izleyiciye aktar\u0131lmas\u0131n\u0131 sa\u011fl\u0131yor. Ba\u015far\u0131l\u0131 sunucu Zuhal Topal\u2019\u0131n sunumuyla hafta i\u00e7i her g\u00fcn saat 16.00\u2019da TV 8 erkanlar\u0131nda ba\u015fl\u0131yor.<\/p>\n<h3><strong>ZUHAL TOPAL \u2018IN GELENEKSEL AFR\u0130KA KIYAFET\u0130 \u00c7OK KONU\u015eULDU <\/strong><\/h3>\n<p>Hafta i\u00e7i her g\u00fcn TV 8 ekranlar\u0131nda izleyicisiyle bulu\u015fan Zuhal Topal\u2019la Yemekteyiz program\u0131 g\u00fcndem olmaya devam ediyor. Birbirinden farkl\u0131 be\u015f ki\u015finin yar\u0131\u015ft\u0131\u011f\u0131 programda bazen e\u011flenceli g\u00f6r\u00fcnt\u00fcler olurken bazen de gergin anlar program izleyicisine yans\u0131t\u0131l\u0131yor. Hafta i\u00e7i her g\u00fcn saat 16.00\u2019da ba\u015flayan program da yar\u0131\u015fmac\u0131lar, kendi yar\u0131\u015fma g\u00fcn\u00fcn de birer men\u00fc haz\u0131rl\u0131yorlar. Haz\u0131rlad\u0131klar\u0131 men\u00fclerle en y\u00fcksek puan\u0131 alan yar\u0131\u015fmac\u0131 haftan\u0131n birincisi oluyor. K\u0131yas\u0131ya rekabetin oldu\u011fu programda yar\u0131\u015fmac\u0131lar yemeklerini yaparken, Zuhal Topal ise yeme\u011fin tad\u0131na, tuzuna ve yar\u0131\u015fmac\u0131n\u0131n misafirperverli\u011fine kadar her \u015feye puan veriyor.<\/p>\n<p><img loading=\"lazy\" decoding=\"async\" class=\"alignnone wp-image-136588 size-large\" src=\"https:\/\/www.tgrthaber.com\/mavikadin\/wp-content\/uploads\/zuhal-topal-1-2-1024x576.jpg\" alt=\"\" width=\"1024\" height=\"576\" title=\"\" srcset=\"https:\/\/www.tgrthaber.com\/mavikadin\/wp-content\/uploads\/zuhal-topal-1-2-1024x576.jpg 1024w, https:\/\/www.tgrthaber.com\/mavikadin\/wp-content\/uploads\/zuhal-topal-1-2-300x169.jpg 300w, https:\/\/www.tgrthaber.com\/mavikadin\/wp-content\/uploads\/zuhal-topal-1-2-768x432.jpg 768w, https:\/\/www.tgrthaber.com\/mavikadin\/wp-content\/uploads\/zuhal-topal-1-2-1536x864.jpg 1536w, https:\/\/www.tgrthaber.com\/mavikadin\/wp-content\/uploads\/zuhal-topal-1-2.jpg 1600w\" sizes=\"(max-width: 1024px) 100vw, 1024px\" \/><\/p>\n<hr \/>\n<p>Program\u0131n 20 \u015eubat 2025 tarihinde ekranlara gelen b\u00f6l\u00fcm\u00fcnde yar\u0131\u015fmac\u0131 olan Umu, Afrikal\u0131 olmas\u0131 sebebiyle kendi y\u00f6resine ait yemekler yaparak di\u011fer yar\u0131\u015fmac\u0131 arkada\u015flar\u0131n\u0131 masas\u0131nda a\u011f\u0131rlad\u0131. Afrikal\u0131 yar\u0131\u015fmac\u0131ya S\u00fcrpriz yapan ba\u015far\u0131l\u0131 sunucu Zuhal Topal, Afrika\u2019n\u0131n geleneksel k\u0131yafetini giyerek dans etti. Bu anlar sosyal medyada \u00e7ok konu\u015fuldu. Yar\u0131\u015fmac\u0131ya moral olan bu anlar kimi izleyici taraf\u0131ndan sevildi. Zuhal Topal\u2019\u0131n ise bu halleri sosyal medya kullan\u0131c\u0131lar\u0131 taraf\u0131ndan sevimli bulundu.<\/p>\n<p><img loading=\"lazy\" decoding=\"async\" class=\"wp-image-136589\" src=\"https:\/\/www.tgrthaber.com\/mavikadin\/wp-content\/uploads\/zuhal-topal-2-1024x576.jpg\" alt=\"zuhal topal \" width=\"1208\" height=\"680\" title=\"\" srcset=\"https:\/\/www.tgrthaber.com\/mavikadin\/wp-content\/uploads\/zuhal-topal-2-1024x576.jpg 1024w, https:\/\/www.tgrthaber.com\/mavikadin\/wp-content\/uploads\/zuhal-topal-2-300x169.jpg 300w, https:\/\/www.tgrthaber.com\/mavikadin\/wp-content\/uploads\/zuhal-topal-2-768x432.jpg 768w, https:\/\/www.tgrthaber.com\/mavikadin\/wp-content\/uploads\/zuhal-topal-2-1536x864.jpg 1536w, https:\/\/www.tgrthaber.com\/mavikadin\/wp-content\/uploads\/zuhal-topal-2.jpg 1600w\" sizes=\"(max-width: 1208px) 100vw, 1208px\" \/><\/p>\n<hr \/>\n<h3><strong>ZUHAL TOPAL K\u0130MD\u0130R<\/strong><\/h3>\n<p>Ba\u015far\u0131l\u0131 oyuncu ve sunucu olan Zuhal Topal, 23 Eyl\u00fcl 1976 tarihinde \u0130stanbul\u2019da d\u00fcnyaya geldi. \u0130lkokulda oynad\u0131\u011f\u0131 tek ki\u015filik tiyatro oyunu ile oyunculu\u011fu \u00e7ok sevdi ve b\u00f6ylelikle oyunculu\u011fa merak sald\u0131. \u00dcniversite de \u0130\u00e7 Mimarl\u0131k b\u00f6l\u00fcm\u00fcyle M\u00fcjdat Gezen sanat Merkezini ayn\u0131 anda kazand\u0131. Se\u00e7imini tiyatrodan kullanan Topal, e\u011fitim g\u00f6rd\u00fc\u011f\u00fc s\u0131rada iki tiyatro oyununda ba\u015frol oldu. Televizyon d\u00fcnyas\u0131na ilk ad\u0131m\u0131 ise Palavra A\u015fklar dizisi ile oldu. \u00c7e\u015fitli reklam ve projelerde i\u015f yapan ba\u015far\u0131l\u0131 \u201cSelena ve Sihirli Annem\u201d gibi yap\u0131mlarla dikkatleri iyice \u00fcst\u00fcne \u00e7ekmi\u015ftir. \u00c7e\u015fitli programlar sunmu\u015f ve en son 13 Eyl\u00fcl 2021 tarihinden beri \u201cZuhal Topal\u2019la Yemekteyiz\u201d program\u0131n\u0131 sunmaktad\u0131r.<\/p>\n","protected":false},"excerpt":{"rendered":"<p>TV 8 ekranlar\u0131nda sevenleriyle bulu\u015fan Yemekteyiz program\u0131 ilgiyle takip ediliyor. Haftan\u0131n be\u015f g\u00fcn\u00fc ekranlarda olan program e\u011flenceli anlar\u0131n izleyiciye aktar\u0131lmas\u0131n\u0131 sa\u011fl\u0131yor. Ba\u015far\u0131l\u0131 sunucu Zuhal Topal\u2019\u0131n sunumuyla hafta i\u00e7i her g\u00fcn saat 16.00\u2019da TV 8 erkanlar\u0131nda ba\u015fl\u0131yor.\u00a0<\/p>\n","protected":false},"author":34,"featured_media":136590,"comment_status":"closed","ping_status":"closed","sticky":false,"template":"","format":"standard","meta":{"rank_math_lock_modified_date":false,"footnotes":""},"categories":[76],"tags":[11553,8464,11552],"class_list":["post-136560","post","type-post","status-publish","format-standard","has-post-thumbnail","hentry","category-magazin","tag-yemekteyiz-geleneksel-afrika-kiyafeti","tag-zuhal-topal","tag-zuhal-topal-yemekteyiz"],"_links":{"self":[{"href":"https:\/\/www.tgrthaber.com\/mavikadin\/wp-json\/wp\/v2\/posts\/136560"}],"collection":[{"href":"https:\/\/www.tgrthaber.com\/mavikadin\/wp-json\/wp\/v2\/posts"}],"about":[{"href":"https:\/\/www.tgrthaber.com\/mavikadin\/wp-json\/wp\/v2\/types\/post"}],"author":[{"embeddable":true,"href":"https:\/\/www.tgrthaber.com\/mavikadin\/wp-json\/wp\/v2\/users\/34"}],"replies":[{"embeddable":true,"href":"https:\/\/www.tgrthaber.com\/mavikadin\/wp-json\/wp\/v2\/comments?post=136560"}],"version-history":[{"count":1,"href":"https:\/\/www.tgrthaber.com\/mavikadin\/wp-json\/wp\/v2\/posts\/136560\/revisions"}],"predecessor-version":[{"id":136594,"href":"https:\/\/www.tgrthaber.com\/mavikadin\/wp-json\/wp\/v2\/posts\/136560\/revisions\/136594"}],"wp:featuredmedia":[{"embeddable":true,"href":"https:\/\/www.tgrthaber.com\/mavikadin\/wp-json\/wp\/v2\/media\/136590"}],"wp:attachment":[{"href":"https:\/\/www.tgrthaber.com\/mavikadin\/wp-json\/wp\/v2\/media?parent=136560"}],"wp:term":[{"taxonomy":"category","embeddable":true,"href":"https:\/\/www.tgrthaber.com\/mavikadin\/wp-json\/wp\/v2\/categories?post=136560"},{"taxonomy":"post_tag","embeddable":true,"href":"https:\/\/www.tgrthaber.com\/mavikadin\/wp-json\/wp\/v2\/tags?post=136560"}],"curies":[{"name":"wp","href":"https:\/\/api.w.org\/{rel}","templated":true}]}}