{"id":136622,"date":"2025-02-21T18:25:23","date_gmt":"2025-02-21T15:25:23","guid":{"rendered":"https:\/\/www.tgrthaber.com\/mavikadin\/?p=136622"},"modified":"2025-02-21T19:12:23","modified_gmt":"2025-02-21T16:12:23","slug":"rosalindanin-yildizi-thalia-kac-yasinda-nereli-guzelligi-ile-yillara-meydan-okuyor","status":"publish","type":"post","link":"https:\/\/www.tgrthaber.com\/mavikadin\/rosalindanin-yildizi-thalia-kac-yasinda-nereli-guzelligi-ile-yillara-meydan-okuyor\/","title":{"rendered":"Rosalinda&#8217;n\u0131n y\u0131ld\u0131z\u0131 Thalia ka\u00e7 ya\u015f\u0131nda, nereli? G\u00fczelli\u011fi ile y\u0131llara meydan okuyor!"},"content":{"rendered":"<p class=\"p1\">90\u2019l\u0131 y\u0131llar\u0131n en ikonik pembe dizilerinden biri olan <i>Rosalinda<\/i>, T\u00fcrkiye\u2019de geni\u015f bir izleyici kitlesine ula\u015farak bir d\u00f6nemin en sevilen yap\u0131mlar\u0131ndan biri haline gelmi\u015fti. Thal\u00eda, dizide oynad\u0131\u011f\u0131 Rosalinda karakteriyle izleyicilerin haf\u0131zas\u0131na kaz\u0131nd\u0131. G\u00fczelli\u011fi ve ba\u015far\u0131l\u0131 oyunculu\u011fuyla dikkat \u00e7eken Thal\u00eda, ayn\u0131 zamanda Latin pop m\u00fczi\u011finin en \u00f6nemli temsilcilerinden biri olarak tan\u0131n\u0131yor. Peki Thalia ka\u00e7 ya\u015f\u0131nda ve nereli? \u0130\u015fte merak edilen sorular\u0131n cevaplar\u0131..<\/p>\n<h3 class=\"p1\"><b>THAL\u0130A KA\u00c7 YA\u015eINDA, NEREL\u0130?<\/b><b><\/b><\/h3>\n<p class=\"p1\">Tam ad\u0131 Ariadna Thal\u00eda Sodi Miranda olan \u00fcnl\u00fc sanat\u00e7\u0131, 26 A\u011fustos 1971\u2019de Meksika\u2019da do\u011fdu. M\u00fczi\u011fe olan ilgisi k\u00fc\u00e7\u00fck ya\u015flarda ba\u015flayan Thal\u00eda, kariyerine Din Din adl\u0131 \u00e7ocuk grubunda solist olarak ba\u015flad\u0131. Ard\u0131ndan Timbiriche adl\u0131 m\u00fczik grubuna kat\u0131larak Latin Amerika\u2019da geni\u015f bir dinleyici kitlesine ula\u015ft\u0131.<\/p>\n<p><img loading=\"lazy\" decoding=\"async\" class=\"alignnone wp-image-136631 \" src=\"https:\/\/www.tgrthaber.com\/mavikadin\/wp-content\/uploads\/Ekran-Resmi-2025-02-21-18.11.16.png\" alt=\"\" width=\"996\" height=\"536\" title=\"\" srcset=\"https:\/\/www.tgrthaber.com\/mavikadin\/wp-content\/uploads\/Ekran-Resmi-2025-02-21-18.11.16.png 732w, https:\/\/www.tgrthaber.com\/mavikadin\/wp-content\/uploads\/Ekran-Resmi-2025-02-21-18.11.16-300x161.png 300w\" sizes=\"(max-width: 996px) 100vw, 996px\" \/><\/p>\n<hr \/>\n<p class=\"p1\">1989 y\u0131l\u0131nda solo kariyer yapma karar\u0131 alan sanat\u00e7\u0131, Los Angeles\u2019a ta\u015f\u0131narak ilk alb\u00fcm\u00fcn\u00fc haz\u0131rlamaya ba\u015flad\u0131. Latin pop m\u00fczi\u011finin en g\u00fc\u00e7l\u00fc isimlerinden biri haline gelen Thal\u00eda, bug\u00fcne kadar 40 milyondan fazla alb\u00fcm sat\u0131\u015f\u0131yla b\u00fcy\u00fck bir ticari ba\u015far\u0131ya imza att\u0131.<\/p>\n<p class=\"p1\">\u00dcnl\u00fc sanat\u00e7\u0131, m\u00fczik d\u00fcnyas\u0131ndaki yerini sa\u011flamla\u015ft\u0131rmaya devam ediyor. 2018 y\u0131l\u0131nda \u00e7\u0131kard\u0131\u011f\u0131 Valiente alb\u00fcm\u00fc, Billboard listelerinde zirveye yerle\u015ferek b\u00fcy\u00fck ilgi g\u00f6rd\u00fc. Alb\u00fcmden \u00e7\u0131kan ilk single \u201cNo Me Acuerdo\u201d, YouTube\u2019da 1 milyar izlenmeyi a\u015farak y\u0131l\u0131n en \u00e7ok izlenen m\u00fczik videolar\u0131 aras\u0131na girdi. 2019 y\u0131l\u0131nda Latin Grammy\u2019lerde Onur \u00d6d\u00fcl\u00fc kazanan Thal\u00eda, bu ba\u015far\u0131s\u0131yla Latin m\u00fczik end\u00fcstrisindeki g\u00fcc\u00fcn\u00fc bir kez daha kan\u0131tlad\u0131. Valiente alb\u00fcm\u00fc, 20 \u00fclkede 1 numara olurken, 45 farkl\u0131 \u00fclkede m\u00fczik listelerine girmeyi ba\u015fard\u0131.<\/p>\n<p><img loading=\"lazy\" decoding=\"async\" class=\"alignnone wp-image-136632 \" src=\"https:\/\/www.tgrthaber.com\/mavikadin\/wp-content\/uploads\/Ekran-Resmi-2025-02-21-18.10.38.png\" alt=\"\" width=\"985\" height=\"938\" title=\"\" srcset=\"https:\/\/www.tgrthaber.com\/mavikadin\/wp-content\/uploads\/Ekran-Resmi-2025-02-21-18.10.38.png 972w, https:\/\/www.tgrthaber.com\/mavikadin\/wp-content\/uploads\/Ekran-Resmi-2025-02-21-18.10.38-300x286.png 300w, https:\/\/www.tgrthaber.com\/mavikadin\/wp-content\/uploads\/Ekran-Resmi-2025-02-21-18.10.38-768x732.png 768w\" sizes=\"(max-width: 985px) 100vw, 985px\" \/><\/p>\n<hr \/>\n<h3 class=\"p1\"><b>THAL\u0130A \u015e\u0130MD\u0130 NE YAPIYOR?<\/b><b><\/b><\/h3>\n<p class=\"p1\">Ba\u015far\u0131l\u0131 kariyerine h\u0131z kesmeden devam eden sanat\u00e7\u0131, m\u00fczik d\u00fcnyas\u0131nda aktif rol almaya devam ediyor. Sahne performanslar\u0131, yeni alb\u00fcm \u00e7al\u0131\u015fmalar\u0131 ve projeleriyle hala ad\u0131ndan s\u00f6z ettiren Thal\u00eda, Latin pop m\u00fczi\u011finin en g\u00fc\u00e7l\u00fc isimlerinden biri olmaya devam ediyor.<\/p>\n<h3 class=\"p1\">THAL\u0130A EVL\u0130 M\u0130, \u00c7OCU\u011eU VAR MI?<\/h3>\n<p class=\"p1\">Latin pop m\u00fczi\u011finin en g\u00fc\u00e7l\u00fc isimlerinden biri olan Thal\u00eda, \u00f6zel hayat\u0131nda da istikrarl\u0131 bir evlilik s\u00fcrd\u00fcren \u00fcnl\u00fclerden biri. 2000 y\u0131l\u0131nda Amerikal\u0131 yap\u0131mc\u0131 ve i\u015f insan\u0131 Tommy Mottola ile evlenen Thal\u00eda, mutlu bir aile hayat\u0131 s\u00fcrd\u00fcrmektedir. \u00c7iftin bu evlilikten Sabrina Saka\u00eb (2007 do\u011fumlu) ve Matthew Alejandro (2011 do\u011fumlu) ad\u0131nda iki \u00e7ocu\u011fu bulunuyor.<\/p>\n<p><img loading=\"lazy\" decoding=\"async\" class=\"alignnone wp-image-136636 size-full\" src=\"https:\/\/www.tgrthaber.com\/mavikadin\/wp-content\/uploads\/Ekran-Resmi-2025-02-21-18.10.05.png\" alt=\"\" width=\"1000\" height=\"626\" title=\"\" srcset=\"https:\/\/www.tgrthaber.com\/mavikadin\/wp-content\/uploads\/Ekran-Resmi-2025-02-21-18.10.05.png 1000w, https:\/\/www.tgrthaber.com\/mavikadin\/wp-content\/uploads\/Ekran-Resmi-2025-02-21-18.10.05-300x188.png 300w, https:\/\/www.tgrthaber.com\/mavikadin\/wp-content\/uploads\/Ekran-Resmi-2025-02-21-18.10.05-768x481.png 768w\" sizes=\"(max-width: 1000px) 100vw, 1000px\" \/><\/p>\n<hr \/>\n<h3>THAL\u0130A&#8217;NIN OYNADI\u011eI D\u0130Z\u0130LER HANG\u0130LER\u0130?<\/h3>\n<p class=\"p1\">La pobre se\u00f1orita Limantour (1987)<\/p>\n<p class=\"p1\">Quincea\u00f1era (1987-1988)<\/p>\n<p class=\"p1\">Luz y sombra (1989)<\/p>\n<p class=\"p1\">Mar\u00eda Mercedes (1992)<\/p>\n<p class=\"p1\">Marimar (1994)<\/p>\n<p class=\"p1\">Mar\u00eda la del Barrio (1995) <i>(T\u00fcrkiye\u2019de \u201cYoksul A\u015f\u0131klar\u201d olarak bilinir.)<\/i><i><\/i><\/p>\n<p class=\"p1\">Rosalinda (1999)<b><\/b><\/p>\n<p>&nbsp;<\/p>\n","protected":false},"excerpt":{"rendered":"<p>90\u2019l\u0131 y\u0131llar\u0131n unutulmaz pembe dizilerinden biri olan Rosalinda, T\u00fcrkiye\u2019de b\u00fcy\u00fck bir ilgiyle takip edilerek d\u00f6nemin en pop\u00fcler yap\u0131mlar\u0131ndan biri oldu. Dizinin ba\u015frol oyuncusu Thal\u00eda, hem g\u00fczelli\u011fi hem de etkileyici oyunculu\u011fuyla izleyicilerin haf\u0131zas\u0131na kaz\u0131nd\u0131. Latin pop m\u00fczi\u011finin en g\u00fc\u00e7l\u00fc isimlerinden biri olarak bilinen sanat\u00e7\u0131, d\u00fcnya \u00e7ap\u0131nda milyonlarca hayrana sahip. Peki ekranlar\u0131n y\u0131ld\u0131z\u0131 Thalia ka\u00e7 ya\u015f\u0131nda, nereli? \u0130\u015fte detaylar&#8230; <\/p>\n","protected":false},"author":16,"featured_media":136648,"comment_status":"closed","ping_status":"closed","sticky":false,"template":"","format":"standard","meta":{"rank_math_lock_modified_date":false,"footnotes":""},"categories":[491],"tags":[11568,11567,11569],"class_list":["post-136622","post","type-post","status-publish","format-standard","has-post-thumbnail","hentry","category-biyografi","tag-latin-guzel-thalia-kac-yasinda","tag-thalia-kimdir","tag-thalia-nereli"],"_links":{"self":[{"href":"https:\/\/www.tgrthaber.com\/mavikadin\/wp-json\/wp\/v2\/posts\/136622"}],"collection":[{"href":"https:\/\/www.tgrthaber.com\/mavikadin\/wp-json\/wp\/v2\/posts"}],"about":[{"href":"https:\/\/www.tgrthaber.com\/mavikadin\/wp-json\/wp\/v2\/types\/post"}],"author":[{"embeddable":true,"href":"https:\/\/www.tgrthaber.com\/mavikadin\/wp-json\/wp\/v2\/users\/16"}],"replies":[{"embeddable":true,"href":"https:\/\/www.tgrthaber.com\/mavikadin\/wp-json\/wp\/v2\/comments?post=136622"}],"version-history":[{"count":2,"href":"https:\/\/www.tgrthaber.com\/mavikadin\/wp-json\/wp\/v2\/posts\/136622\/revisions"}],"predecessor-version":[{"id":136650,"href":"https:\/\/www.tgrthaber.com\/mavikadin\/wp-json\/wp\/v2\/posts\/136622\/revisions\/136650"}],"wp:featuredmedia":[{"embeddable":true,"href":"https:\/\/www.tgrthaber.com\/mavikadin\/wp-json\/wp\/v2\/media\/136648"}],"wp:attachment":[{"href":"https:\/\/www.tgrthaber.com\/mavikadin\/wp-json\/wp\/v2\/media?parent=136622"}],"wp:term":[{"taxonomy":"category","embeddable":true,"href":"https:\/\/www.tgrthaber.com\/mavikadin\/wp-json\/wp\/v2\/categories?post=136622"},{"taxonomy":"post_tag","embeddable":true,"href":"https:\/\/www.tgrthaber.com\/mavikadin\/wp-json\/wp\/v2\/tags?post=136622"}],"curies":[{"name":"wp","href":"https:\/\/api.w.org\/{rel}","templated":true}]}}