{"id":136706,"date":"2025-02-21T19:40:33","date_gmt":"2025-02-21T16:40:33","guid":{"rendered":"https:\/\/www.tgrthaber.com\/mavikadin\/?p=136706"},"modified":"2025-02-21T19:42:21","modified_gmt":"2025-02-21T16:42:21","slug":"piyasa-dizisinin-yapimci-sefiki-yurdaer-okur-kimdir-kac-yasinda-memleketi-kariyeri-merak-edildi","status":"publish","type":"post","link":"https:\/\/www.tgrthaber.com\/mavikadin\/piyasa-dizisinin-yapimci-sefiki-yurdaer-okur-kimdir-kac-yasinda-memleketi-kariyeri-merak-edildi\/","title":{"rendered":"Piyasa dizisinin Yap\u0131mc\u0131 \u015eefik&#8217;i Yurdaer Okur kimdir, ka\u00e7 ya\u015f\u0131nda? Memleketi, kariyeri merak edildi!"},"content":{"rendered":"<p class=\"p1\">T\u00fcrk tiyatro ve televizyon d\u00fcnyas\u0131n\u0131n deneyimli isimlerinden Yurdaer Okur, Piyasa dizisinin oyuncu kadrosuna dahil oldu. Ba\u015far\u0131l\u0131 sanat\u00e7\u0131, dizide Yap\u0131mc\u0131 \u015eefik karakterini oynayacak Daha \u00f6nce yer ald\u0131\u011f\u0131 projelerle geni\u015f bir hayran kitlesi edinen Okur\u2019un diziye kat\u0131lmas\u0131, izleyiciler taraf\u0131ndan b\u00fcy\u00fck bir heyecanla kar\u015f\u0131land\u0131. Okur\u2019un diziye kat\u0131lmas\u0131n\u0131n ard\u0131ndan herkes \u00fcnl\u00fc oyuncunun hayat\u0131n\u0131 ara\u015ft\u0131rmaya ba\u015flad\u0131. Peki Piyasa dizisinin yap\u0131mc\u0131 \u015eefik\u2019i Yurdaer Okur kimdir, ka\u00e7 ya\u015f\u0131nda? \u0130\u015fte kariyeri ve biyografisine dair merak edilenler\u2026<\/p>\n<h3 class=\"p1\"><b>P\u0130YASA D\u0130Z\u0130S\u0130<span class=\"Apple-converted-space\">\u00a0 <\/span>YAPIMCI \u015eEF\u0130K\u2019\u0130 YURDAER OKUR K\u0130MD\u0130R? <\/b><b><\/b><\/h3>\n<p class=\"p1\">29 Ekim 1974\u2019te Rize\u2019de do\u011fan Yurdaer Okur, G\u00fcrc\u00fc ve Laz k\u00f6kenli bir aileden gelmektedir. \u0130lk\u00f6\u011frenimini Bafra S\u00fcper Lisesi\u2019nde tamamlad\u0131ktan sonra, \u00fcniversite e\u011fitimine Akdeniz \u00dcniversitesi Turizm \u0130\u015fletmecili\u011fi B\u00f6l\u00fcm\u00fc\u2019nde ba\u015flad\u0131. Ancak, oyunculu\u011fa olan ilgisini fark ederek 1994 y\u0131l\u0131nda Hacettepe \u00dcniversitesi Devlet Konservatuvar\u0131 Tiyatro B\u00f6l\u00fcm\u00fc\u2019ne ge\u00e7i\u015f yapt\u0131. Akademik kariyerine devam eden sanat\u00e7\u0131, Mimar Sinan G\u00fczel Sanatlar \u00dcniversitesi Devlet Konservatuvar\u0131\u2019nda y\u00fcksek lisans yaparak e\u011fitimini peki\u015ftirdi.<\/p>\n<p><img loading=\"lazy\" decoding=\"async\" class=\"alignnone wp-image-136707 \" src=\"https:\/\/www.tgrthaber.com\/mavikadin\/wp-content\/uploads\/Ekran-Resmi-2025-02-21-19.35.07.png\" alt=\"\" width=\"992\" height=\"580\" title=\"\" srcset=\"https:\/\/www.tgrthaber.com\/mavikadin\/wp-content\/uploads\/Ekran-Resmi-2025-02-21-19.35.07.png 934w, https:\/\/www.tgrthaber.com\/mavikadin\/wp-content\/uploads\/Ekran-Resmi-2025-02-21-19.35.07-300x175.png 300w, https:\/\/www.tgrthaber.com\/mavikadin\/wp-content\/uploads\/Ekran-Resmi-2025-02-21-19.35.07-768x449.png 768w\" sizes=\"(max-width: 992px) 100vw, 992px\" \/><\/p>\n<hr \/>\n<p class=\"p1\">Yurdaer Okur\u2019un tiyatro ser\u00fcveni, 1999 y\u0131l\u0131nda Genco Erkal ile tan\u0131\u015fmas\u0131yla ba\u015flad\u0131. Dostlar Tiyatrosu\u2019nda sahnelenen \u201cYal\u0131nayak Sokrates\u201d oyununda yer ald\u0131. Ard\u0131ndan, \u0130stanbul Devlet Tiyatrosu\u2019nda yevmiyeli oyuncu olarak g\u00f6rev ald\u0131. 2002 y\u0131l\u0131nda Diyarbak\u0131r Devlet Tiyatrosu\u2019na kadrolu oyuncu olarak atanarak burada sahneye \u00e7\u0131kmaya devam etti. Tiyatroda sadece oyunculuk yapmakla kalmay\u0131p, y\u00f6netmenlik alan\u0131nda da ba\u015far\u0131l\u0131 i\u015flere imza att\u0131.<\/p>\n<p><img loading=\"lazy\" decoding=\"async\" class=\"alignnone wp-image-136710 \" src=\"https:\/\/www.tgrthaber.com\/mavikadin\/wp-content\/uploads\/Ekran-Resmi-2025-02-21-19.39.11.png\" alt=\"\" width=\"995\" height=\"659\" title=\"\" srcset=\"https:\/\/www.tgrthaber.com\/mavikadin\/wp-content\/uploads\/Ekran-Resmi-2025-02-21-19.39.11.png 894w, https:\/\/www.tgrthaber.com\/mavikadin\/wp-content\/uploads\/Ekran-Resmi-2025-02-21-19.39.11-300x199.png 300w, https:\/\/www.tgrthaber.com\/mavikadin\/wp-content\/uploads\/Ekran-Resmi-2025-02-21-19.39.11-768x509.png 768w\" sizes=\"(max-width: 995px) 100vw, 995px\" \/><\/p>\n<hr \/>\n<p class=\"p1\">Gen\u00e7 oyunculara drama dersleri vererek tiyatro sanat\u0131na katk\u0131da bulundu. Tiyatro sahnesindeki ba\u015far\u0131lar\u0131n\u0131 televizyon d\u00fcnyas\u0131na ta\u015f\u0131yan Yurdaer Okur, bir\u00e7ok dizi ve sinema filminde yer ald\u0131. Karaday\u0131 dizisinde onynad\u0131\u011f\u0131 Savc\u0131 Turgut karakteri ile geni\u015f kitleler taraf\u0131ndan tan\u0131nd\u0131. Karakterin derinli\u011fi ve ba\u015far\u0131l\u0131 performans\u0131yla izleyicilerin haf\u0131zas\u0131nda kal\u0131c\u0131 bir yer edindi. Ba\u015far\u0131l\u0131 oyuncu, y\u0131llar i\u00e7inde hem televizyon hem de sinema d\u00fcnyas\u0131nda \u00f6nemli yap\u0131mlarda yer ald\u0131. Son olarak Piyasa dizisine kat\u0131lmas\u0131, izleyiciler taraf\u0131ndan b\u00fcy\u00fck bir ilgiyle kar\u015f\u0131land\u0131.<\/p>\n<p class=\"p1\"><img loading=\"lazy\" decoding=\"async\" class=\"alignnone wp-image-136708 size-large\" src=\"https:\/\/www.tgrthaber.com\/mavikadin\/wp-content\/uploads\/Ekran-Resmi-2025-02-21-19.35.16-1024x635.png\" alt=\"\" width=\"1024\" height=\"635\" title=\"\" srcset=\"https:\/\/www.tgrthaber.com\/mavikadin\/wp-content\/uploads\/Ekran-Resmi-2025-02-21-19.35.16-1024x635.png 1024w, https:\/\/www.tgrthaber.com\/mavikadin\/wp-content\/uploads\/Ekran-Resmi-2025-02-21-19.35.16-300x186.png 300w, https:\/\/www.tgrthaber.com\/mavikadin\/wp-content\/uploads\/Ekran-Resmi-2025-02-21-19.35.16-768x476.png 768w, https:\/\/www.tgrthaber.com\/mavikadin\/wp-content\/uploads\/Ekran-Resmi-2025-02-21-19.35.16.png 1078w\" sizes=\"(max-width: 1024px) 100vw, 1024px\" \/><\/p>\n<hr \/>\n<h3 class=\"p1\"><b>YURDAER OKUR&#8217;UN YER ALDI\u011eI D\u0130Z\u0130 VE F\u0130LMLER\u00a0<\/b><\/h3>\n<p class=\"p1\"><b>Televizyon Projeleri:<\/b>\u00a0<i>Karaday\u0131, Sakarya F\u0131rat, Kurulu\u015f Osman, Yeter, Yarg\u0131, Alparslan: B\u00fcy\u00fck Sel\u00e7uklu<\/i>\u00a0gibi ses getiren projelerde boy g\u00f6sterdi.<\/p>\n<p class=\"p1\"><b>Sinema Filmleri:<\/b>\u00a0<i>Direni\u015f Karatay, 7. Ko\u011fu\u015ftaki Mucize, Demir Kad\u0131n: Neslican, K\u00f6rler Pencereden Bakar m\u0131?<\/i>\u00a0gibi yap\u0131mlarda etkileyici performanslar sergiledi.<\/p>\n","protected":false},"excerpt":{"rendered":"<p>T\u00fcrk televizyon ve tiyatro d\u00fcnyas\u0131n\u0131n usta isimlerinden Yurdaer Okur, Piyasa dizisinin kadrosuna kat\u0131ld\u0131. \u015eefik karakterini oynayacak olan deneyimli oyuncu, ge\u00e7mi\u015fte yer ald\u0131\u011f\u0131 projelerle b\u00fcy\u00fck bir hayran kitlesine sahip. Oyuncunun diziye kat\u0131l\u0131m\u0131 b\u00fcy\u00fck ilgi \u00e7ekerken, hayat\u0131 ve kariyeri merak konusu oldu. Peki Piyasa dizisi yap\u0131mc\u0131 \u015fefik Yurdaer Okur kimdir? \u0130\u015fte detaylar.. <\/p>\n","protected":false},"author":16,"featured_media":136709,"comment_status":"closed","ping_status":"closed","sticky":false,"template":"","format":"standard","meta":{"rank_math_lock_modified_date":false,"footnotes":""},"categories":[491],"tags":[11588,11587,11586],"class_list":["post-136706","post","type-post","status-publish","format-standard","has-post-thumbnail","hentry","category-biyografi","tag-piyasa-dizisi-yapimci-sefik-yurdaer-okur-kac-yasinda","tag-piyasa-dizisi-yapimci-sefik-yurdaer-okur-kimdir","tag-piyasa-dizisi-yurdaer-okur-kimdir"],"_links":{"self":[{"href":"https:\/\/www.tgrthaber.com\/mavikadin\/wp-json\/wp\/v2\/posts\/136706"}],"collection":[{"href":"https:\/\/www.tgrthaber.com\/mavikadin\/wp-json\/wp\/v2\/posts"}],"about":[{"href":"https:\/\/www.tgrthaber.com\/mavikadin\/wp-json\/wp\/v2\/types\/post"}],"author":[{"embeddable":true,"href":"https:\/\/www.tgrthaber.com\/mavikadin\/wp-json\/wp\/v2\/users\/16"}],"replies":[{"embeddable":true,"href":"https:\/\/www.tgrthaber.com\/mavikadin\/wp-json\/wp\/v2\/comments?post=136706"}],"version-history":[{"count":2,"href":"https:\/\/www.tgrthaber.com\/mavikadin\/wp-json\/wp\/v2\/posts\/136706\/revisions"}],"predecessor-version":[{"id":136712,"href":"https:\/\/www.tgrthaber.com\/mavikadin\/wp-json\/wp\/v2\/posts\/136706\/revisions\/136712"}],"wp:featuredmedia":[{"embeddable":true,"href":"https:\/\/www.tgrthaber.com\/mavikadin\/wp-json\/wp\/v2\/media\/136709"}],"wp:attachment":[{"href":"https:\/\/www.tgrthaber.com\/mavikadin\/wp-json\/wp\/v2\/media?parent=136706"}],"wp:term":[{"taxonomy":"category","embeddable":true,"href":"https:\/\/www.tgrthaber.com\/mavikadin\/wp-json\/wp\/v2\/categories?post=136706"},{"taxonomy":"post_tag","embeddable":true,"href":"https:\/\/www.tgrthaber.com\/mavikadin\/wp-json\/wp\/v2\/tags?post=136706"}],"curies":[{"name":"wp","href":"https:\/\/api.w.org\/{rel}","templated":true}]}}