{"id":136729,"date":"2025-02-21T20:53:28","date_gmt":"2025-02-21T17:53:28","guid":{"rendered":"https:\/\/www.tgrthaber.com\/mavikadin\/?p=136729"},"modified":"2025-02-21T20:53:28","modified_gmt":"2025-02-21T17:53:28","slug":"kudus-fatihi-selahaddin-eyyubi-dizisi-mila-karakteri-elif-dogan-kimdir-nereli-kac-yasinda","status":"publish","type":"post","link":"https:\/\/www.tgrthaber.com\/mavikadin\/kudus-fatihi-selahaddin-eyyubi-dizisi-mila-karakteri-elif-dogan-kimdir-nereli-kac-yasinda\/","title":{"rendered":"Kud\u00fcs Fatihi Selahaddin Eyyubi dizisi Mila karakteri Elif Do\u011fan kimdir? Nereli, ka\u00e7 ya\u015f\u0131nda?"},"content":{"rendered":"<p>TRT 1\u2019 de Kud\u00fcs Fatihi Selahaddin Eyyubi, tarihi konusu ile tarihi yap\u0131mlar\u0131 izlemeyi sevenleri ekranlara kilitlemeye devam ediyor. Yay\u0131nland\u0131\u011f\u0131 her b\u00f6l\u00fcmde tarihin derin, gizli kalm\u0131\u015f konular\u0131n\u0131 ortaya \u00e7\u0131karmaya \u00e7al\u0131\u015fan dizinin Mila karakteri, g\u00fc\u00e7l\u00fc duru\u015fuyla dikkatleri \u00fczerine \u00e7ekmeyi ba\u015fard\u0131. Peki, Elif Do\u011fan kimdir? Nereli, ka\u00e7 ya\u015f\u0131nda? Elif Do\u011fan\u2019\u0131n oynad\u0131\u011f\u0131 dizi ve filmler nelerdir?<\/p>\n<h3>EL\u0130F DO\u011eAN K\u0130MD\u0130R? KA\u00c7 YA\u015eINDA, NEREL\u0130D\u0130R?<\/h3>\n<p>Gen\u00e7 oyuncu 6 Eyl\u00fcl 1994 y\u0131l\u0131nda \u0130stanbul\u2019da do\u011fan Elif Do\u011fan, k\u00fc\u00e7\u00fckl\u00fc\u011f\u00fcnden beri sanatla ha\u015f\u0131r ne\u015fir olan oyuncu e\u011fitimini bu alanda yapt\u0131. Lise y\u0131llar\u0131ndan itibaren e\u011fitim hayat\u0131n\u0131 m\u00fczik ve oyunculuk alan\u0131ndaki derslere ve kurslara giderek kendini geli\u015ftirdi. \u0130stanbul \u00dcniversitesi \u0130ngilizce \u00d6\u011fretmenli\u011fi B\u00f6l\u00fcm\u00fc\u2019n\u00fc okurken, yan dal yaparak ayn\u0131 okulun \u0130stanbul \u00dcniversitesi Devlet Konservatuar\u0131 M\u00fczikal B\u00f6l\u00fcm\u00fc&#8217;nde \u015fan dersleri alarak hem sesini geli\u015ftirdi hem de oyunculuk alan\u0131nda yeteneklerini geli\u015ftirdi. E\u011fitim hayat\u0131n\u0131n bitmesinin ard\u0131ndan g\u00fczel oyuncu televizyon sekt\u00f6r\u00fcnde ad\u0131n\u0131 duyurmaya ba\u015flad\u0131.<\/p>\n<p><img loading=\"lazy\" decoding=\"async\" class=\"alignnone wp-image-136739\" src=\"https:\/\/www.tgrthaber.com\/mavikadin\/wp-content\/uploads\/elif-dogan-kimdir-300x169.jpg\" alt=\"elif do\u011fan kimdir\" width=\"1208\" height=\"680\" title=\"\" srcset=\"https:\/\/www.tgrthaber.com\/mavikadin\/wp-content\/uploads\/elif-dogan-kimdir-300x169.jpg 300w, https:\/\/www.tgrthaber.com\/mavikadin\/wp-content\/uploads\/elif-dogan-kimdir-1024x576.jpg 1024w, https:\/\/www.tgrthaber.com\/mavikadin\/wp-content\/uploads\/elif-dogan-kimdir-768x432.jpg 768w, https:\/\/www.tgrthaber.com\/mavikadin\/wp-content\/uploads\/elif-dogan-kimdir-1536x864.jpg 1536w, https:\/\/www.tgrthaber.com\/mavikadin\/wp-content\/uploads\/elif-dogan-kimdir.jpg 1920w\" sizes=\"(max-width: 1208px) 100vw, 1208px\" \/><\/p>\n<hr \/>\n<h3>EL\u0130F DO\u011eAN\u2019IN BOYU VE K\u0130LOSU KA\u00c7?<\/h3>\n<p>Elif Do\u011fan\u2019\u0131n 1.66 cm boyu ve 54 kg a\u011f\u0131rl\u0131. Duru g\u00fczelli\u011fi ve fizi\u011fi ile hem televizyonda hem de sinema sekt\u00f6r\u00fcnde oynad\u0131\u011f\u0131 rolleri dikkatleri \u00fczerine \u00e7ekmeyi ba\u015farm\u0131\u015ft\u0131r.<\/p>\n<h3>EL\u0130F DO\u011eAN KAR\u0130YER\u0130<\/h3>\n<p>Elif Do\u011fan\u2019\u0131n 2016 y\u0131l\u0131nda A\u015fk Laftan Anlamaz dizisi ile birlikte televizyon sekt\u00f6r\u00fcne ad\u0131m att\u0131. Orada oynad\u0131\u011f\u0131 karakterle oyunculuk sekt\u00f6r\u00fcnde bende var\u0131m diyerek bir\u00e7ok dizi ve filmde oynamaya ba\u015flad\u0131.<\/p>\n<p><img loading=\"lazy\" decoding=\"async\" class=\"alignnone wp-image-136740\" src=\"https:\/\/www.tgrthaber.com\/mavikadin\/wp-content\/uploads\/elif-dogan-oynadigi-dizi-ve-filmler-300x169.jpg\" alt=\"\" width=\"1208\" height=\"680\" title=\"\" srcset=\"https:\/\/www.tgrthaber.com\/mavikadin\/wp-content\/uploads\/elif-dogan-oynadigi-dizi-ve-filmler-300x169.jpg 300w, https:\/\/www.tgrthaber.com\/mavikadin\/wp-content\/uploads\/elif-dogan-oynadigi-dizi-ve-filmler-1024x576.jpg 1024w, https:\/\/www.tgrthaber.com\/mavikadin\/wp-content\/uploads\/elif-dogan-oynadigi-dizi-ve-filmler-768x432.jpg 768w, https:\/\/www.tgrthaber.com\/mavikadin\/wp-content\/uploads\/elif-dogan-oynadigi-dizi-ve-filmler-1536x864.jpg 1536w, https:\/\/www.tgrthaber.com\/mavikadin\/wp-content\/uploads\/elif-dogan-oynadigi-dizi-ve-filmler.jpg 1920w\" sizes=\"(max-width: 1208px) 100vw, 1208px\" \/><\/p>\n<hr \/>\n<h3>EL\u0130F DO\u011eAN\u2019IN OYNADI\u011eI D\u0130Z\u0130 VE F\u0130LMLER<\/h3>\n<ul>\n<li>2016 y\u0131l\u0131 Show TV &#8211; &#8220;A\u015fk Laftan Anlamaz&#8221; dizisi &#8211; &#8220;Suna Pekta\u015f&#8221; karakteri<\/li>\n<li>2016\u2019da Star TV &#8211; &#8220;Hayat Bazen Tatl\u0131d\u0131r&#8221; dizisi &#8220;Zeynep&#8221; karakteri<\/li>\n<li>2017-2018 y\u0131llar\u0131 &#8211; &#8220;\u00c7ukur&#8221; dizisi- &#8220;Hale&#8221; karakteri<\/li>\n<li>2018 y\u0131l\u0131 &#8211; Show TV &#8211; &#8220;Dar\u0131s\u0131 Ba\u015f\u0131m\u0131za&#8221; dizisi &#8211; &#8220;\u00d6yk\u00fcy Tekin&#8221; karakteri<\/li>\n<li>2020 y\u0131l\u0131 &#8211; ATV &#8211; &#8220;Gen\u00e7li\u011fim Eyvah&#8221; dizisi &#8211; \u00a0&#8220;Azra Bozo\u011flu&#8221; karakteri<\/li>\n<li>2021 y\u0131l\u0131 \u2013 BluTV &#8211; &#8220;Aynen Aynen&#8221; dizisi &#8211; \u00a0&#8220;Simge&#8221; karakteri<\/li>\n<li>2023 y\u0131l\u0131 &#8211; &#8220;Altay&#8221; dizisi &#8211; \u00a0&#8220;Su K\u0131z&#8221; karakteri<\/li>\n<li>2024 y\u0131l\u0131 TRT 1 &#8211; &#8220;Kud\u00fcs Fatihi Selahaddin Eyyubi&#8221; dizisi &#8211; &#8220;Mila&#8221; karakteri<\/li>\n<\/ul>\n<p><strong>Sinema<\/strong><\/p>\n<ul>\n<li>2020 y\u0131l\u0131 &#8211; &#8220;A\u015fk Tesad\u00fcfleri Sever 2&#8221; filmi &#8211; &#8220;Gen\u00e7 Sema&#8221; karakteri<\/li>\n<\/ul>\n","protected":false},"excerpt":{"rendered":"<p>TRT 1 ekranlar\u0131nda yer alan Kud\u00fcs Fatihi Selahaddin Eyyubi dizisinde Mila karakterini oynayan Elif Do\u011fan, oyunculu\u011fu ve g\u00fczelli\u011fi ile dikkatleri \u00fczerine \u00e7ekiyor. Peki, Elif Do\u011fan kimdir? Nereli, ka\u00e7 ya\u015f\u0131nda? Elif Do\u011fan\u2019\u0131n oynad\u0131\u011f\u0131 dizi ve filmler nelerdir? <\/p>\n","protected":false},"author":10,"featured_media":136737,"comment_status":"closed","ping_status":"closed","sticky":false,"template":"","format":"standard","meta":{"rank_math_lock_modified_date":false,"footnotes":""},"categories":[491],"tags":[3374,11597,11595,11596],"class_list":["post-136729","post","type-post","status-publish","format-standard","has-post-thumbnail","hentry","category-biyografi","tag-biyografi","tag-elif-dogan-kac-yasinda","tag-elif-dogan-kimdir","tag-elif-dogan-oynadigi-dizi-ve-filmler"],"_links":{"self":[{"href":"https:\/\/www.tgrthaber.com\/mavikadin\/wp-json\/wp\/v2\/posts\/136729"}],"collection":[{"href":"https:\/\/www.tgrthaber.com\/mavikadin\/wp-json\/wp\/v2\/posts"}],"about":[{"href":"https:\/\/www.tgrthaber.com\/mavikadin\/wp-json\/wp\/v2\/types\/post"}],"author":[{"embeddable":true,"href":"https:\/\/www.tgrthaber.com\/mavikadin\/wp-json\/wp\/v2\/users\/10"}],"replies":[{"embeddable":true,"href":"https:\/\/www.tgrthaber.com\/mavikadin\/wp-json\/wp\/v2\/comments?post=136729"}],"version-history":[{"count":2,"href":"https:\/\/www.tgrthaber.com\/mavikadin\/wp-json\/wp\/v2\/posts\/136729\/revisions"}],"predecessor-version":[{"id":136743,"href":"https:\/\/www.tgrthaber.com\/mavikadin\/wp-json\/wp\/v2\/posts\/136729\/revisions\/136743"}],"wp:featuredmedia":[{"embeddable":true,"href":"https:\/\/www.tgrthaber.com\/mavikadin\/wp-json\/wp\/v2\/media\/136737"}],"wp:attachment":[{"href":"https:\/\/www.tgrthaber.com\/mavikadin\/wp-json\/wp\/v2\/media?parent=136729"}],"wp:term":[{"taxonomy":"category","embeddable":true,"href":"https:\/\/www.tgrthaber.com\/mavikadin\/wp-json\/wp\/v2\/categories?post=136729"},{"taxonomy":"post_tag","embeddable":true,"href":"https:\/\/www.tgrthaber.com\/mavikadin\/wp-json\/wp\/v2\/tags?post=136729"}],"curies":[{"name":"wp","href":"https:\/\/api.w.org\/{rel}","templated":true}]}}