{"id":136746,"date":"2025-02-21T21:15:53","date_gmt":"2025-02-21T18:15:53","guid":{"rendered":"https:\/\/www.tgrthaber.com\/mavikadin\/?p=136746"},"modified":"2025-02-21T22:47:55","modified_gmt":"2025-02-21T19:47:55","slug":"kudus-fatihi-selahaddin-eyyubi-yeni-bolum-ne-zaman-kudus-fatihi-selahaddin-eyyubi-nerede-cekiliyor","status":"publish","type":"post","link":"https:\/\/www.tgrthaber.com\/mavikadin\/kudus-fatihi-selahaddin-eyyubi-yeni-bolum-ne-zaman-kudus-fatihi-selahaddin-eyyubi-nerede-cekiliyor\/","title":{"rendered":"Kud\u00fcs Fatih&#8217;i Selahaddin Eyyubi yeni b\u00f6l\u00fcm ne zaman? Kud\u00fcs Fatih&#8217;i Selahaddin Eyyubi nerede \u00e7ekiliyor?"},"content":{"rendered":"<p class=\"p1\">TRT 1\u2019in yeni sezon dizileri aras\u0131nda yer alan Kud\u00fcs Fatihi Selahaddin Eyy\u00fcbi, en \u00e7ok izlenen yap\u0131mlar aras\u0131nda yer al\u0131yor. Tarihi olaylar\u0131 konu alan yap\u0131m\u0131n \u00e7ekim yeri ve yeni b\u00f6l\u00fcm\u00fc<span class=\"Apple-converted-space\">\u00a0 <\/span>izleyiciler taraf\u0131ndan merak edilen konular aras\u0131nda. Peki, Kud\u00fcs Fatihi Selahaddin Eyy\u00fcbi dizisi nerede \u00e7ekiliyor? Yeni b\u00f6l\u00fcm\u00fc ne zaman yay\u0131nlanacak? \u0130\u015fte merak edilen detaylar\u2026<\/p>\n<h3 class=\"p1\"><b>KUD\u00dcS FAT\u0130H&#8217;\u0130 SELAHADD\u0130N EYYUB\u0130 NEREDE \u00c7EK\u0130L\u0130YOR?<\/b><\/h3>\n<p class=\"p1\">Yap\u0131mc\u0131l\u0131\u011f\u0131n\u0131 Akli Film\u2019in \u00fcstlendi\u011fi, y\u00f6netmenli\u011fini Sedat \u0130nci\u2019nin yapt\u0131\u011f\u0131 ve senaryosunu Serdar \u00d6z\u00f6nalan\u2019\u0131n kaleme ald\u0131\u011f\u0131 Kud\u00fcs Fatihi Selahaddin Eyy\u00fcbi, Kocaeli\u2019nin Gebze il\u00e7esinde \u00e7ekiliyor. Dizi i\u00e7in yakla\u015f\u0131k 60 d\u00f6n\u00fcml\u00fck bir alana dev bir plato kuruldu. Orta \u00c7a\u011f atmosferini yans\u0131tacak \u015fekilde tasarlanan bu plato, tarihi detaylara uygun \u015fekilde in\u015fa edilerek seyircilere ger\u00e7ek\u00e7i bir g\u00f6rsel \u015f\u00f6len sunmas\u0131yla dikkatleri \u00fczerine \u00e7ekiyor.<\/p>\n<p><img loading=\"lazy\" decoding=\"async\" class=\"alignnone wp-image-136755 size-large\" src=\"https:\/\/www.tgrthaber.com\/mavikadin\/wp-content\/uploads\/Ekran-Resmi-2025-02-21-21.09.44-1024x631.png\" alt=\"\" width=\"1024\" height=\"631\" title=\"\" srcset=\"https:\/\/www.tgrthaber.com\/mavikadin\/wp-content\/uploads\/Ekran-Resmi-2025-02-21-21.09.44-1024x631.png 1024w, https:\/\/www.tgrthaber.com\/mavikadin\/wp-content\/uploads\/Ekran-Resmi-2025-02-21-21.09.44-300x185.png 300w, https:\/\/www.tgrthaber.com\/mavikadin\/wp-content\/uploads\/Ekran-Resmi-2025-02-21-21.09.44-768x474.png 768w, https:\/\/www.tgrthaber.com\/mavikadin\/wp-content\/uploads\/Ekran-Resmi-2025-02-21-21.09.44.png 1320w\" sizes=\"(max-width: 1024px) 100vw, 1024px\" \/><\/p>\n<hr \/>\n<h3 class=\"p1\"><b>KUD\u00dcS FAT\u0130H&#8217;\u0130 SELAHADD\u0130N EYYUB\u0130 YEN\u0130 B\u00d6L\u00dcM NE ZAMAN?<\/b><b><\/b><\/h3>\n<p class=\"p1\">Ba\u015frol\u00fcnde U\u011fur G\u00fcne\u015f\u2019in yer ald\u0131\u011f\u0131 Kud\u00fcs Fatihi Selahaddin Eyy\u00fcbi, her hafta pazartesi g\u00fcnleri saat 20.00\u2019de TRT 1 ekranlar\u0131nda izleyicisiyle bulu\u015fuyor. 45. b\u00f6l\u00fcm\u00fcyle ekrana gelmeye haz\u0131rlanan dizinin yeni b\u00f6l\u00fcm\u00fc 17 \u015eubat 2025 tarihinde yay\u0131nland\u0131. B\u00fcy\u00fck bir prod\u00fcksiyonla haz\u0131rlanan ve tarihi olaylar\u0131 etkileyici bir anlat\u0131mla ekrana ta\u015f\u0131yan Kud\u00fcs Fatihi Selahaddin Eyy\u00fcbi, yeni b\u00f6l\u00fcmleriyle seyircisini ekran ba\u015f\u0131na kilitlemeye devam ediyor. Kud\u00fcs Fatih&#8217;i Selahaddin Eyyubi yeni b\u00f6l\u00fcm\u00fc her pazartesi ak\u015fam\u0131 saat 20:00&#8217;de TRT1 ekranlar\u0131nda izleyici ile bulu\u015fuyor.<\/p>\n<p><img loading=\"lazy\" decoding=\"async\" class=\"alignnone wp-image-136759 size-full\" src=\"https:\/\/www.tgrthaber.com\/mavikadin\/wp-content\/uploads\/Ekran-Resmi-2025-02-21-21.10.03.png\" alt=\"\" width=\"1024\" height=\"610\" title=\"\" srcset=\"https:\/\/www.tgrthaber.com\/mavikadin\/wp-content\/uploads\/Ekran-Resmi-2025-02-21-21.10.03.png 1024w, https:\/\/www.tgrthaber.com\/mavikadin\/wp-content\/uploads\/Ekran-Resmi-2025-02-21-21.10.03-300x179.png 300w, https:\/\/www.tgrthaber.com\/mavikadin\/wp-content\/uploads\/Ekran-Resmi-2025-02-21-21.10.03-768x458.png 768w\" sizes=\"(max-width: 1024px) 100vw, 1024px\" \/><\/p>\n<hr \/>\n<h3 class=\"p1\"><b>KUD\u00dcS FAT\u0130H&#8217;\u0130 SELAHADD\u0130N EYYUB\u0130 KONUSU NE?<\/b><\/h3>\n<p class=\"p1\">TRT 1 ekranlar\u0131nda yay\u0131nlanan Kud\u00fcs Fatihi Selahaddin Eyy\u00fcbi dizisi, 12. y\u00fczy\u0131lda Ha\u00e7l\u0131lar ile M\u00fcsl\u00fcmanlar aras\u0131ndaki m\u00fccadeleyi ve Kud\u00fcs\u2019\u00fcn fethi i\u00e7in verilen destans\u0131 sava\u015f\u0131 konu al\u0131yor. Dizi, Selahaddin Eyy\u00fcbi\u2019nin adalet anlay\u0131\u015f\u0131, stratejik zek\u00e2s\u0131 ve Kud\u00fcs\u2019\u00fc \u00f6zg\u00fcrl\u00fc\u011f\u00fcne kavu\u015fturma m\u00fccadelesini ekranlara ta\u015f\u0131yor. Ha\u00e7l\u0131 istilalar\u0131n\u0131n \u0130slam topraklar\u0131n\u0131 kas\u0131p kavurdu\u011fu 12. y\u00fczy\u0131lda, M\u00fcsl\u00fcman d\u00fcnyas\u0131 b\u00fcy\u00fck bir kaosun i\u00e7ine s\u00fcr\u00fcklenmi\u015ftir. Kud\u00fcs ve \u00e7evresindeki \u0130slam beldeleri Ha\u00e7l\u0131lar taraf\u0131ndan i\u015fgal edilmi\u015f, M\u00fcsl\u00fcman devletler aras\u0131ndaki birlik bozulmu\u015ftur. Zengi Devleti himayesindeki Selahaddin Eyy\u00fcbi, adalet ve \u00f6zg\u00fcrl\u00fck m\u00fccadelesiyle Kud\u00fcs\u2019\u00fc yeniden fethetme idealine sahip cesur bir lider olarak \u00f6ne \u00e7\u0131kmaktad\u0131r.<\/p>\n<p><img loading=\"lazy\" decoding=\"async\" class=\"alignnone wp-image-136760 \" src=\"https:\/\/www.tgrthaber.com\/mavikadin\/wp-content\/uploads\/Ekran-Resmi-2025-02-21-21.10.08.png\" alt=\"\" width=\"992\" height=\"664\" title=\"\" srcset=\"https:\/\/www.tgrthaber.com\/mavikadin\/wp-content\/uploads\/Ekran-Resmi-2025-02-21-21.10.08.png 890w, https:\/\/www.tgrthaber.com\/mavikadin\/wp-content\/uploads\/Ekran-Resmi-2025-02-21-21.10.08-300x201.png 300w, https:\/\/www.tgrthaber.com\/mavikadin\/wp-content\/uploads\/Ekran-Resmi-2025-02-21-21.10.08-768x514.png 768w\" sizes=\"(max-width: 992px) 100vw, 992px\" \/><\/p>\n<hr \/>\n<p class=\"p1\">Dizide, Tap\u0131nak \u015e\u00f6valyeleri\u2019nin Askalan \u015fehrini ku\u015fatmas\u0131yla ba\u015flayan b\u00fcy\u00fck sava\u015f, Selahaddin\u2019in stratejik dehas\u0131 ve inanc\u0131 sayesinde kazanmak i\u00e7in verdi\u011fi b\u00fcy\u00fck m\u00fccadeleyle \u015fekillenir. Ancak, Selahaddin sadece Ha\u00e7l\u0131larla de\u011fil, ayn\u0131 zamanda M\u00fcsl\u00fcman d\u00fcnyas\u0131ndaki entrikalar, ihanetler ve siyasi \u00e7eki\u015fmelerle de sava\u015fmak zorundad\u0131r.<\/p>\n","protected":false},"excerpt":{"rendered":"<p>TRT 1\u2019in en dikkat \u00e7eken yap\u0131mlar\u0131ndan biri olan Kud\u00fcs Fatihi Selahaddin Eyy\u00fcbi, tarihi olaylar\u0131 epik bir anlat\u0131mla ekranlara ta\u015f\u0131yor. \u00c7ekim yeri ve yeni b\u00f6l\u00fcmleriyle izleyicilerin ilgisini \u00e7eken dizi, g\u00fc\u00e7l\u00fc prod\u00fcksiyonu ve etkileyici sahneleriyle b\u00fcy\u00fck be\u011feni topluyor. Peki Kud\u00fcs Fatih\u2019i Selahaddin Eyyubi yeni b\u00f6l\u00fcm ne zaman? \u00c7ekim yeri neresi? i\u015fte detaylar\u2026 <\/p>\n","protected":false},"author":16,"featured_media":136761,"comment_status":"closed","ping_status":"closed","sticky":false,"template":"","format":"standard","meta":{"rank_math_lock_modified_date":false,"footnotes":""},"categories":[602],"tags":[11604,11603],"class_list":["post-136746","post","type-post","status-publish","format-standard","has-post-thumbnail","hentry","category-diziler","tag-kudus-fatihi-selahaddin-eyyubi-nerede-cekiliyor","tag-kudus-fatihi-selahaddin-eyyubi-yeni-bolum-ne-zaman"],"_links":{"self":[{"href":"https:\/\/www.tgrthaber.com\/mavikadin\/wp-json\/wp\/v2\/posts\/136746"}],"collection":[{"href":"https:\/\/www.tgrthaber.com\/mavikadin\/wp-json\/wp\/v2\/posts"}],"about":[{"href":"https:\/\/www.tgrthaber.com\/mavikadin\/wp-json\/wp\/v2\/types\/post"}],"author":[{"embeddable":true,"href":"https:\/\/www.tgrthaber.com\/mavikadin\/wp-json\/wp\/v2\/users\/16"}],"replies":[{"embeddable":true,"href":"https:\/\/www.tgrthaber.com\/mavikadin\/wp-json\/wp\/v2\/comments?post=136746"}],"version-history":[{"count":4,"href":"https:\/\/www.tgrthaber.com\/mavikadin\/wp-json\/wp\/v2\/posts\/136746\/revisions"}],"predecessor-version":[{"id":136779,"href":"https:\/\/www.tgrthaber.com\/mavikadin\/wp-json\/wp\/v2\/posts\/136746\/revisions\/136779"}],"wp:featuredmedia":[{"embeddable":true,"href":"https:\/\/www.tgrthaber.com\/mavikadin\/wp-json\/wp\/v2\/media\/136761"}],"wp:attachment":[{"href":"https:\/\/www.tgrthaber.com\/mavikadin\/wp-json\/wp\/v2\/media?parent=136746"}],"wp:term":[{"taxonomy":"category","embeddable":true,"href":"https:\/\/www.tgrthaber.com\/mavikadin\/wp-json\/wp\/v2\/categories?post=136746"},{"taxonomy":"post_tag","embeddable":true,"href":"https:\/\/www.tgrthaber.com\/mavikadin\/wp-json\/wp\/v2\/tags?post=136746"}],"curies":[{"name":"wp","href":"https:\/\/api.w.org\/{rel}","templated":true}]}}