{"id":136754,"date":"2025-02-21T21:14:22","date_gmt":"2025-02-21T18:14:22","guid":{"rendered":"https:\/\/www.tgrthaber.com\/mavikadin\/?p=136754"},"modified":"2025-02-21T21:14:22","modified_gmt":"2025-02-21T18:14:22","slug":"piyasa-dizisinin-ozgesi-damla-colbay-kimdir-damla-colbay-kac-yasinda-dizileri-hangisi","status":"publish","type":"post","link":"https:\/\/www.tgrthaber.com\/mavikadin\/piyasa-dizisinin-ozgesi-damla-colbay-kimdir-damla-colbay-kac-yasinda-dizileri-hangisi\/","title":{"rendered":"Piyasa dizisinin \u00d6zge&#8217;si Damla Colbay kimdir? Damla Colbay ka\u00e7 ya\u015f\u0131nda, dizileri hangisi?"},"content":{"rendered":"<p>\u00dcnl\u00fc oyuncu Damla Colbay, Piyasa dizisinde \u00d6zge rol\u00fcyle seyirci kar\u015f\u0131s\u0131na \u00e7\u0131kacak. Kanal D\u2019de yeni yay\u0131n hayat\u0131na ba\u015flayacak olan dizi i\u00e7in nefesler tutuldu. Yay\u0131mlanan tan\u0131t\u0131mlarda \u00e7ok be\u011fenilen dizide ya\u015fanacaklar merak konusu olmaya devam ediyor. Bursa G\u00f6lyaz\u0131 ve Cumal\u0131k\u0131z\u0131k&#8217;ta ba\u015flayacak olan dizinin \u00e7ekimleri bir s\u00fcre sonra \u0130stanbul&#8217;da devam edecek. Ba\u015frollerinde Alp Navruz ve \u0130layda Ali\u015fan\u2019\u0131n yer ald\u0131\u011f\u0131 dizi Piyasa\u2019da Damla Colbay\u2019da seyirciye rol\u00fcyle keyifli anlar ya\u015fatacak. Peki, Piyasa dizisinin \u00d6zge&#8217;si Damla Colbay kimdir? Damla Colbay ka\u00e7 ya\u015f\u0131nda, dizileri hangisi?<\/p>\n<h3>P\u0130YASA D\u0130Z\u0130S\u0130N\u0130N \u00d6ZGE&#8217;S\u0130 DAMLA COLBAY K\u0130MD\u0130R?<\/h3>\n<p>G\u00fczel oyuncu Damla Colbay, yeni dizi Piyasa\u2019da \u00d6zge karakterini oynayacak. Oyuncu Damla Colbay, 14 \u015eubat 1993 tarihinde \u0130zmir\u2019de d\u00fcnyaya geldi. \u00c7ocukluk y\u0131llar\u0131n\u0131 \u0130zmir\u2019de ge\u00e7iren oyuncu okul staj\u0131 i\u00e7in geldi\u011fi \u0130stanbul\u2019da Kara Para A\u015fk dizisinde oynad\u0131\u011f\u0131 &#8216;Demet&#8217; karakteriyle t\u00fcm T\u00fcrkiye taraf\u0131ndan tan\u0131nm\u0131\u015ft\u0131r. Hayat Mucizelere Gebe isimli dizinin kadrosuna ba\u015frol olarak giren oyuncu burada \u0130nci karakterini oynad\u0131.<\/p>\n<p><img loading=\"lazy\" decoding=\"async\" class=\"wp-image-136757\" src=\"https:\/\/www.tgrthaber.com\/mavikadin\/wp-content\/uploads\/damla-300x169.jpg\" alt=\"\" width=\"1280\" height=\"720\" title=\"\" srcset=\"https:\/\/www.tgrthaber.com\/mavikadin\/wp-content\/uploads\/damla-300x169.jpg 300w, https:\/\/www.tgrthaber.com\/mavikadin\/wp-content\/uploads\/damla-1024x576.jpg 1024w, https:\/\/www.tgrthaber.com\/mavikadin\/wp-content\/uploads\/damla-768x432.jpg 768w, https:\/\/www.tgrthaber.com\/mavikadin\/wp-content\/uploads\/damla.jpg 1280w\" sizes=\"(max-width: 1280px) 100vw, 1280px\" \/><\/p>\n<hr \/>\n<p>Ard\u0131ndan Show TV&#8217;nin pop\u00fcler dizisi \u0130\u00e7erde adl\u0131 yap\u0131mda Eylem karakterinde rol ald\u0131. Ard\u0131ndan 2019 y\u0131l\u0131nda Zengin ve Yoksul de k\u0131sa s\u00fcre oynad\u0131. Buradan sonra Kanal D&#8217;de yay\u0131nlanan Hekimo\u011flu adl\u0131 dizide Zeynep Can karakteriyle kar\u015f\u0131m\u0131za \u00e7\u0131kt\u0131. Oyuncu Damla Colbay, Sailor Moon \u00e7izgi roman\u0131 ve y\u00f6netmen Pedro Almod\u00f3var bilinir. 1.73 boyundaki g\u00fczel oyuncu Dokuz Eyl\u00fcl \u00dcniversitesi&#8217;nde oyunculuk \u00f6\u011frenimine devam ediyor.<\/p>\n<p><img loading=\"lazy\" decoding=\"async\" class=\"alignnone wp-image-136758\" src=\"https:\/\/www.tgrthaber.com\/mavikadin\/wp-content\/uploads\/piyasa-dizisi-ozge-300x169.webp\" alt=\"\" width=\"1280\" height=\"720\" title=\"\" srcset=\"https:\/\/www.tgrthaber.com\/mavikadin\/wp-content\/uploads\/piyasa-dizisi-ozge-300x169.webp 300w, https:\/\/www.tgrthaber.com\/mavikadin\/wp-content\/uploads\/piyasa-dizisi-ozge-1024x576.webp 1024w, https:\/\/www.tgrthaber.com\/mavikadin\/wp-content\/uploads\/piyasa-dizisi-ozge-768x432.webp 768w, https:\/\/www.tgrthaber.com\/mavikadin\/wp-content\/uploads\/piyasa-dizisi-ozge.webp 1200w\" sizes=\"(max-width: 1280px) 100vw, 1280px\" \/><\/p>\n<hr \/>\n<h3>P\u0130YASA D\u0130Z\u0130S\u0130 KONUSU NED\u0130R?<\/h3>\n<p>Kanal D\u2019nin yeni dizisi Piyasa cumartesi ak\u015fam\u0131 saat 20:00\u2019de Kanal D\u2019de yay\u0131nlanacak. Ba\u015frollerinde Alp Navruz ve \u0130layda Ali\u015fan\u2019\u0131n yer ald\u0131\u011f\u0131 dizinin oyuncu kadrosunda; Ay\u00e7a Bing\u00f6l, Zuhal Olcay, Damla Colbay, F\u0131rat Altunme\u015fe, Vural \u015eahano\u011flu, Asya Kasap, Aydan Burhan, Halil Demir, Hilmi Ah\u0131ska, Metehan Par\u0131lt\u0131 ve Yurdaer Okur gibi \u00f6nemli isimler yer al\u0131yor.<\/p>\n<p>Piyasa dizisinin\u00a0 medya, magazin ve dizi d\u00fcnyas\u0131nda ger\u00e7ekle\u015fen a\u015fk, ihanet ve g\u00fc\u00e7 ili\u015fkileri konu alacak. \u00d6te yandan dizideki karakterlerin s\u0131rlarla dolu d\u00fcnyas\u0131 seyirci ile bulu\u015facak.<\/p>\n<p>&nbsp;<\/p>\n<p>&nbsp;<\/p>\n","protected":false},"excerpt":{"rendered":"<p>Damla Colbay Piyasa dizisi ile izleyicilerin kar\u015f\u0131s\u0131na \u00e7\u0131kmaya haz\u0131rlan\u0131yor. Burada \u00d6zge karakterini oynayacak oyuncun rol\u00fc merak konusu oldu. Piyasa dizisinin \u00d6zge&#8217;si Damla Colbay kimdir? Damla Colbay ka\u00e7 ya\u015f\u0131nda, dizileri hangisi?<\/p>\n","protected":false},"author":33,"featured_media":136758,"comment_status":"closed","ping_status":"closed","sticky":false,"template":"","format":"standard","meta":{"rank_math_lock_modified_date":false,"footnotes":""},"categories":[602],"tags":[11602,11600,11601],"class_list":["post-136754","post","type-post","status-publish","format-standard","has-post-thumbnail","hentry","category-diziler","tag-damla-colbay-dizileri","tag-damla-colbay-kimdir","tag-damla-colbay-yasi"],"_links":{"self":[{"href":"https:\/\/www.tgrthaber.com\/mavikadin\/wp-json\/wp\/v2\/posts\/136754"}],"collection":[{"href":"https:\/\/www.tgrthaber.com\/mavikadin\/wp-json\/wp\/v2\/posts"}],"about":[{"href":"https:\/\/www.tgrthaber.com\/mavikadin\/wp-json\/wp\/v2\/types\/post"}],"author":[{"embeddable":true,"href":"https:\/\/www.tgrthaber.com\/mavikadin\/wp-json\/wp\/v2\/users\/33"}],"replies":[{"embeddable":true,"href":"https:\/\/www.tgrthaber.com\/mavikadin\/wp-json\/wp\/v2\/comments?post=136754"}],"version-history":[{"count":1,"href":"https:\/\/www.tgrthaber.com\/mavikadin\/wp-json\/wp\/v2\/posts\/136754\/revisions"}],"predecessor-version":[{"id":136762,"href":"https:\/\/www.tgrthaber.com\/mavikadin\/wp-json\/wp\/v2\/posts\/136754\/revisions\/136762"}],"wp:featuredmedia":[{"embeddable":true,"href":"https:\/\/www.tgrthaber.com\/mavikadin\/wp-json\/wp\/v2\/media\/136758"}],"wp:attachment":[{"href":"https:\/\/www.tgrthaber.com\/mavikadin\/wp-json\/wp\/v2\/media?parent=136754"}],"wp:term":[{"taxonomy":"category","embeddable":true,"href":"https:\/\/www.tgrthaber.com\/mavikadin\/wp-json\/wp\/v2\/categories?post=136754"},{"taxonomy":"post_tag","embeddable":true,"href":"https:\/\/www.tgrthaber.com\/mavikadin\/wp-json\/wp\/v2\/tags?post=136754"}],"curies":[{"name":"wp","href":"https:\/\/api.w.org\/{rel}","templated":true}]}}