{"id":136823,"date":"2025-02-21T23:34:08","date_gmt":"2025-02-21T20:34:08","guid":{"rendered":"https:\/\/www.tgrthaber.com\/mavikadin\/?p=136823"},"modified":"2025-02-21T23:50:13","modified_gmt":"2025-02-21T20:50:13","slug":"sakir-pasanin-gercek-torunlari-kimlerdir-sakir-pasa-ailesi-gercekte-nerede-yasiyor","status":"publish","type":"post","link":"https:\/\/www.tgrthaber.com\/mavikadin\/sakir-pasanin-gercek-torunlari-kimlerdir-sakir-pasa-ailesi-gercekte-nerede-yasiyor\/","title":{"rendered":"\u015eakir Pa\u015fa\u2019n\u0131n ger\u00e7ek torunlar\u0131 kimlerdir? \u015eakir Pa\u015fa ailesi ger\u00e7ekte nerede ya\u015f\u0131yor?"},"content":{"rendered":"<p>NOW kanal\u0131nda yay\u0131nlanan Pazar g\u00fcnleri ekrana gelen \u015eakir Pa\u015fa Ailesi: Mucizeler ve Skandallar dizisi oynad\u0131\u011f\u0131 g\u00fcnlerde sosyal medyada b\u00fcy\u00fck yank\u0131 uyand\u0131r\u0131yor. Ger\u00e7ek hayattan uyarlanan dizi i\u00e7erisinde yer alan karakterlerinin her birinin hayat\u0131 izleyenleri derinden etkiliyor ve ger\u00e7ek hayatlar\u0131 merak ediliyor. Cevat \u015eakir Pa\u015fa\u2019n\u0131n ailesinin anlat\u0131ld\u0131\u011f\u0131 dizide \u015eakir Pa\u015fa\u2019n\u0131n ger\u00e7ek torunlar\u0131 kimler oldu\u011fu ve \u015eakir Pa\u015fa Ailesi\u2019nin ger\u00e7ekte nerede ya\u015f\u0131yor? \u0130\u015fte merak etti\u011finiz sorular\u0131n cevaplar\u0131\u2026<\/p>\n<h3>\u00a0\u015eAK\u0130R PA\u015eA\u2019NIN GER\u00c7EK TORUNLARI<\/h3>\n<p>\u015eakir Pa\u015fa Ailesi: Mucizeler ve Skandallar dizisinin yeni b\u00f6l\u00fcmlerine ve ileride yay\u0131nlanacak olan b\u00f6l\u00fcmlerine hangi oyuncular\u0131n gelece\u011fi haberleri g\u00fcndemde tazeli\u011fini koruyor. Dizi ilerledik\u00e7e \u015eakir Pa\u015fa ailesinin t\u00fcm s\u0131rlar\u0131 ve ya\u015fad\u0131klar\u0131 g\u00f6zler \u00f6n\u00fcne serilmeye devam ediyor. \u015eakir Pa\u015fa\u2019n\u0131n kendi ya\u015fant\u0131s\u0131ndaki gel gitleri ailesinin di\u011fer \u00fcyelerinin aras\u0131ndaki ili\u015fkileri de etkiliyor. Dizinin konusunun ne y\u00f6nde ilerleyece\u011fini nas\u0131l geli\u015fmeler ya\u015fanaca\u011f\u0131 dizinin hayranlar\u0131 taraf\u0131ndan merak edilirken, \u015eakir Pa\u015fa\u2019n\u0131n ger\u00e7ek torunlar\u0131n\u0131n kimler oldu\u011fu ara\u015ft\u0131r\u0131l\u0131yor.<\/p>\n<p>Cevat \u015eakir Kabaa\u011fa\u00e7l\u0131\u2019n\u0131n (Halikarnas Bal\u0131k\u00e7\u0131s\u0131) torunlar\u0131 olan Cem Noonan, Ceyhan Aliye Noonan Han, Joanne Aliye Noonan Kutup, Diana Deniz Noonan, Murat \u00d6nce, Siren Ek, Sibel Kabaa\u011fa\u00e7l\u0131 ve \u00d6mer Derya Kabaa\u011fa\u00e7l\u0131\u2019d\u0131r.<\/p>\n<p><img loading=\"lazy\" decoding=\"async\" class=\"alignnone wp-image-136842\" src=\"https:\/\/www.tgrthaber.com\/mavikadin\/wp-content\/uploads\/Cevat-Sakir-Kabaagaclinin-ailesi-ile-birlikte-yasadigi-kosk-300x169.jpg\" alt=\"Cevat \u015eakir Kabaa\u011fa\u00e7l\u0131\u2019n\u0131n ailesi ile birlikte ya\u015fad\u0131\u011f\u0131 k\u00f6\u015fk\" width=\"1208\" height=\"680\" title=\"\" srcset=\"https:\/\/www.tgrthaber.com\/mavikadin\/wp-content\/uploads\/Cevat-Sakir-Kabaagaclinin-ailesi-ile-birlikte-yasadigi-kosk-300x169.jpg 300w, https:\/\/www.tgrthaber.com\/mavikadin\/wp-content\/uploads\/Cevat-Sakir-Kabaagaclinin-ailesi-ile-birlikte-yasadigi-kosk-1024x576.jpg 1024w, https:\/\/www.tgrthaber.com\/mavikadin\/wp-content\/uploads\/Cevat-Sakir-Kabaagaclinin-ailesi-ile-birlikte-yasadigi-kosk-768x432.jpg 768w, https:\/\/www.tgrthaber.com\/mavikadin\/wp-content\/uploads\/Cevat-Sakir-Kabaagaclinin-ailesi-ile-birlikte-yasadigi-kosk-1536x864.jpg 1536w, https:\/\/www.tgrthaber.com\/mavikadin\/wp-content\/uploads\/Cevat-Sakir-Kabaagaclinin-ailesi-ile-birlikte-yasadigi-kosk.jpg 1920w\" sizes=\"(max-width: 1208px) 100vw, 1208px\" \/><\/p>\n<hr \/>\n<h3>\u015eAK\u0130R PA\u015eA A\u0130LES\u0130 GER\u00c7EKTE NEREDE YA\u015eIYOR?<\/h3>\n<p>Osmanl\u0131 D\u00f6nemi\u2019nin son k\u00f6kl\u00fc ailelerinden olan \u015eakir Pa\u015fa Ailesi&#8217;nin ya\u015fad\u0131\u011f\u0131 yer herkes taraf\u0131ndan merak konusu haline geldi. \u00a0Cevat \u015eakir Kabaa\u011fa\u00e7l\u0131\u2019n\u0131n t\u00fcm ailesiyle birlikte ya\u015fad\u0131\u011f\u0131 ve olaylar\u0131n ya\u015fand\u0131\u011f\u0131 ger\u00e7ek tarihi k\u00f6\u015fk, \u0130stanbul&#8217;un en b\u00fcy\u00fck adas\u0131 B\u00fcy\u00fckada&#8217;da bulunuyor. B\u00fcy\u00fckada\u2019n\u0131n \u015eehbal Soka\u011f\u0131&#8217;nda bulunan k\u00f6\u015fk sosyal medyada en \u00e7ok aran\u0131lan yerler aras\u0131nda bulunuyor. 1912 y\u0131l\u0131nda Cevat \u015eakir Kabaa\u011fa\u00e7l\u0131\u2019n\u0131n ailesi ile birlikte ya\u015fad\u0131\u011f\u0131 ev baz\u0131 sebeplerden dolay\u0131 yanm\u0131\u015ft\u0131. K\u00f6\u015fk\u00fcn yeniden yap\u0131land\u0131r\u0131lmas\u0131 devam ediyor.<\/p>\n","protected":false},"excerpt":{"rendered":"<p>Cevat \u015eakir Kabaa\u011fa\u00e7l\u0131\u2019n\u0131n ailesi, \u2018\u015eakir Pa\u015fa Ailesi: Mucizeler ve Skandallar\u2019 dizisi ba\u015f\u0131na bir s\u00fcr\u00fc aksilikler gelse de yay\u0131nland\u0131\u011f\u0131 g\u00fcn izlenme rekorlar\u0131 k\u0131rmaya devam ediyor. \u015eakir Pa\u015fa\u2019n\u0131n ailesinden geriye kalan torunlar\u0131 Cem Noonan, Ceyhan Aliye Noonan Han, Joanne Aliye Noonan Kutup, Diana Deniz Noonan, Murat \u00d6nce, Siren Ek, Sibel Kabaa\u011fa\u00e7l\u0131 ve \u00d6mer Derya Kabaa\u011fa\u00e7l\u0131\u2019d\u0131r.<\/p>\n","protected":false},"author":10,"featured_media":136844,"comment_status":"closed","ping_status":"closed","sticky":false,"template":"","format":"standard","meta":{"rank_math_lock_modified_date":false,"footnotes":""},"categories":[602],"tags":[10390,10401,2324,11626,11627],"class_list":["post-136823","post","type-post","status-publish","format-standard","has-post-thumbnail","hentry","category-diziler","tag-dizi-magazin","tag-dizihaberleri","tag-sakir-pasa-ailesi","tag-sakir-pasa-ailesi-kosku","tag-sakir-pasa-ailesi-torunlari"],"_links":{"self":[{"href":"https:\/\/www.tgrthaber.com\/mavikadin\/wp-json\/wp\/v2\/posts\/136823"}],"collection":[{"href":"https:\/\/www.tgrthaber.com\/mavikadin\/wp-json\/wp\/v2\/posts"}],"about":[{"href":"https:\/\/www.tgrthaber.com\/mavikadin\/wp-json\/wp\/v2\/types\/post"}],"author":[{"embeddable":true,"href":"https:\/\/www.tgrthaber.com\/mavikadin\/wp-json\/wp\/v2\/users\/10"}],"replies":[{"embeddable":true,"href":"https:\/\/www.tgrthaber.com\/mavikadin\/wp-json\/wp\/v2\/comments?post=136823"}],"version-history":[{"count":1,"href":"https:\/\/www.tgrthaber.com\/mavikadin\/wp-json\/wp\/v2\/posts\/136823\/revisions"}],"predecessor-version":[{"id":136845,"href":"https:\/\/www.tgrthaber.com\/mavikadin\/wp-json\/wp\/v2\/posts\/136823\/revisions\/136845"}],"wp:featuredmedia":[{"embeddable":true,"href":"https:\/\/www.tgrthaber.com\/mavikadin\/wp-json\/wp\/v2\/media\/136844"}],"wp:attachment":[{"href":"https:\/\/www.tgrthaber.com\/mavikadin\/wp-json\/wp\/v2\/media?parent=136823"}],"wp:term":[{"taxonomy":"category","embeddable":true,"href":"https:\/\/www.tgrthaber.com\/mavikadin\/wp-json\/wp\/v2\/categories?post=136823"},{"taxonomy":"post_tag","embeddable":true,"href":"https:\/\/www.tgrthaber.com\/mavikadin\/wp-json\/wp\/v2\/tags?post=136823"}],"curies":[{"name":"wp","href":"https:\/\/api.w.org\/{rel}","templated":true}]}}