{"id":136865,"date":"2025-02-22T00:33:23","date_gmt":"2025-02-21T21:33:23","guid":{"rendered":"https:\/\/www.tgrthaber.com\/mavikadin\/?p=136865"},"modified":"2025-02-22T00:33:48","modified_gmt":"2025-02-21T21:33:48","slug":"arka-sokaklarin-husnu-cobanindan-sosyal-mesaj-tum-turkiyeyi-ilgilendiriyor","status":"publish","type":"post","link":"https:\/\/www.tgrthaber.com\/mavikadin\/arka-sokaklarin-husnu-cobanindan-sosyal-mesaj-tum-turkiyeyi-ilgilendiriyor\/","title":{"rendered":"Arka Sokaklar&#8217;\u0131n H\u00fcsn\u00fc \u00c7oban&#8217;\u0131ndan sosyal mesaj: T\u00fcm T\u00fcrkiye&#8217;yi ilgilendiriyor!"},"content":{"rendered":"<p>Arka Sokaklar dizisinde H\u00fcsn\u00fc \u00c7oban karakterini oynayan ba\u015far\u0131l\u0131 oyuncu \u00d6zg\u00fcr Ozan, bu haftaki b\u00f6l\u00fcmde sosyal mesaj verdi. Mesaj\u0131 verdi\u011fi sahnenin sosyal medyada s\u0131k\u00e7a payla\u015f\u0131lmas\u0131 sonras\u0131, hali haz\u0131rda kullan\u0131lan bir sistemin hat\u0131rlatmas\u0131 da yap\u0131lm\u0131\u015f oldu.<\/p>\n<h3>ARKA SOKAKLAR&#8217;IN H\u00dcSN\u00dc \u00c7OBAN&#8217;INDAN SOSYAL MESAJ<\/h3>\n<p>T\u00fcrkiye&#8217;nin en uzun soluklu dizisi Arka Sokaklar, \u0130stanbul Emniyet M\u00fcd\u00fcrl\u00fc\u011f\u00fc Asayi\u015f \u015eube&#8217;de g\u00f6rev yapan bir ekibin su\u00e7lularla m\u00fccadelesini konu al\u0131yor. Zaman zaman g\u00fcncel konulara da de\u011finilen dizide bu hafta t\u00fcm acil \u00e7a\u011fr\u0131 numaralar\u0131n\u0131n 112&#8217;ye ta\u015f\u0131nmas\u0131 i\u015flendi. Sosyal medyada s\u0131k\u00e7a payla\u015f\u0131lan sahne, hali haz\u0131rda devam eden sistemin hat\u0131rlatmas\u0131n\u0131 da yapm\u0131\u015f oldu.<\/p>\n<p><img loading=\"lazy\" decoding=\"async\" class=\"alignnone wp-image-136866\" src=\"https:\/\/www.tgrthaber.com\/mavikadin\/wp-content\/uploads\/husnu-coban-300x169.jpg\" alt=\"\" width=\"1280\" height=\"720\" title=\"\" srcset=\"https:\/\/www.tgrthaber.com\/mavikadin\/wp-content\/uploads\/husnu-coban-300x169.jpg 300w, https:\/\/www.tgrthaber.com\/mavikadin\/wp-content\/uploads\/husnu-coban-1024x576.jpg 1024w, https:\/\/www.tgrthaber.com\/mavikadin\/wp-content\/uploads\/husnu-coban-768x432.jpg 768w, https:\/\/www.tgrthaber.com\/mavikadin\/wp-content\/uploads\/husnu-coban.jpg 1280w\" sizes=\"(max-width: 1280px) 100vw, 1280px\" \/><\/p>\n<hr \/>\n<p>Dizinin bu haftaki b\u00f6l\u00fcm\u00fcnde H\u00fcsn\u00fc \u00c7oban, polis merkezindeki di\u011fer ekip arkada\u015flar\u0131na d\u00f6nerek, &#8220;Ben devriyeye \u00e7\u0131k\u0131yorum. Benlik bir \u015fey var m\u0131?&#8221; der. Bunun \u00fczerine ekipten bir ki\u015fi, &#8220;Evet Ba\u015fkomiserim, imzan\u0131z eksikmi\u015f&#8221; cevab\u0131n\u0131 verir. \u00c7oban, imzan\u0131n ne i\u00e7in oldu\u011funu sordu\u011funda ekiptekiler, &#8220;112 \u00e7a\u011fr\u0131 merkezinden gelen ihbarlar\u0131n d\u00f6k\u00fcm\u00fc&#8221; diyerek cevapland\u0131r\u0131rlar.<\/p>\n<p><img loading=\"lazy\" decoding=\"async\" class=\"alignnone wp-image-136867\" src=\"https:\/\/www.tgrthaber.com\/mavikadin\/wp-content\/uploads\/arka-sokaklar-6-300x169.jpg\" alt=\"\" width=\"1280\" height=\"720\" title=\"\" srcset=\"https:\/\/www.tgrthaber.com\/mavikadin\/wp-content\/uploads\/arka-sokaklar-6-300x169.jpg 300w, https:\/\/www.tgrthaber.com\/mavikadin\/wp-content\/uploads\/arka-sokaklar-6-1024x576.jpg 1024w, https:\/\/www.tgrthaber.com\/mavikadin\/wp-content\/uploads\/arka-sokaklar-6-768x432.jpg 768w, https:\/\/www.tgrthaber.com\/mavikadin\/wp-content\/uploads\/arka-sokaklar-6.jpg 1280w\" sizes=\"(max-width: 1280px) 100vw, 1280px\" \/><\/p>\n<hr \/>\n<p>H\u00fcsn\u00fc \u00c7oban, &#8220;Art\u0131k hepsi 112&#8217;de mi acil \u00e7a\u011fr\u0131lar\u0131n?&#8221; diye sordu\u011funda ekiptekiler, &#8220;Evet Ba\u015fkomiserim, art\u0131k ail ihbarlar\u0131n hepsi tek numarada birle\u015fti. 112 \u00e7a\u011fr\u0131 merkezlerindeki operat\u00f6rler emniyet, jandarma, ambulans itfaiye, AFAD, orman yang\u0131n\u0131 ve sahil g\u00fcvenlikle ilgili t\u00fcm acil \u00e7a\u011fr\u0131lar\u0131 ilgili kuruma y\u00f6nlendiriyorlar ve koordine ediyorlar&#8221; cevab\u0131n\u0131 verdiler.<\/p>\n<div style=\"width: 640px;\" class=\"wp-video\"><!--[if lt IE 9]><script>document.createElement('video');<\/script><![endif]-->\n<video class=\"wp-video-shortcode\" id=\"video-136865-1\" width=\"640\" height=\"360\" preload=\"metadata\" controls=\"controls\"><source type=\"video\/mp4\" src=\"https:\/\/www.tgrthaber.com\/mavikadin\/wp-content\/uploads\/ssstwitter.com_1740173103090.mp4?_=1\" \/><a href=\"https:\/\/www.tgrthaber.com\/mavikadin\/wp-content\/uploads\/ssstwitter.com_1740173103090.mp4\">https:\/\/www.tgrthaber.com\/mavikadin\/wp-content\/uploads\/ssstwitter.com_1740173103090.mp4<\/a><\/video><\/div>\n<hr \/>\n<h3>112 \u00c7A\u011eRI MERKEZ\u0130 NASIL \u00c7ALI\u015eIYOR?<\/h3>\n<p>T\u00fcm T\u00fcrkiye\u2019de 112 Acil \u00c7a\u011fr\u0131 Merkezleri \u00fclke genelinde, farkl\u0131 acil \u00e7a\u011fr\u0131 numaralar\u0131n\u0131 tek bir merkez alt\u0131nda toplamak amac\u0131yla 2021 y\u0131l\u0131nda birle\u015ftirildi.<\/p>\n<p><img loading=\"lazy\" decoding=\"async\" class=\"alignnone wp-image-136869\" src=\"https:\/\/www.tgrthaber.com\/mavikadin\/wp-content\/uploads\/112-300x169.jpg\" alt=\"\" width=\"1280\" height=\"720\" title=\"\" srcset=\"https:\/\/www.tgrthaber.com\/mavikadin\/wp-content\/uploads\/112-300x169.jpg 300w, https:\/\/www.tgrthaber.com\/mavikadin\/wp-content\/uploads\/112-1024x576.jpg 1024w, https:\/\/www.tgrthaber.com\/mavikadin\/wp-content\/uploads\/112-768x432.jpg 768w, https:\/\/www.tgrthaber.com\/mavikadin\/wp-content\/uploads\/112-1536x864.jpg 1536w, https:\/\/www.tgrthaber.com\/mavikadin\/wp-content\/uploads\/112.jpg 1920w\" sizes=\"(max-width: 1280px) 100vw, 1280px\" \/><\/p>\n<hr \/>\n<p>Birle\u015fmeden \u00f6nce 110 (\u0130tfaiye), 155 (Polis), 156 (Jandarma), 112 (Sa\u011fl\u0131k), 177 (Orman Yang\u0131n\u0131), 158 (Sahil G\u00fcvenlik) gibi farkl\u0131 acil durum hatlar\u0131 kullan\u0131l\u0131yordu. Vatanda\u015flar\u0131n tek bir numara \u00fczerinden ihtiya\u00e7 duyduklar\u0131 kuruma ula\u015fabilmeleri i\u00e7in 112 Acil \u00c7a\u011fr\u0131 Merkezi Sistemi geli\u015ftirildi ve y\u00fcr\u00fcrl\u00fc\u011fe kondu.<\/p>\n<p>\u0130htiya\u00e7 duyulan t\u00fcm acil durum ihbarlar\u0131 i\u00e7in 112 \u00e7a\u011fr\u0131 merkezi aran\u0131r. Araman\u0131n ard\u0131ndan \u00e7\u0131kan operat\u00f6re durum bildirilir. Operat\u00f6r, hangi kurum ilgiliyse o kuruma y\u00f6nlendirme yapar.<\/p>\n","protected":false},"excerpt":{"rendered":"<p>Arka Sokaklar dizisinde H\u00fcsn\u00fc \u00c7oban karakteriyle b\u00fcy\u00fck ilgi g\u00f6ren ve sempatiyle takip edilen \u00fcnl\u00fc oyuncu \u00d6zg\u00fcr Ozan, dizinin bu haftaki b\u00f6l\u00fcm\u00fcnde sosyal mesaj verdi. H\u00fcsn\u00fc \u00c7oban&#8217;\u0131n mesaj\u0131 verdi\u011fi sahne sosyal medyada s\u0131k\u00e7a payla\u015f\u0131ld\u0131. <\/p>\n","protected":false},"author":33,"featured_media":136870,"comment_status":"closed","ping_status":"closed","sticky":false,"template":"","format":"standard","meta":{"rank_math_lock_modified_date":false,"footnotes":""},"categories":[602],"tags":[11637,11636,11638],"class_list":["post-136865","post","type-post","status-publish","format-standard","has-post-thumbnail","hentry","category-diziler","tag-112-acil-cagri-merkezi","tag-arka-sokaklar-husnu-coban","tag-arka-sokaklar-sosyal-mesaj"],"_links":{"self":[{"href":"https:\/\/www.tgrthaber.com\/mavikadin\/wp-json\/wp\/v2\/posts\/136865"}],"collection":[{"href":"https:\/\/www.tgrthaber.com\/mavikadin\/wp-json\/wp\/v2\/posts"}],"about":[{"href":"https:\/\/www.tgrthaber.com\/mavikadin\/wp-json\/wp\/v2\/types\/post"}],"author":[{"embeddable":true,"href":"https:\/\/www.tgrthaber.com\/mavikadin\/wp-json\/wp\/v2\/users\/33"}],"replies":[{"embeddable":true,"href":"https:\/\/www.tgrthaber.com\/mavikadin\/wp-json\/wp\/v2\/comments?post=136865"}],"version-history":[{"count":1,"href":"https:\/\/www.tgrthaber.com\/mavikadin\/wp-json\/wp\/v2\/posts\/136865\/revisions"}],"predecessor-version":[{"id":136871,"href":"https:\/\/www.tgrthaber.com\/mavikadin\/wp-json\/wp\/v2\/posts\/136865\/revisions\/136871"}],"wp:featuredmedia":[{"embeddable":true,"href":"https:\/\/www.tgrthaber.com\/mavikadin\/wp-json\/wp\/v2\/media\/136870"}],"wp:attachment":[{"href":"https:\/\/www.tgrthaber.com\/mavikadin\/wp-json\/wp\/v2\/media?parent=136865"}],"wp:term":[{"taxonomy":"category","embeddable":true,"href":"https:\/\/www.tgrthaber.com\/mavikadin\/wp-json\/wp\/v2\/categories?post=136865"},{"taxonomy":"post_tag","embeddable":true,"href":"https:\/\/www.tgrthaber.com\/mavikadin\/wp-json\/wp\/v2\/tags?post=136865"}],"curies":[{"name":"wp","href":"https:\/\/api.w.org\/{rel}","templated":true}]}}