{"id":136909,"date":"2025-02-22T11:43:38","date_gmt":"2025-02-22T08:43:38","guid":{"rendered":"https:\/\/www.tgrthaber.com\/mavikadin\/?p=136909"},"modified":"2025-02-22T11:43:38","modified_gmt":"2025-02-22T08:43:38","slug":"o-ses-turkiye-fragmani-yayinlandi-hadise-ve-melike-sahin-arasinda-sular-duruluyor-mu","status":"publish","type":"post","link":"https:\/\/www.tgrthaber.com\/mavikadin\/o-ses-turkiye-fragmani-yayinlandi-hadise-ve-melike-sahin-arasinda-sular-duruluyor-mu\/","title":{"rendered":"O Ses T\u00fcrkiye fragman\u0131 yay\u0131nland\u0131! Hadise ve Melike \u015eahin aras\u0131nda sular duruluyor mu ?"},"content":{"rendered":"<p>TV 8 ekranlar\u0131nda izleyicisiyle bulu\u015fan O Ses T\u00fcrkiye 2025 sezonu program\u0131 heyecanla kald\u0131\u011f\u0131 yerden devam ediyor. Birbirinden iddial\u0131 yar\u0131\u015fmac\u0131lar\u0131n bulundu\u011fu O Ses T\u00fcrkiye 2025\u2019te k\u0131yas\u0131ya bir m\u00fccadele g\u00f6r\u00fcl\u00fcyor. Yar\u0131\u015fma program\u0131n\u0131n yeni b\u00f6l\u00fcm fragman\u0131n\u0131 yay\u0131nlamas\u0131ndan sonra izleyenler yeni b\u00f6l\u00fcm\u00fcn gelmesini bekliyor. Peki, yeni b\u00f6l\u00fcm ne zaman? Hadise ve Melike \u015eahin\u2019inin aras\u0131nda neler oluyor, ikili duruldu mu? Merak edilenler haberimizde\u2026<\/p>\n<p>TV 8 ekranlar\u0131nda yay\u0131nlanan O Ses T\u00fcrkiye 2025 sezonu h\u0131z kesmeden devam ediyor. Birbirinden yetenekli yar\u0131\u015fmac\u0131lar programda \u015fark\u0131lar\u0131n\u0131 s\u00f6yleyip j\u00fcri se\u00e7imine gidiyorlar. J\u00fcrilerin birbirleriyle yar\u0131\u015fmac\u0131 rekabetine girdi\u011fi program be\u011fenilen yap\u0131m olmaya devam ediyor. Seyircinin severek takip etti\u011fi program cumartesi g\u00fcnleri yeni b\u00f6l\u00fcmleriyle ekranlara \u00e7\u0131k\u0131yor. 3. B\u00f6l\u00fcm fragman\u0131n\u0131n yay\u0131nlanmas\u0131n\u0131n ard\u0131ndan merak edilmeye ba\u015fland\u0131.<\/p>\n<h3><strong>O SES T\u00dcRK\u0130YE YEN\u0130 B\u00d6L\u00dcM FRAGMANI<\/strong><\/h3>\n<p>O Ses T\u00fcrkiye 2025 sezonu izleyicisi taraf\u0131ndan merak ediliyordu. 8 \u015eubat Cumartesi ak\u015fam\u0131 TV 8 ekranlar\u0131na gelen yar\u0131\u015fma program\u0131 ba\u015flad\u0131\u011f\u0131 g\u00fcnden beri g\u00fcndem de olmay\u0131 ba\u015fard\u0131. Yar\u0131\u015fmac\u0131lar\u0131, kendi gruplar\u0131na almak isteyen j\u00fcriler rekabet dolu anlar\u0131 ekranlara ta\u015f\u0131d\u0131lar. J\u00fcri \u00fcyelerinin k\u0131yas\u0131ya rekabetleri bazen seyirciyi heyecanland\u0131rd\u0131 bazense j\u00fcriler aras\u0131nda gergin anlar oldu\u011fu d\u00fc\u015f\u00fcn\u00fcld\u00fc.<\/p>\n<p><img loading=\"lazy\" decoding=\"async\" class=\"alignnone wp-image-136916\" src=\"https:\/\/www.tgrthaber.com\/mavikadin\/wp-content\/uploads\/o-ses-turkiye-1-3-1024x576.jpg\" alt=\"o ses t\u00fcrkiye \" width=\"1208\" height=\"680\" title=\"\" srcset=\"https:\/\/www.tgrthaber.com\/mavikadin\/wp-content\/uploads\/o-ses-turkiye-1-3-1024x576.jpg 1024w, https:\/\/www.tgrthaber.com\/mavikadin\/wp-content\/uploads\/o-ses-turkiye-1-3-300x169.jpg 300w, https:\/\/www.tgrthaber.com\/mavikadin\/wp-content\/uploads\/o-ses-turkiye-1-3-768x432.jpg 768w, https:\/\/www.tgrthaber.com\/mavikadin\/wp-content\/uploads\/o-ses-turkiye-1-3-1536x864.jpg 1536w, https:\/\/www.tgrthaber.com\/mavikadin\/wp-content\/uploads\/o-ses-turkiye-1-3.jpg 1600w\" sizes=\"(max-width: 1208px) 100vw, 1208px\" \/><\/p>\n<hr \/>\n<p>Yeni b\u00f6l\u00fcm\u00fcn\u00fc heyecanla bekleyen seyirciler 3. B\u00f6l\u00fcm fragman\u0131n\u0131 merak ettiler. Fragman da j\u00fcrilerin heyecanl\u0131 halleri, sesi g\u00fczel olan yar\u0131\u015fmac\u0131lara tepkileri, j\u00fcri \u00fcyelerinin birbirleriyle olan yar\u0131\u015fmac\u0131 rekabeti fragmanda g\u00f6sterildi. 22 \u015eubat 2025 Cumartesi g\u00fcn\u00fc saat 20.00\u2019da ekranlara gelecek.<\/p>\n<p><img loading=\"lazy\" decoding=\"async\" class=\"alignnone wp-image-136918\" src=\"https:\/\/www.tgrthaber.com\/mavikadin\/wp-content\/uploads\/o-ses-turkiye-3-2-1024x576.jpg\" alt=\"o ses t\u00fcrkiye \" width=\"1208\" height=\"680\" title=\"\" srcset=\"https:\/\/www.tgrthaber.com\/mavikadin\/wp-content\/uploads\/o-ses-turkiye-3-2-1024x576.jpg 1024w, https:\/\/www.tgrthaber.com\/mavikadin\/wp-content\/uploads\/o-ses-turkiye-3-2-300x169.jpg 300w, https:\/\/www.tgrthaber.com\/mavikadin\/wp-content\/uploads\/o-ses-turkiye-3-2-768x432.jpg 768w, https:\/\/www.tgrthaber.com\/mavikadin\/wp-content\/uploads\/o-ses-turkiye-3-2-1536x864.jpg 1536w, https:\/\/www.tgrthaber.com\/mavikadin\/wp-content\/uploads\/o-ses-turkiye-3-2.jpg 1600w\" sizes=\"(max-width: 1208px) 100vw, 1208px\" \/><\/p>\n<hr \/>\n<h3><strong>J\u00dcR\u0130LER ARASINDA NELER OLUYOR<\/strong><\/h3>\n<p>O Ses T\u00fcrkiye\u2019nin yay\u0131nland\u0131\u011f\u0131 g\u00fcnden beri j\u00fcriler aras\u0131nda birtak\u0131m olaylar ya\u015fan\u0131ld\u0131\u011f\u0131 d\u00fc\u015f\u00fcn\u00fcld\u00fc. J\u00fcri koltu\u011funa ilk kez oturan Melike \u015eahin ve j\u00fcri koltu\u011funun daim\u00ee ismi Hadise aras\u0131nda birtak\u0131m sorunlar oldu\u011fu sosyal medyada konu\u015fulmu\u015ftu. Melike \u015eahin\u2019in ilk kez j\u00fcri koltu\u011funda oturup, izleyici taraf\u0131ndan benimsenmesi di\u011fer j\u00fcri \u00fcyelerinin g\u00f6z\u00fcnden ka\u00e7mad\u0131. Sosyal medyada ikili hakk\u0131nda bir\u00e7ok haber yap\u0131ld\u0131. Yeni b\u00f6l\u00fcm\u00fcn fragman\u0131nda ise Beyaz\u0131t \u00d6zt\u00fcrk\u2019\u00fcn \u2018senin de bloklanma s\u0131ran gelecek\u2019 s\u00f6zleri izleyenlerin kafas\u0131n\u0131 kar\u0131\u015ft\u0131rd\u0131. Program\u0131n yeni b\u00f6l\u00fcm\u00fcn de her detay hakk\u0131nda izleyenler bilgi sahibi olacakt\u0131r.<\/p>\n<p>&nbsp;<\/p>\n","protected":false},"excerpt":{"rendered":"<p>TV 8 ekranlar\u0131nda izleyicisiyle bulu\u015fan O Ses T\u00fcrkiye 2025 sezonu program\u0131 heyecanla kald\u0131\u011f\u0131 yerden devam ediyor. Birbirinden iddial\u0131 yar\u0131\u015fmac\u0131lar\u0131n bulundu\u011fu O Ses T\u00fcrkiye 2025\u2019te k\u0131yas\u0131ya bir m\u00fccadele g\u00f6r\u00fcl\u00fcyor. Yar\u0131\u015fma program\u0131n\u0131n yeni b\u00f6l\u00fcm fragman\u0131n\u0131 yay\u0131nlamas\u0131ndan sonra izleyenler yeni b\u00f6l\u00fcm\u00fcn gelmesini bekliyor. Peki, yeni b\u00f6l\u00fcm ne zaman? Hadise ve Melike \u015eahin\u2019inin aras\u0131nda neler oluyor, ikili duruldu mu? Merak edilenler haberimizde\u2026<\/p>\n","protected":false},"author":34,"featured_media":136917,"comment_status":"closed","ping_status":"closed","sticky":false,"template":"","format":"standard","meta":{"rank_math_lock_modified_date":false,"footnotes":""},"categories":[76],"tags":[2378,11038,11652,7667,11653],"class_list":["post-136909","post","type-post","status-publish","format-standard","has-post-thumbnail","hentry","category-magazin","tag-o-ses-turkiye","tag-o-ses-turkiye-hadise","tag-o-ses-turkiye-juri","tag-o-ses-turkiye-melike-sahin","tag-o-ses-turkye-2025"],"_links":{"self":[{"href":"https:\/\/www.tgrthaber.com\/mavikadin\/wp-json\/wp\/v2\/posts\/136909"}],"collection":[{"href":"https:\/\/www.tgrthaber.com\/mavikadin\/wp-json\/wp\/v2\/posts"}],"about":[{"href":"https:\/\/www.tgrthaber.com\/mavikadin\/wp-json\/wp\/v2\/types\/post"}],"author":[{"embeddable":true,"href":"https:\/\/www.tgrthaber.com\/mavikadin\/wp-json\/wp\/v2\/users\/34"}],"replies":[{"embeddable":true,"href":"https:\/\/www.tgrthaber.com\/mavikadin\/wp-json\/wp\/v2\/comments?post=136909"}],"version-history":[{"count":1,"href":"https:\/\/www.tgrthaber.com\/mavikadin\/wp-json\/wp\/v2\/posts\/136909\/revisions"}],"predecessor-version":[{"id":136919,"href":"https:\/\/www.tgrthaber.com\/mavikadin\/wp-json\/wp\/v2\/posts\/136909\/revisions\/136919"}],"wp:featuredmedia":[{"embeddable":true,"href":"https:\/\/www.tgrthaber.com\/mavikadin\/wp-json\/wp\/v2\/media\/136917"}],"wp:attachment":[{"href":"https:\/\/www.tgrthaber.com\/mavikadin\/wp-json\/wp\/v2\/media?parent=136909"}],"wp:term":[{"taxonomy":"category","embeddable":true,"href":"https:\/\/www.tgrthaber.com\/mavikadin\/wp-json\/wp\/v2\/categories?post=136909"},{"taxonomy":"post_tag","embeddable":true,"href":"https:\/\/www.tgrthaber.com\/mavikadin\/wp-json\/wp\/v2\/tags?post=136909"}],"curies":[{"name":"wp","href":"https:\/\/api.w.org\/{rel}","templated":true}]}}