{"id":136920,"date":"2025-02-22T12:13:16","date_gmt":"2025-02-22T09:13:16","guid":{"rendered":"https:\/\/www.tgrthaber.com\/mavikadin\/?p=136920"},"modified":"2025-02-22T12:28:05","modified_gmt":"2025-02-22T09:28:05","slug":"milli-kadin-atletlerin-evini-soyup-araclarini-calan-hirsizlar-yakalandi","status":"publish","type":"post","link":"https:\/\/www.tgrthaber.com\/mavikadin\/milli-kadin-atletlerin-evini-soyup-araclarini-calan-hirsizlar-yakalandi\/","title":{"rendered":"Milli kad\u0131n atletlerin evini soyup ara\u00e7lar\u0131n\u0131 \u00e7alan h\u0131rs\u0131zlar yakaland\u0131!"},"content":{"rendered":"<p>Milli atletler Sema Aydemir, Dilek Esmer ve Meliz Redif\u2019in birlikte ya\u015fad\u0131klar\u0131 eve giren h\u0131rs\u0131zlar, kad\u0131n sporcular\u0131n l\u00fcks ara\u00e7lar\u0131n\u0131 \u00e7alm\u0131\u015ft\u0131. Milli atletlerin evini soyup, ara\u00e7lar\u0131n\u0131 \u00e7alan h\u0131rs\u0131zlar yakaland\u0131. H\u0131rs\u0131zlar\u0131n yakalanma \u015fekli herkesi \u015fa\u015f\u0131rtt\u0131. Bak\u0131n milli atletlerin evini soyup, l\u00fcks arabalar\u0131n\u0131 \u00e7alan h\u0131rs\u0131zlar nas\u0131l yakaland\u0131\u2026<\/p>\n<h3>M\u0130LL\u0130 KADIN ATLETLER\u0130N EV\u0130N\u0130 SOYUP ARA\u00c7LARINI \u00c7ALAN HIRSIZLAR YAKALANDI!<\/h3>\n<p>T\u00fcrkiye\u2019nin \u00f6nemli kad\u0131n sporcular\u0131 aras\u0131nda yer alan Milli atletler Sema Aydemir, Dilek Esmer ve Meliz Redif\u2019in birlikte ya\u015fad\u0131klar\u0131 eve giren h\u0131rs\u0131zlar, sporcular\u0131n l\u00fcks ara\u00e7lar\u0131n\u0131 \u00e7alm\u0131\u015ft\u0131. H\u0131rs\u0131zlar\u0131n evlerini soyduklar\u0131yla g\u00fcndeme gelen milli kad\u0131n atletler, zor anlar ya\u015fam\u0131\u015ft\u0131. Sabah\u2019tan Atakan Y\u0131lmaz\u2019\u0131n \u00f6zel haberine g\u00f6re; sahte plakayla yakalanan iki ki\u015fi, h\u0131rs\u0131zl\u0131k iddialar\u0131n\u0131 reddetti. Fakat ara\u00e7ta yap\u0131lan DNA incelemesi sonucunda h\u0131rs\u0131zlar yakay\u0131 ele verdi.<\/p>\n<p><img loading=\"lazy\" decoding=\"async\" class=\"alignnone wp-image-136922\" src=\"https:\/\/www.tgrthaber.com\/mavikadin\/wp-content\/uploads\/milli-atlet-3-1024x576.jpg\" alt=\"Milli kad\u0131n atletlerin evini soyup ara\u00e7lar\u0131n\u0131 \u00e7alan h\u0131rs\u0131zlar yakaland\u0131! \" width=\"1208\" height=\"680\" title=\"\" srcset=\"https:\/\/www.tgrthaber.com\/mavikadin\/wp-content\/uploads\/milli-atlet-3-1024x576.jpg 1024w, https:\/\/www.tgrthaber.com\/mavikadin\/wp-content\/uploads\/milli-atlet-3-300x169.jpg 300w, https:\/\/www.tgrthaber.com\/mavikadin\/wp-content\/uploads\/milli-atlet-3-768x432.jpg 768w, https:\/\/www.tgrthaber.com\/mavikadin\/wp-content\/uploads\/milli-atlet-3-1536x864.jpg 1536w, https:\/\/www.tgrthaber.com\/mavikadin\/wp-content\/uploads\/milli-atlet-3.jpg 1600w\" sizes=\"(max-width: 1208px) 100vw, 1208px\" \/><\/p>\n<hr \/>\n<p>\u00dcnl\u00fc ve ba\u015far\u0131l\u0131 milli kad\u0131n atletler Sema Aydemir, Dilek Esmer ve Meliz Redif\u2019in 2018 y\u0131l\u0131nda Beyo\u011flu\u2019nda birlikte ya\u015fad\u0131klar\u0131 eve h\u0131rs\u0131z girmi\u015fti. Kad\u0131n sporcular, evlerine h\u0131rs\u0131z girmesiyle b\u00fcy\u00fck bir \u015fok ya\u015fam\u0131\u015f ve zor bir s\u00fcre\u00e7 ge\u00e7irmi\u015fti. \u00dcnl\u00fc sporculardan Sema Aydemir, gece yar\u0131s\u0131 uyanarak h\u0131rs\u0131z\u0131 fark etmi\u015f ve kovalam\u0131\u015ft\u0131. Milli kad\u0131n atletlerin ziynet e\u015fyalar\u0131n\u0131, nakit paralar\u0131n\u0131 ve kredi kartlar\u0131n\u0131 \u00e7alan h\u0131rs\u0131zlar, \u00fcst\u00fcne ara\u00e7lar\u0131n\u0131 da \u00e7alarak kay\u0131plara kar\u0131\u015fm\u0131\u015ft\u0131.<\/p>\n<p><img loading=\"lazy\" decoding=\"async\" class=\"alignnone wp-image-136923\" src=\"https:\/\/www.tgrthaber.com\/mavikadin\/wp-content\/uploads\/milli-atlet-2-1024x576.jpg\" alt=\"Milli kad\u0131n atletlerin evini soyup ara\u00e7lar\u0131n\u0131 \u00e7alan h\u0131rs\u0131zlar yakaland\u0131! \" width=\"1208\" height=\"680\" title=\"\" srcset=\"https:\/\/www.tgrthaber.com\/mavikadin\/wp-content\/uploads\/milli-atlet-2-1024x576.jpg 1024w, https:\/\/www.tgrthaber.com\/mavikadin\/wp-content\/uploads\/milli-atlet-2-300x169.jpg 300w, https:\/\/www.tgrthaber.com\/mavikadin\/wp-content\/uploads\/milli-atlet-2-768x432.jpg 768w, https:\/\/www.tgrthaber.com\/mavikadin\/wp-content\/uploads\/milli-atlet-2-1536x864.jpg 1536w, https:\/\/www.tgrthaber.com\/mavikadin\/wp-content\/uploads\/milli-atlet-2.jpg 1600w\" sizes=\"(max-width: 1208px) 100vw, 1208px\" \/><\/p>\n<hr \/>\n<h3>ARA\u00c7 SAHTE PLAKAYLA BULUNDU!<\/h3>\n<p>19 Ocak 2018 y\u0131l\u0131nda Beyo\u011flu il\u00e7esi \u00d6rnektepe Mahallesi\u2019nde ya\u015fanan h\u0131rs\u0131zl\u0131k olay\u0131ndan 15 g\u00fcn sonra 3 \u015eubat 2018 tarihinde Ba\u011fc\u0131lar\u2019da trafik polisleri l\u00fcks bir arac\u0131 durduruldu. S\u00fcr\u00fcc\u00fcn\u00fcn hareketlerinden \u015f\u00fcphelenen polisin, ara\u00e7taki plakan\u0131n sahte olmas\u0131n\u0131 fark etmesiyle birlikte olayla ilgili tutanak tutularak durum savc\u0131l\u0131\u011fa iletildi. Savc\u0131l\u0131k taraf\u0131ndan ba\u015flat\u0131lan soru\u015fturman\u0131n ard\u0131ndan \u00e7al\u0131nan arac\u0131n sahte plaka tak\u0131larak kullan\u0131ld\u0131\u011f\u0131 ve arac\u0131n as\u0131l sahibinin \u00fcnl\u00fc sporcu Sema Aydemir\u2019e ait oldu\u011fu \u00f6\u011frenildi.<\/p>\n<p><img loading=\"lazy\" decoding=\"async\" class=\"alignnone wp-image-136924\" src=\"https:\/\/www.tgrthaber.com\/mavikadin\/wp-content\/uploads\/milli-atlet-1-1024x576.jpg\" alt=\"Milli kad\u0131n atletlerin evini soyup ara\u00e7lar\u0131n\u0131 \u00e7alan h\u0131rs\u0131zlar yakaland\u0131! \" width=\"1208\" height=\"680\" title=\"\" srcset=\"https:\/\/www.tgrthaber.com\/mavikadin\/wp-content\/uploads\/milli-atlet-1-1024x576.jpg 1024w, https:\/\/www.tgrthaber.com\/mavikadin\/wp-content\/uploads\/milli-atlet-1-300x169.jpg 300w, https:\/\/www.tgrthaber.com\/mavikadin\/wp-content\/uploads\/milli-atlet-1-768x432.jpg 768w, https:\/\/www.tgrthaber.com\/mavikadin\/wp-content\/uploads\/milli-atlet-1-1536x864.jpg 1536w, https:\/\/www.tgrthaber.com\/mavikadin\/wp-content\/uploads\/milli-atlet-1.jpg 1600w\" sizes=\"(max-width: 1208px) 100vw, 1208px\" \/><\/p>\n<hr \/>\n<p>Ara\u00e7ta bulunan \u015f\u00fcpheliler Hakan \u00d6. ve Cenap A. ise ifadelerinde s\u00f6z konusu arac\u0131 \u00e7almad\u0131klar\u0131n\u0131 ve bir arkada\u015flar\u0131ndan \u00f6d\u00fcn\u00e7 ald\u0131klar\u0131n\u0131 iddia ederek su\u00e7lamalar\u0131 reddetti. Ancak savc\u0131l\u0131k y\u00fcr\u00fct\u00fclen soru\u015fturma kapsam\u0131nda 2 \u015f\u00fcpheli hakk\u0131nda \u201cNitelikli Olarak Konut Dokunulmazl\u0131\u011f\u0131n\u0131 \u0130hlal Etme\u201d ve \u201cBina \u0130\u00e7erisinde H\u0131rs\u0131zl\u0131k\u201d su\u00e7lar\u0131 kapsam\u0131nda 15 y\u0131la kadar hapis istemiyle iddianame d\u00fczenledi. \u015e\u00fcphelilerin ise \u0130stanbul Asliye Ceza Mahkemesinde hakim kar\u015f\u0131s\u0131na \u00e7\u0131kaca\u011f\u0131 \u00f6\u011frenildi.<\/p>\n","protected":false},"excerpt":{"rendered":"<p>Sema Aydemir, Dilek Esmer ve Meliz Redif\u2019in evine giren h\u0131rs\u0131zlar\u0131n kim oldu\u011fu ortaya \u00e7\u0131kt\u0131. Bak\u0131n h\u0131rs\u0131zlar nas\u0131l yakaland\u0131\u2026 <\/p>\n","protected":false},"author":26,"featured_media":136929,"comment_status":"closed","ping_status":"closed","sticky":false,"template":"","format":"standard","meta":{"rank_math_lock_modified_date":false,"footnotes":""},"categories":[76],"tags":[11654,11655,11656,9727],"class_list":["post-136920","post","type-post","status-publish","format-standard","has-post-thumbnail","hentry","category-magazin","tag-dilek-esmer","tag-meliz-redif","tag-milli-atlet","tag-sema-aydemir"],"_links":{"self":[{"href":"https:\/\/www.tgrthaber.com\/mavikadin\/wp-json\/wp\/v2\/posts\/136920"}],"collection":[{"href":"https:\/\/www.tgrthaber.com\/mavikadin\/wp-json\/wp\/v2\/posts"}],"about":[{"href":"https:\/\/www.tgrthaber.com\/mavikadin\/wp-json\/wp\/v2\/types\/post"}],"author":[{"embeddable":true,"href":"https:\/\/www.tgrthaber.com\/mavikadin\/wp-json\/wp\/v2\/users\/26"}],"replies":[{"embeddable":true,"href":"https:\/\/www.tgrthaber.com\/mavikadin\/wp-json\/wp\/v2\/comments?post=136920"}],"version-history":[{"count":4,"href":"https:\/\/www.tgrthaber.com\/mavikadin\/wp-json\/wp\/v2\/posts\/136920\/revisions"}],"predecessor-version":[{"id":136930,"href":"https:\/\/www.tgrthaber.com\/mavikadin\/wp-json\/wp\/v2\/posts\/136920\/revisions\/136930"}],"wp:featuredmedia":[{"embeddable":true,"href":"https:\/\/www.tgrthaber.com\/mavikadin\/wp-json\/wp\/v2\/media\/136929"}],"wp:attachment":[{"href":"https:\/\/www.tgrthaber.com\/mavikadin\/wp-json\/wp\/v2\/media?parent=136920"}],"wp:term":[{"taxonomy":"category","embeddable":true,"href":"https:\/\/www.tgrthaber.com\/mavikadin\/wp-json\/wp\/v2\/categories?post=136920"},{"taxonomy":"post_tag","embeddable":true,"href":"https:\/\/www.tgrthaber.com\/mavikadin\/wp-json\/wp\/v2\/tags?post=136920"}],"curies":[{"name":"wp","href":"https:\/\/api.w.org\/{rel}","templated":true}]}}