{"id":136931,"date":"2025-02-22T13:49:58","date_gmt":"2025-02-22T10:49:58","guid":{"rendered":"https:\/\/www.tgrthaber.com\/mavikadin\/?p=136931"},"modified":"2025-02-22T14:00:40","modified_gmt":"2025-02-22T11:00:40","slug":"ibrahim-tilaver-ebo-hayalini-acikladi-en-buyuk-hayalim-cumhurbaskani-ile-video-cekmek","status":"publish","type":"post","link":"https:\/\/www.tgrthaber.com\/mavikadin\/ibrahim-tilaver-ebo-hayalini-acikladi-en-buyuk-hayalim-cumhurbaskani-ile-video-cekmek\/","title":{"rendered":"\u0130brahim Tilaver (Ebo) hayalini a\u00e7\u0131klad\u0131! &#8216;En b\u00fcy\u00fck hayalim Cumhurba\u015fkan\u0131 ile video \u00e7ekmek&#8217;"},"content":{"rendered":"<p>Sosyal medyada \u2018Ebo\u2019 ad\u0131 ile tan\u0131nan \u0130brahim Tilaver, k\u0131sa s\u00fcre i\u00e7inde geni\u015f bir takip\u00e7i kitlesine ula\u015farak fenomen haline geldi. Sosyal medyada yapt\u0131\u011f\u0131 i\u015flerle dikkat \u00e7eken Tilaver, sadece sosyal medya da de\u011fil m\u00fczik alan\u0131nda da \u00f6nemli i\u015flere imza atarak ad\u0131ndan s\u00f6z ettirdi. Kendisinin de kurucu oldu\u011fu m\u00fczik \u015firketi k\u0131sa s\u00fcrede m\u00fczik piyasas\u0131nda kendine sa\u011flam yerler edindi. Bir YouTube kanal\u0131nda konu\u015fan Ebo kariyer amac\u0131n\u0131 anlatt\u0131.<\/p>\n<h3><strong>EN B\u00dcY\u00dcK HAYAL\u0130M CUMHURBA\u015eKANI \u0130LE V\u0130DEO \u00c7EKMEK<\/strong><\/h3>\n<p>Sosyal medyada son g\u00fcnlerde ad\u0131n\u0131 s\u0131k\u00e7a duydu\u011fumuz \u2018Ebo\u2019 ad\u0131yla tan\u0131nan \u0130brahim Tilaver, mizahi i\u00e7erikler ve m\u00fczik sekt\u00f6r\u00fcndeki ba\u015far\u0131s\u0131yla ad\u0131n\u0131 geni\u015f kitlelere duyurdu. Kendi m\u00fczik \u015firketini a\u00e7arak m\u00fczik sekt\u00f6r\u00fcnde de aktif bir rol oynayan Tilaver, Lais Records ad\u0131ndaki \u015firketinin kurucusu olarak piyasaya ad\u0131m att\u0131. Bir\u00e7ok sanat\u00e7\u0131yla i\u015f birli\u011fi yapan Ebo, hem m\u00fczik d\u00fcnyas\u0131nda hem de sosyal medyada kendine sa\u011flam bir yer edinmi\u015ftir. Dikkat \u00e7eken \u00e7al\u0131\u015fmalarla da ad\u0131ndan \u00e7ok\u00e7a s\u00f6z ettirmektedir.<\/p>\n<p><img loading=\"lazy\" decoding=\"async\" class=\"wp-image-136941\" src=\"https:\/\/www.tgrthaber.com\/mavikadin\/wp-content\/uploads\/ebo-2-1024x576.jpg\" alt=\"ebo \" width=\"1208\" height=\"680\" title=\"\" srcset=\"https:\/\/www.tgrthaber.com\/mavikadin\/wp-content\/uploads\/ebo-2-1024x576.jpg 1024w, https:\/\/www.tgrthaber.com\/mavikadin\/wp-content\/uploads\/ebo-2-300x169.jpg 300w, https:\/\/www.tgrthaber.com\/mavikadin\/wp-content\/uploads\/ebo-2-768x432.jpg 768w, https:\/\/www.tgrthaber.com\/mavikadin\/wp-content\/uploads\/ebo-2-1536x864.jpg 1536w, https:\/\/www.tgrthaber.com\/mavikadin\/wp-content\/uploads\/ebo-2.jpg 1600w\" sizes=\"(max-width: 1208px) 100vw, 1208px\" \/><\/p>\n<hr \/>\n<p>Arkada\u015f\u0131, Emirhan \u00c7akal ile YouTube platformuna i\u00e7erikler \u00e7eken ikili sosyal medyada k\u0131sa s\u00fcre de binlerce izlenme ve binlerce be\u011feni al\u0131yorlar. Youtube de i\u00e7erik \u00fcreten bir ba\u015fka isim olan Danla Bilic\u2019in program\u0131na konuk olan \u0130brahim Tilaver, Bilic\u2019in bundan sonraki kariyer amac\u0131n ne sorusuna \u2018Benim tek bir hayalim var. Recep Tayyip Erdo\u011fan ile \u201cReis\u2019le 1 g\u00fcn\u201d diye video \u00e7ekmek.\u201d S\u00f6zlerini kulland\u0131. Bu s\u00f6zler sonras\u0131 sosyal medyada \u00e7ok konu\u015fuldu.<\/p>\n<div style=\"width: 640px;\" class=\"wp-video\"><!--[if lt IE 9]><script>document.createElement('video');<\/script><![endif]-->\n<video class=\"wp-video-shortcode\" id=\"video-136931-1\" width=\"640\" height=\"640\" preload=\"metadata\" controls=\"controls\"><source type=\"video\/mp4\" src=\"https:\/\/www.tgrthaber.com\/mavikadin\/wp-content\/uploads\/Kahverengi-Sade-Zarif-Kucuk-Isletme-Kuafor-Instagram-Video-24.mp4?_=1\" \/><a href=\"https:\/\/www.tgrthaber.com\/mavikadin\/wp-content\/uploads\/Kahverengi-Sade-Zarif-Kucuk-Isletme-Kuafor-Instagram-Video-24.mp4\">https:\/\/www.tgrthaber.com\/mavikadin\/wp-content\/uploads\/Kahverengi-Sade-Zarif-Kucuk-Isletme-Kuafor-Instagram-Video-24.mp4<\/a><\/video><\/div>\n<hr \/>\n<h3><strong>ARTIK M\u00dcZ\u0130K YAPMIYORUM<\/strong><\/h3>\n<p>Bir YouTube\u2019da i\u00e7erik \u00fcreticisi olan Danla Bilic\u2019in yapt\u0131\u011f\u0131 programa konuk olan Tilaver, mizik yap\u0131mc\u0131l\u0131\u011f\u0131n\u0131 da b\u0131rakt\u0131\u011f\u0131n\u0131 s\u00f6yledi. M\u00fczik piyasas\u0131nda bir\u00e7ok \u00fcnl\u00fc ismi duyuran \u2018Lais Records\u2019 m\u00fczik \u015firketi kurucusu olan \u0130brahim Tilaver, sosyal medyada yap\u0131mc\u0131s\u0131 oldu\u011fu m\u00fcziklerden \u00e7ok lin\u00e7 yedi\u011fini ve m\u00fczik piyasas\u0131nda ya\u015fanan olaylar\u0131n onu yordu\u011funu s\u00f6yleyerek \u015firketteki i\u015flerini karde\u015fine devretti\u011fini s\u00f6yledi.<\/p>\n","protected":false},"excerpt":{"rendered":"<p>Sosyal medyada \u2018Ebo\u2019 ad\u0131 ile tan\u0131nan \u0130brahim Tilaver, k\u0131sa s\u00fcre i\u00e7inde geni\u015f bir takip\u00e7i kitlesine ula\u015farak fenomen haline geldi. Sosyal medyada yapt\u0131\u011f\u0131 i\u015flerle dikkat \u00e7eken Tilaver, sadece sosyal medya da de\u011fil m\u00fczik alan\u0131nda da \u00f6nemli i\u015flere imza atarak ad\u0131ndan s\u00f6z ettirdi. Kendisinin de kurucu oldu\u011fu m\u00fczik \u015firketi k\u0131sa s\u00fcrede m\u00fczik piyasas\u0131nda kendine sa\u011flam yerler edindi. Bir YouTube kanal\u0131nda konu\u015fan Ebo kariyer amac\u0131n\u0131 anlatt\u0131.<\/p>\n","protected":false},"author":34,"featured_media":136940,"comment_status":"closed","ping_status":"closed","sticky":false,"template":"","format":"standard","meta":{"rank_math_lock_modified_date":false,"footnotes":""},"categories":[76],"tags":[11658,11660,11661],"class_list":["post-136931","post","type-post","status-publish","format-standard","has-post-thumbnail","hentry","category-magazin","tag-ibrahim-tilaver","tag-muzik-sirketi","tag-youtube-danla"],"_links":{"self":[{"href":"https:\/\/www.tgrthaber.com\/mavikadin\/wp-json\/wp\/v2\/posts\/136931"}],"collection":[{"href":"https:\/\/www.tgrthaber.com\/mavikadin\/wp-json\/wp\/v2\/posts"}],"about":[{"href":"https:\/\/www.tgrthaber.com\/mavikadin\/wp-json\/wp\/v2\/types\/post"}],"author":[{"embeddable":true,"href":"https:\/\/www.tgrthaber.com\/mavikadin\/wp-json\/wp\/v2\/users\/34"}],"replies":[{"embeddable":true,"href":"https:\/\/www.tgrthaber.com\/mavikadin\/wp-json\/wp\/v2\/comments?post=136931"}],"version-history":[{"count":3,"href":"https:\/\/www.tgrthaber.com\/mavikadin\/wp-json\/wp\/v2\/posts\/136931\/revisions"}],"predecessor-version":[{"id":136953,"href":"https:\/\/www.tgrthaber.com\/mavikadin\/wp-json\/wp\/v2\/posts\/136931\/revisions\/136953"}],"wp:featuredmedia":[{"embeddable":true,"href":"https:\/\/www.tgrthaber.com\/mavikadin\/wp-json\/wp\/v2\/media\/136940"}],"wp:attachment":[{"href":"https:\/\/www.tgrthaber.com\/mavikadin\/wp-json\/wp\/v2\/media?parent=136931"}],"wp:term":[{"taxonomy":"category","embeddable":true,"href":"https:\/\/www.tgrthaber.com\/mavikadin\/wp-json\/wp\/v2\/categories?post=136931"},{"taxonomy":"post_tag","embeddable":true,"href":"https:\/\/www.tgrthaber.com\/mavikadin\/wp-json\/wp\/v2\/tags?post=136931"}],"curies":[{"name":"wp","href":"https:\/\/api.w.org\/{rel}","templated":true}]}}