{"id":136943,"date":"2025-02-22T13:56:45","date_gmt":"2025-02-22T10:56:45","guid":{"rendered":"https:\/\/www.tgrthaber.com\/mavikadin\/?p=136943"},"modified":"2025-02-22T14:10:10","modified_gmt":"2025-02-22T11:10:10","slug":"esra-bilgicle-yasadigi-askla-gundemde-olan-faruk-sabancidan-olay-olacak-maddiyat-aciklamasi","status":"publish","type":"post","link":"https:\/\/www.tgrthaber.com\/mavikadin\/esra-bilgicle-yasadigi-askla-gundemde-olan-faruk-sabancidan-olay-olacak-maddiyat-aciklamasi\/","title":{"rendered":"Esra Bilgi\u00e7\u2019le ya\u015fad\u0131\u011f\u0131 a\u015fkla g\u00fcndemde olan Faruk Sabanc\u0131\u2019dan olay olacak maddiyat a\u00e7\u0131klamas\u0131!"},"content":{"rendered":"<p>Sabanc\u0131 ailesinin g\u00f6zde isimleri aras\u0131nda yer alan Faruk Sabanc\u0131, son zamanlarda \u00fcnl\u00fc oyuncu Esra Bilgi\u00e7 ile ya\u015fad\u0131\u011f\u0131 a\u015fkla g\u00fcndeme geliyor. \u00dcnl\u00fc oyuncu Esra Bilgi\u00e7 ile dolu dizgin bir a\u015fk ya\u015famaya devam eden DJ Faruk Sabanc\u0131, bu kez olay olacak maddiyat a\u00e7\u0131klamalar\u0131yla g\u00fcndeme geldi. Gerek ailesi gerekse \u00f6zel hayat\u0131yla s\u0131k s\u0131k magazin d\u00fcnyas\u0131n\u0131n g\u00fcndemine oturan Faruk Sabanc\u0131, kat\u0131ld\u0131\u011f\u0131 programda \u00e7arp\u0131c\u0131 a\u00e7\u0131klamalarda bulundu. \u0130\u015fte Faruk Sabanc\u0131\u2019n\u0131n olay olacak maddiyat a\u00e7\u0131klamas\u0131\u2026<\/p>\n<h3>FARUK SABANCI\u2019DAN OLAY OLACAK MADD\u0130YAT A\u00c7IKLAMASI!<\/h3>\n<p>Sabanc\u0131 ailesinin \u00f6nde gelen isimlerinden Faruk Sabanc\u0131, cemiyet hayat\u0131n\u0131n yan\u0131 s\u0131ra \u00f6zel hayat\u0131yla da s\u0131k s\u0131k g\u00fcndeme geliyor. Son d\u00f6nemlerde \u00fcnl\u00fc ve g\u00fczel oyuncu Esra Bilgi\u00e7 ile ya\u015fad\u0131\u011f\u0131 a\u015fkla g\u00fcndemden d\u00fc\u015fmeyen Sabanc\u0131, bu kez kat\u0131ld\u0131\u011f\u0131 programda yapt\u0131\u011f\u0131 \u00e7arp\u0131c\u0131 a\u00e7\u0131klamalarla g\u00fcndeme geldi. \u015eimdilerde hem DJ hem de i\u015f insan\u0131 olarak kariyerine devam eden Sabanc\u0131, \u00f6zel hayat\u0131na dair konu\u015ftu.<\/p>\n<p><img loading=\"lazy\" decoding=\"async\" class=\"alignnone wp-image-136947\" src=\"https:\/\/www.tgrthaber.com\/mavikadin\/wp-content\/uploads\/Faruk-Sabanci-1024x576.jpg\" alt=\"Faruk Sabanc\u0131\u2019dan olay olacak maddiyat a\u00e7\u0131klamas\u0131! \" width=\"1208\" height=\"680\" title=\"\" srcset=\"https:\/\/www.tgrthaber.com\/mavikadin\/wp-content\/uploads\/Faruk-Sabanci-1024x576.jpg 1024w, https:\/\/www.tgrthaber.com\/mavikadin\/wp-content\/uploads\/Faruk-Sabanci-300x169.jpg 300w, https:\/\/www.tgrthaber.com\/mavikadin\/wp-content\/uploads\/Faruk-Sabanci-768x432.jpg 768w, https:\/\/www.tgrthaber.com\/mavikadin\/wp-content\/uploads\/Faruk-Sabanci-1536x864.jpg 1536w, https:\/\/www.tgrthaber.com\/mavikadin\/wp-content\/uploads\/Faruk-Sabanci.jpg 1600w\" sizes=\"(max-width: 1208px) 100vw, 1208px\" \/><\/p>\n<hr \/>\n<p>Faruk Sabanc\u0131 gerek aile ya\u015fant\u0131s\u0131yla gerek DJ\u2019lik mesle\u011fiyle gerekse a\u015fk hayat\u0131yla magazin d\u00fcnyas\u0131n\u0131n ilgisini \u00e7ekmeye devam ediyor. \u00d6zellikle Esra Bilgi\u00e7 ile ya\u015fad\u0131\u011f\u0131 a\u015fkla s\u0131k s\u0131k g\u00fcndeme gelen Sabanc\u0131, ge\u00e7ti\u011fimiz aylarda Instagram hesab\u0131ndan yapt\u0131\u011f\u0131 payla\u015f\u0131mla a\u015fk\u0131n\u0131 herkese duyurmu\u015ftu. Hem a\u015fk hayat\u0131 hem de \u00f6zel hayat\u0131 bir hayli merak edilen Sabanc\u0131, CNBC-E&#8217;de Saba T\u00fcmer&#8217;in program\u0131na kat\u0131ld\u0131. Kat\u0131ld\u0131\u011f\u0131 programda \u00e7arp\u0131c\u0131 a\u00e7\u0131klamalarda bulunan Sabanc\u0131\u2019dan olay olacak maddiyat a\u00e7\u0131klamas\u0131 geldi.<\/p>\n<p><img loading=\"lazy\" decoding=\"async\" class=\"alignnone wp-image-136948\" src=\"https:\/\/www.tgrthaber.com\/mavikadin\/wp-content\/uploads\/Faruk-Sabanci-1-1-1024x576.jpg\" alt=\"Faruk Sabanc\u0131\u2019dan olay olacak maddiyat a\u00e7\u0131klamas\u0131! \" width=\"1208\" height=\"680\" title=\"\" srcset=\"https:\/\/www.tgrthaber.com\/mavikadin\/wp-content\/uploads\/Faruk-Sabanci-1-1-1024x576.jpg 1024w, https:\/\/www.tgrthaber.com\/mavikadin\/wp-content\/uploads\/Faruk-Sabanci-1-1-300x169.jpg 300w, https:\/\/www.tgrthaber.com\/mavikadin\/wp-content\/uploads\/Faruk-Sabanci-1-1-768x432.jpg 768w, https:\/\/www.tgrthaber.com\/mavikadin\/wp-content\/uploads\/Faruk-Sabanci-1-1-1536x864.jpg 1536w, https:\/\/www.tgrthaber.com\/mavikadin\/wp-content\/uploads\/Faruk-Sabanci-1-1.jpg 1600w\" sizes=\"(max-width: 1208px) 100vw, 1208px\" \/><\/p>\n<hr \/>\n<h3>\u201c\u0130NSANIN MADD\u0130YATLA DA SA\u011eLIKLI \u0130L\u0130\u015eK\u0130 KURMASI GEREK\u0130YOR\u201d<\/h3>\n<p>CNBC-E&#8217;de Saba T\u00fcmer&#8217;in program\u0131na kat\u0131lan Faruk Sabanc\u0131, olay olacak maddiyat a\u00e7\u0131klamas\u0131nda bulundu. Sabanc\u0131, \u201cBir \u015feyi al\u0131rken fiyat\u0131na bak\u0131yor musun?\u201d sorusuna: \u201cBir \u015fey al\u0131rken tabii ki fiyat\u0131na bakar\u0131m. Zaman i\u00e7erisinde nereden nereye geldi\u011fini merak ederim. \u0130mk\u00e2n sahibi olmak ba\u015fka bir \u015fey, imkanla k\u00f6t\u00fc bir ili\u015fki i\u00e7erisinde bulunmak ba\u015fka bir \u015fey. \u0130nsan\u0131n maddiyatla da sa\u011fl\u0131kl\u0131 ili\u015fki kurmas\u0131 gerekiyor. Bir \u015feyin fiyat etiketine bakmamak birini umursamaz yap\u0131yor.\u201d \u015feklinde cevap verdi.<\/p>\n<p><img loading=\"lazy\" decoding=\"async\" class=\"alignnone wp-image-136950\" src=\"https:\/\/www.tgrthaber.com\/mavikadin\/wp-content\/uploads\/Faruk-Sabanci-2-1024x576.jpg\" alt=\"Faruk Sabanc\u0131\u2019dan olay olacak maddiyat a\u00e7\u0131klamas\u0131! \" width=\"1208\" height=\"680\" title=\"\" srcset=\"https:\/\/www.tgrthaber.com\/mavikadin\/wp-content\/uploads\/Faruk-Sabanci-2-1024x576.jpg 1024w, https:\/\/www.tgrthaber.com\/mavikadin\/wp-content\/uploads\/Faruk-Sabanci-2-300x169.jpg 300w, https:\/\/www.tgrthaber.com\/mavikadin\/wp-content\/uploads\/Faruk-Sabanci-2-768x432.jpg 768w, https:\/\/www.tgrthaber.com\/mavikadin\/wp-content\/uploads\/Faruk-Sabanci-2-1536x864.jpg 1536w, https:\/\/www.tgrthaber.com\/mavikadin\/wp-content\/uploads\/Faruk-Sabanci-2.jpg 1600w\" sizes=\"(max-width: 1208px) 100vw, 1208px\" \/><\/p>\n<hr \/>\n<h3>DJ OLMAYA NASIL KARAR VERD\u0130\u011e\u0130N\u0130 A\u00c7IKLADI!<\/h3>\n<p>Saba T\u00fcmer\u2019in program\u0131nda hem i\u015f hayat\u0131 hem de \u00f6zel hayat\u0131 hakk\u0131nda a\u00e7\u0131klamalarda bulunan Faruk Sabanc\u0131, DJ olmaya nas\u0131l karar verdi\u011fini a\u00e7\u0131klad\u0131. Sabanc\u0131, a\u00e7\u0131klamalar\u0131nda: \u201cBen ilkokul y\u0131llar\u0131mda plak toplamaya ba\u015flad\u0131m. O y\u0131llarda tam olarak ne yapt\u0131\u011f\u0131m\u0131 bilmiyorum ama m\u00fczik ar\u015fivlemek, m\u00fczikten m\u00fczi\u011fe ge\u00e7i\u015f yapmak. \u00c7ocukluktan bir merak\u0131m oldu. Asl\u0131nda dinleyiciler hobimi i\u015fe \u00e7evirdi. M\u00fczik kula\u011f\u0131m\u0131n ke\u015ffedilmesi diye bir durum olu\u015ftu. Benim elektronik m\u00fczik \u00fcretiyor olmam ilgi \u00e7ekici bir konu. Zaman zaman dezenformasyonlar oluyor.\u201d ifadelerini kulland\u0131.<\/p>\n","protected":false},"excerpt":{"rendered":"<p>Son zamanlarda Esra Bilgi\u00e7 ile ya\u015fad\u0131\u011f\u0131 a\u015fkla g\u00fcndeme gelen Faruk Sabanc\u0131, bu kez olay olacak maddiyat a\u00e7\u0131klamas\u0131yla g\u00fcndeme geldi. \u0130\u015fte detaylar\u2026 <\/p>\n","protected":false},"author":26,"featured_media":136946,"comment_status":"closed","ping_status":"closed","sticky":false,"template":"","format":"standard","meta":{"rank_math_lock_modified_date":false,"footnotes":""},"categories":[76],"tags":[2212,2922,133,2218],"class_list":["post-136943","post","type-post","status-publish","format-standard","has-post-thumbnail","hentry","category-magazin","tag-esra-bilgic","tag-faruk-sabanci","tag-magazin","tag-magazin-haberleri"],"_links":{"self":[{"href":"https:\/\/www.tgrthaber.com\/mavikadin\/wp-json\/wp\/v2\/posts\/136943"}],"collection":[{"href":"https:\/\/www.tgrthaber.com\/mavikadin\/wp-json\/wp\/v2\/posts"}],"about":[{"href":"https:\/\/www.tgrthaber.com\/mavikadin\/wp-json\/wp\/v2\/types\/post"}],"author":[{"embeddable":true,"href":"https:\/\/www.tgrthaber.com\/mavikadin\/wp-json\/wp\/v2\/users\/26"}],"replies":[{"embeddable":true,"href":"https:\/\/www.tgrthaber.com\/mavikadin\/wp-json\/wp\/v2\/comments?post=136943"}],"version-history":[{"count":4,"href":"https:\/\/www.tgrthaber.com\/mavikadin\/wp-json\/wp\/v2\/posts\/136943\/revisions"}],"predecessor-version":[{"id":136955,"href":"https:\/\/www.tgrthaber.com\/mavikadin\/wp-json\/wp\/v2\/posts\/136943\/revisions\/136955"}],"wp:featuredmedia":[{"embeddable":true,"href":"https:\/\/www.tgrthaber.com\/mavikadin\/wp-json\/wp\/v2\/media\/136946"}],"wp:attachment":[{"href":"https:\/\/www.tgrthaber.com\/mavikadin\/wp-json\/wp\/v2\/media?parent=136943"}],"wp:term":[{"taxonomy":"category","embeddable":true,"href":"https:\/\/www.tgrthaber.com\/mavikadin\/wp-json\/wp\/v2\/categories?post=136943"},{"taxonomy":"post_tag","embeddable":true,"href":"https:\/\/www.tgrthaber.com\/mavikadin\/wp-json\/wp\/v2\/tags?post=136943"}],"curies":[{"name":"wp","href":"https:\/\/api.w.org\/{rel}","templated":true}]}}