{"id":137001,"date":"2025-02-22T17:40:09","date_gmt":"2025-02-22T14:40:09","guid":{"rendered":"https:\/\/www.tgrthaber.com\/mavikadin\/?p=137001"},"modified":"2025-02-22T18:08:11","modified_gmt":"2025-02-22T15:08:11","slug":"basak-gumulcinelioglu-imaj-degistirdi-yeni-tarzi-herkesi-sasirtti","status":"publish","type":"post","link":"https:\/\/www.tgrthaber.com\/mavikadin\/basak-gumulcinelioglu-imaj-degistirdi-yeni-tarzi-herkesi-sasirtti\/","title":{"rendered":"Ba\u015fak G\u00fcm\u00fclcinelio\u011flu imaj de\u011fi\u015ftirdi! Yeni tarz\u0131 herkesi \u015fa\u015f\u0131rtt\u0131"},"content":{"rendered":"<p>Ba\u015far\u0131l\u0131 oyunculu\u011fuyla ve k\u0131z\u0131l sa\u00e7lar\u0131yla tan\u0131d\u0131\u011f\u0131m\u0131z g\u00fczel oyuncu Ba\u015fak G\u00fcm\u00fclcinelio\u011flu, imaj de\u011fi\u015fikli\u011fine gitti. Sosyal medya hesab\u0131ndan yeni imaj\u0131n\u0131 yay\u0131nlayan G\u00fcm\u00fclcinelio\u011flu, takip\u00e7ileri taraf\u0131ndan \u015fok i\u00e7inde kar\u015f\u0131land\u0131. Takip\u00e7ileri bu imaj de\u011fi\u015fikli\u011fi kar\u015f\u0131s\u0131nda yeni projeler mi geliyor diye d\u00fc\u015f\u00fcnmeye ba\u015flad\u0131lar.<\/p>\n<h3 id=\"h_6728110317791707286254371\">BA\u015eAK G\u00dcM\u00dcLC\u0130NEL\u0130O\u011eLU&#8217;NDAN <strong>B\u00dcY\u00dcK DE\u011e\u0130\u015e\u0130KL\u0130K!<\/strong><\/h3>\n<p>Uzun s\u00fcredir k\u0131z\u0131l ve uzun sa\u00e7lar\u0131yla tan\u0131nan \u00fcnl\u00fc oyuncu, hayranlar\u0131n\u0131 \u015fa\u015f\u0131rtarak sa\u00e7lar\u0131n\u0131 k\u0131sac\u0131k kestirip sar\u0131ya boyatt\u0131. Yeni tarz\u0131n\u0131 sosyal medya hesab\u0131ndan \u201cYeniden tan\u0131\u015fal\u0131m. Ben Ba\u015fak\u201d notuyla payla\u015fan oyuncu, b\u00fcy\u00fck ilgi g\u00f6rd\u00fc. Ba\u015fak G\u00fcm\u00fclcinelio\u011flu\u2019nun bu radikal de\u011fi\u015fimi, sosyal medyada takip\u00e7ileri taraf\u0131ndan \u015fa\u015fk\u0131nl\u0131k yaratt\u0131. Bir\u00e7ok \u00fcnl\u00fc arkada\u015f\u0131ndan yeni imaj\u0131yla alakal\u0131 oyuncunun sosyal medyas\u0131ndan be\u011feni geldi. Yeni \u0130maj\u0131n\u0131 be\u011fenenler aras\u0131nda Sen \u00c7al Kap\u0131m\u0131 dizisinde tan\u0131\u015f\u0131p evlendi\u011fi e\u015fi Mehmet \u00c7a\u011fr\u0131 \u00c7\u0131tanak oldu. \u00c7\u0131tanak \u2018\u0130yi De\u011filim!\u2019 s\u00f6zleriyle e\u015finin imaj\u0131na \u015fa\u015f\u0131rarak be\u011feni i\u00e7inde oldu\u011funu dile getirdi. Son olarak Yarg\u0131 dizisindeki Hakime olan &#8216;Nevra&#8217; karakteri,\u00a0 performans\u0131yla b\u00fcy\u00fck be\u011feni toplayan G\u00fcm\u00fclcinelio\u011flu, yeni projeler i\u00e7in haz\u0131rl\u0131k yap\u0131yor olabilir.<\/p>\n<p><img loading=\"lazy\" decoding=\"async\" class=\"alignnone wp-image-137003\" src=\"https:\/\/www.tgrthaber.com\/mavikadin\/wp-content\/uploads\/basak-imaj-2-1024x576.jpg\" alt=\"ba\u015fak - imaj \" width=\"1208\" height=\"680\" title=\"\" srcset=\"https:\/\/www.tgrthaber.com\/mavikadin\/wp-content\/uploads\/basak-imaj-2-1024x576.jpg 1024w, https:\/\/www.tgrthaber.com\/mavikadin\/wp-content\/uploads\/basak-imaj-2-300x169.jpg 300w, https:\/\/www.tgrthaber.com\/mavikadin\/wp-content\/uploads\/basak-imaj-2-768x432.jpg 768w, https:\/\/www.tgrthaber.com\/mavikadin\/wp-content\/uploads\/basak-imaj-2-1536x864.jpg 1536w, https:\/\/www.tgrthaber.com\/mavikadin\/wp-content\/uploads\/basak-imaj-2.jpg 1600w\" sizes=\"(max-width: 1208px) 100vw, 1208px\" \/><\/p>\n<hr \/>\n<p>Uzun zamand\u0131r do\u011fal k\u0131z\u0131l sa\u00e7lar\u0131yla tan\u0131nan oyuncunun, tamamen farkl\u0131 bir imajla \u00e7\u0131kmas\u0131 hayranlar\u0131nda merak uyand\u0131rd\u0131. Bu de\u011fi\u015fiklik yeni bir proje i\u00e7in mi yap\u0131ld\u0131, yoksa tamamen ki\u015fisel bir d\u00f6n\u00fc\u015f\u00fcm m\u00fc? Gibi sorular sorulmaya ba\u015fland\u0131. Ancak oyuncudan b\u00f6yle bir a\u00e7\u0131klama gelmedi. K\u0131sa sar\u0131 sa\u00e7lar\u0131, cesur ve modern bir hava katarken, bu de\u011fi\u015fimin onun kariyerine nas\u0131l yans\u0131yaca\u011f\u0131 merak konusu oldu. G\u00fczel oyuncunun hayranlar\u0131 da oyuncunun farkl\u0131 ve iddial\u0131 bir rolle ekranlara d\u00f6nebilece\u011fini d\u00fc\u015f\u00fcn\u00fcyor. \u00d6zellikle son y\u0131llarda oyunculuk kariyerinde y\u00fckseli\u015fte olan Ba\u015fak G\u00fcm\u00fclcinelio\u011flu\u2019nun, bu d\u00f6n\u00fc\u015f\u00fcm\u00fcyle yeni bir d\u00f6neme ad\u0131m att\u0131\u011f\u0131 tahmin ediliyor.<\/p>\n<p><img loading=\"lazy\" decoding=\"async\" class=\"alignnone wp-image-137004\" src=\"https:\/\/www.tgrthaber.com\/mavikadin\/wp-content\/uploads\/basak-imaj-3-1024x576.jpg\" alt=\"ba\u015fak - imaj \" width=\"1208\" height=\"680\" title=\"\" srcset=\"https:\/\/www.tgrthaber.com\/mavikadin\/wp-content\/uploads\/basak-imaj-3-1024x576.jpg 1024w, https:\/\/www.tgrthaber.com\/mavikadin\/wp-content\/uploads\/basak-imaj-3-300x169.jpg 300w, https:\/\/www.tgrthaber.com\/mavikadin\/wp-content\/uploads\/basak-imaj-3-768x432.jpg 768w, https:\/\/www.tgrthaber.com\/mavikadin\/wp-content\/uploads\/basak-imaj-3-1536x864.jpg 1536w, https:\/\/www.tgrthaber.com\/mavikadin\/wp-content\/uploads\/basak-imaj-3.jpg 1600w\" sizes=\"(max-width: 1208px) 100vw, 1208px\" \/><\/p>\n<hr \/>\n<h3 id=\"h_6728110317791707286254371\">BA\u015eAK G\u00dcM\u00dcLC\u0130NEL\u0130O\u011eLU&#8217;NUN <strong>ROL ALDI\u011eI PROJELER <\/strong><\/h3>\n<ul>\n<li>Sen \u00c7al Kap\u0131m\u0131<\/li>\n<li>Sipahi<\/li>\n<li>Yarg\u0131<\/li>\n<li>Sen, Ben O<\/li>\n<li>Erkenci Ku\u015f<\/li>\n<li>Bizden Olur Mu?<\/li>\n<li>Yar\u0131m Kalan A\u015fklar<\/li>\n<li>Sekizinci G\u00fcn<\/li>\n<li>A\u015fk Laftan Anlamaz<\/li>\n<\/ul>\n","protected":false},"excerpt":{"rendered":"<p>Ba\u015far\u0131l\u0131 oyunculu\u011fuyla ve k\u0131z\u0131l sa\u00e7lar\u0131yla tan\u0131d\u0131\u011f\u0131m\u0131z g\u00fczel oyuncu Ba\u015fak G\u00fcm\u00fclcinelio\u011flu, imaj de\u011fi\u015fikli\u011fine gitti. Sosyal medya hesab\u0131ndan yeni imaj\u0131n\u0131 yay\u0131nlayan G\u00fcm\u00fclcinelio\u011flu, takip\u00e7ileri taraf\u0131ndan \u015fok i\u00e7inde kar\u015f\u0131land\u0131. Takip\u00e7ileri bu imaj de\u011fi\u015fikli\u011fi kar\u015f\u0131s\u0131nda yeni projeler mi geliyor diye d\u00fc\u015f\u00fcnmeye ba\u015flad\u0131lar.\u00a0<\/p>\n","protected":false},"author":34,"featured_media":137002,"comment_status":"closed","ping_status":"closed","sticky":false,"template":"","format":"standard","meta":{"rank_math_lock_modified_date":false,"footnotes":""},"categories":[76],"tags":[3020,11675,3627],"class_list":["post-137001","post","type-post","status-publish","format-standard","has-post-thumbnail","hentry","category-magazin","tag-basak-gumulcinelioglu","tag-basak-gumulcinelioglu-imaji","tag-yeni-imaj"],"_links":{"self":[{"href":"https:\/\/www.tgrthaber.com\/mavikadin\/wp-json\/wp\/v2\/posts\/137001"}],"collection":[{"href":"https:\/\/www.tgrthaber.com\/mavikadin\/wp-json\/wp\/v2\/posts"}],"about":[{"href":"https:\/\/www.tgrthaber.com\/mavikadin\/wp-json\/wp\/v2\/types\/post"}],"author":[{"embeddable":true,"href":"https:\/\/www.tgrthaber.com\/mavikadin\/wp-json\/wp\/v2\/users\/34"}],"replies":[{"embeddable":true,"href":"https:\/\/www.tgrthaber.com\/mavikadin\/wp-json\/wp\/v2\/comments?post=137001"}],"version-history":[{"count":3,"href":"https:\/\/www.tgrthaber.com\/mavikadin\/wp-json\/wp\/v2\/posts\/137001\/revisions"}],"predecessor-version":[{"id":137021,"href":"https:\/\/www.tgrthaber.com\/mavikadin\/wp-json\/wp\/v2\/posts\/137001\/revisions\/137021"}],"wp:featuredmedia":[{"embeddable":true,"href":"https:\/\/www.tgrthaber.com\/mavikadin\/wp-json\/wp\/v2\/media\/137002"}],"wp:attachment":[{"href":"https:\/\/www.tgrthaber.com\/mavikadin\/wp-json\/wp\/v2\/media?parent=137001"}],"wp:term":[{"taxonomy":"category","embeddable":true,"href":"https:\/\/www.tgrthaber.com\/mavikadin\/wp-json\/wp\/v2\/categories?post=137001"},{"taxonomy":"post_tag","embeddable":true,"href":"https:\/\/www.tgrthaber.com\/mavikadin\/wp-json\/wp\/v2\/tags?post=137001"}],"curies":[{"name":"wp","href":"https:\/\/api.w.org\/{rel}","templated":true}]}}