{"id":137008,"date":"2025-02-22T17:59:54","date_gmt":"2025-02-22T14:59:54","guid":{"rendered":"https:\/\/www.tgrthaber.com\/mavikadin\/?p=137008"},"modified":"2025-02-22T17:59:54","modified_gmt":"2025-02-22T14:59:54","slug":"elon-muska-velayet-davasinda-sok-iddialar-13-kez-baba-oldu","status":"publish","type":"post","link":"https:\/\/www.tgrthaber.com\/mavikadin\/elon-muska-velayet-davasinda-sok-iddialar-13-kez-baba-oldu\/","title":{"rendered":"Elon Musk\u2019a velayet davas\u0131nda \u015fok iddialar! 13. kez baba oldu!"},"content":{"rendered":"<p class=\"p1\">D\u00fcnyan\u0131n en zengin i\u015f insanlar\u0131ndan biri olan Elon Musk, yaln\u0131zca teknoloji ve uzay projeleriyle de\u011fil, \u00f6zel hayat\u0131yla da s\u0131k s\u0131k g\u00fcndeme geliyor. Son olarak, \u00fcnl\u00fc yazar Ashley St. Clair, Musk\u2019a kar\u015f\u0131 \u00e7ocuklar\u0131n\u0131n velayeti i\u00e7in dava a\u00e7t\u0131\u011f\u0131n\u0131 a\u00e7\u0131klad\u0131. Be\u015f ay \u00f6nce bir bebek d\u00fcnyaya getirdi\u011fini s\u00f6yleyen St. Clair, \u00e7ocu\u011fun babas\u0131n\u0131n Elon Musk oldu\u011funu iddia etti ve milyarderin bebe\u011fin bak\u0131m\u0131nda hi\u00e7bir rol almad\u0131\u011f\u0131n\u0131 \u00f6ne s\u00fcrd\u00fc. Dava s\u00fcreci devam ederken, Musk\u2019\u0131n gizli kalan bu \u00e7ocu\u011fuyla ilgili verece\u011fi kararlar merak konusu oldu. \u0130\u015fte, t\u00fcm detaylar\u0131yla Elon Musk\u2019a a\u00e7\u0131lan velayet davas\u0131\u2026<\/p>\n<h3 class=\"p1\"><b>ELON MUSK 13.KEZ BABA OLDU\u00a0<\/b><\/h3>\n<p class=\"p1\">Elon Musk, i\u015f d\u00fcnyas\u0131ndaki ba\u015far\u0131lar\u0131 kadar \u00f6zel hayat\u0131yla da s\u0131k s\u0131k ad\u0131ndan s\u00f6z ettiriyor. Ge\u00e7ti\u011fimiz y\u0131l Neuralink y\u00f6neticisi Shivon Zilis ile \u00fc\u00e7\u00fcnc\u00fc \u00e7ocu\u011funu kuca\u011f\u0131na alan 53 ya\u015f\u0131ndaki milyarder, bu kez Ashley St. Clair ile bir bebek sahibi oldu\u011funu a\u00e7\u0131klad\u0131. Musk\u2019\u0131n \u00e7ocu\u011funun, Eyl\u00fcl 2024\u2019te d\u00fcnyaya geldi\u011fi ve bug\u00fcne kadar gizli tutuldu\u011fu \u00f6\u011frenildi. Yazar Ashley St. Clair, 21 \u015eubat\u2019ta New York Y\u00fcksek Mahkemesi\u2019ne ba\u015fvurarak \u00e7ocu\u011funun velayetini almak i\u00e7in dava a\u00e7t\u0131. Dilek\u00e7esinde, Elon Musk\u2019\u0131n do\u011fum s\u0131ras\u0131nda bulunmad\u0131\u011f\u0131n\u0131 ve bebe\u011fin bak\u0131m\u0131nda herhangi bir rol almad\u0131\u011f\u0131n\u0131 \u00f6ne s\u00fcrd\u00fc.<\/p>\n<p><img loading=\"lazy\" decoding=\"async\" class=\"alignnone wp-image-137013 \" src=\"https:\/\/www.tgrthaber.com\/mavikadin\/wp-content\/uploads\/Ekran-Resmi-2025-02-22-17.53.14.png\" alt=\"\" width=\"993\" height=\"563\" title=\"\" srcset=\"https:\/\/www.tgrthaber.com\/mavikadin\/wp-content\/uploads\/Ekran-Resmi-2025-02-22-17.53.14.png 972w, https:\/\/www.tgrthaber.com\/mavikadin\/wp-content\/uploads\/Ekran-Resmi-2025-02-22-17.53.14-300x170.png 300w, https:\/\/www.tgrthaber.com\/mavikadin\/wp-content\/uploads\/Ekran-Resmi-2025-02-22-17.53.14-768x435.png 768w\" sizes=\"(max-width: 993px) 100vw, 993px\" \/><\/p>\n<hr \/>\n<h3 class=\"p1\"><b>VELAYET DAVASINDA \u015eOK \u0130DD\u0130ALAR!\u00a0<\/b><b><\/b><\/h3>\n<p class=\"p1\">St. Clair\u2019in mahkemeye sundu\u011fu belgelerde, Musk\u2019\u0131n \u00e7ocu\u011fun babas\u0131 oldu\u011funu yaz\u0131l\u0131 olarak kabul etti\u011fini iddia etti\u011fi ortaya \u00e7\u0131kt\u0131. Ayr\u0131ca, Musk\u2019\u0131n kendisine g\u00f6nderilen bebe\u011fin foto\u011fraf\u0131na \u201cBu hafta sonu seni ve onu g\u00f6rmeyi d\u00f6rt g\u00f6zle bekliyorum\u201d diye cevap verdi\u011fi de belgelerde yer ald\u0131. Bununla birlikte, St. Clair, Elon Musk\u2019\u0131n \u00e7ocu\u011fu ile sadece \u00fc\u00e7 kez g\u00f6r\u00fc\u015ft\u00fc\u011f\u00fcn\u00fc ve g\u00fcvenlik konusunda hassas oldu\u011fu i\u00e7in g\u00f6r\u00fc\u015fmelerin k\u0131s\u0131tl\u0131 oldu\u011funu \u00f6ne s\u00fcrd\u00fc. Musk\u2019\u0131n \u201cBir hata yaparsam, bebek babas\u0131n\u0131 asla tan\u0131yamaz\u201d dedi\u011fi de iddialar aras\u0131nda yer ald\u0131.<\/p>\n<p><img loading=\"lazy\" decoding=\"async\" class=\"alignnone wp-image-137014 size-full\" src=\"https:\/\/www.tgrthaber.com\/mavikadin\/wp-content\/uploads\/Ekran-Resmi-2025-02-22-17.53.08.png\" alt=\"\" width=\"998\" height=\"632\" title=\"\" srcset=\"https:\/\/www.tgrthaber.com\/mavikadin\/wp-content\/uploads\/Ekran-Resmi-2025-02-22-17.53.08.png 998w, https:\/\/www.tgrthaber.com\/mavikadin\/wp-content\/uploads\/Ekran-Resmi-2025-02-22-17.53.08-300x190.png 300w, https:\/\/www.tgrthaber.com\/mavikadin\/wp-content\/uploads\/Ekran-Resmi-2025-02-22-17.53.08-768x486.png 768w\" sizes=\"(max-width: 998px) 100vw, 998px\" \/><\/p>\n<hr \/>\n<h3 class=\"p1\"><b>MUSK \u00c7OCU\u011eUN VARLI\u011eINI DO\u011eRULADI\u00a0<\/b><\/h3>\n<p class=\"p1\">X (eski ad\u0131yla Twitter) platformunda payla\u015f\u0131m yapan St. Clair, \u00e7ocu\u011funun babas\u0131n\u0131n Elon Musk oldu\u011funu ilk kez a\u00e7\u0131klad\u0131. Payla\u015f\u0131m\u0131nda \u015fu ifadeleri kulland\u0131: \u201cBe\u015f ay \u00f6nce d\u00fcnyaya bir bebek getirdim. Babas\u0131 Elon Musk. \u00c7ocu\u011fumuzun mahremiyetini ve g\u00fcvenli\u011fini korumak i\u00e7in bunu daha \u00f6nce a\u00e7\u0131klamam\u0131\u015ft\u0131m. Ancak son g\u00fcnlerde medya, verece\u011fi zarar\u0131 d\u00fc\u015f\u00fcnmeksizin bunu duyurmaya haz\u0131rlan\u0131yordu.\u201d<i><\/i><\/p>\n<p><img loading=\"lazy\" decoding=\"async\" class=\"alignnone wp-image-137015 \" src=\"https:\/\/www.tgrthaber.com\/mavikadin\/wp-content\/uploads\/Ekran-Resmi-2025-02-22-17.53.21.png\" alt=\"\" width=\"989\" height=\"570\" title=\"\" srcset=\"https:\/\/www.tgrthaber.com\/mavikadin\/wp-content\/uploads\/Ekran-Resmi-2025-02-22-17.53.21.png 980w, https:\/\/www.tgrthaber.com\/mavikadin\/wp-content\/uploads\/Ekran-Resmi-2025-02-22-17.53.21-300x173.png 300w, https:\/\/www.tgrthaber.com\/mavikadin\/wp-content\/uploads\/Ekran-Resmi-2025-02-22-17.53.21-768x444.png 768w\" sizes=\"(max-width: 989px) 100vw, 989px\" \/><\/p>\n<hr \/>\n<h3 class=\"p1\"><b>ELON MUSK&#8217;UN \u00c7OCUKLARI K\u0130MLER?<\/b><\/h3>\n<p class=\"p1\">Elon Musk\u2019\u0131n \u015fimdiye kadar d\u00fcnyaya gelen \u00e7ocuklar\u0131n\u0131n isimleri de dikkat \u00e7ekici. \u00dcnl\u00fc i\u015f insan\u0131n\u0131n \u00e7ocuklar\u0131 \u015funlar:<\/p>\n<p class=\"p1\">Nevada Alexander Musk<\/p>\n<p class=\"p1\">Vivian Jenna Wilson (\u00f6nceki ad\u0131yla Xavier Musk)<\/p>\n<p class=\"p1\">Griffin Musk<\/p>\n<p class=\"p1\">Kai Musk<\/p>\n<p class=\"p1\">Saxon Musk<\/p>\n<p class=\"p1\">Damian Musk<\/p>\n<p class=\"p1\">X \u00c6 A-12 Musk<\/p>\n<p class=\"p1\">Exa Dark Sider\u00e6l Musk<\/p>\n<p class=\"p1\">Strider Musk<\/p>\n<p class=\"p1\">Azure Musk<\/p>\n<p class=\"p1\">Techno Mechanicus Musk<\/p>\n<p class=\"p1\">\u2022R.S.C. Musk<b><\/b><\/p>\n<p class=\"p1\">\n","protected":false},"excerpt":{"rendered":"<p>D\u00fcnyaca \u00fcnl\u00fc milyarder ve SpaceX, Tesla, Neuralink gibi dev \u015firketlerin kurucusu Elon Musk, \u00f6zel hayat\u0131yla bir kez daha g\u00fcndemde. Yazar Ashley St. Clair, \u00fcnl\u00fc i\u015f insan\u0131na be\u015f ay \u00f6nce do\u011fan \u00e7ocuklar\u0131n\u0131n velayeti i\u00e7in dava a\u00e7t\u0131.\u00a0<\/p>\n","protected":false},"author":16,"featured_media":137016,"comment_status":"closed","ping_status":"closed","sticky":false,"template":"","format":"standard","meta":{"rank_math_lock_modified_date":false,"footnotes":""},"categories":[76],"tags":[11678,11679],"class_list":["post-137008","post","type-post","status-publish","format-standard","has-post-thumbnail","hentry","category-magazin","tag-elon-musk-babalik-davasi","tag-elon-musk-velayet-davasi"],"_links":{"self":[{"href":"https:\/\/www.tgrthaber.com\/mavikadin\/wp-json\/wp\/v2\/posts\/137008"}],"collection":[{"href":"https:\/\/www.tgrthaber.com\/mavikadin\/wp-json\/wp\/v2\/posts"}],"about":[{"href":"https:\/\/www.tgrthaber.com\/mavikadin\/wp-json\/wp\/v2\/types\/post"}],"author":[{"embeddable":true,"href":"https:\/\/www.tgrthaber.com\/mavikadin\/wp-json\/wp\/v2\/users\/16"}],"replies":[{"embeddable":true,"href":"https:\/\/www.tgrthaber.com\/mavikadin\/wp-json\/wp\/v2\/comments?post=137008"}],"version-history":[{"count":1,"href":"https:\/\/www.tgrthaber.com\/mavikadin\/wp-json\/wp\/v2\/posts\/137008\/revisions"}],"predecessor-version":[{"id":137017,"href":"https:\/\/www.tgrthaber.com\/mavikadin\/wp-json\/wp\/v2\/posts\/137008\/revisions\/137017"}],"wp:featuredmedia":[{"embeddable":true,"href":"https:\/\/www.tgrthaber.com\/mavikadin\/wp-json\/wp\/v2\/media\/137016"}],"wp:attachment":[{"href":"https:\/\/www.tgrthaber.com\/mavikadin\/wp-json\/wp\/v2\/media?parent=137008"}],"wp:term":[{"taxonomy":"category","embeddable":true,"href":"https:\/\/www.tgrthaber.com\/mavikadin\/wp-json\/wp\/v2\/categories?post=137008"},{"taxonomy":"post_tag","embeddable":true,"href":"https:\/\/www.tgrthaber.com\/mavikadin\/wp-json\/wp\/v2\/tags?post=137008"}],"curies":[{"name":"wp","href":"https:\/\/api.w.org\/{rel}","templated":true}]}}