{"id":137114,"date":"2025-02-22T23:01:18","date_gmt":"2025-02-22T20:01:18","guid":{"rendered":"https:\/\/www.tgrthaber.com\/mavikadin\/?p=137114"},"modified":"2025-02-23T11:56:48","modified_gmt":"2025-02-23T08:56:48","slug":"turk-dizileri-dubaide-tabiinin-dev-organizasyonunu-murat-yildirim-ve-iman-elbani-sunacak","status":"publish","type":"post","link":"https:\/\/www.tgrthaber.com\/mavikadin\/turk-dizileri-dubaide-tabiinin-dev-organizasyonunu-murat-yildirim-ve-iman-elbani-sunacak\/","title":{"rendered":"T\u00fcrk dizileri Dubai\u2019de! Tabii\u2019nin dev organizasyonunu Murat Y\u0131ld\u0131r\u0131m ve \u0130man Elbani sunacak"},"content":{"rendered":"<p class=\"p1\">TRT\u2019nin dijital platformu Tabii, MENA b\u00f6lgesi a\u00e7\u0131l\u0131\u015f\u0131yla uluslararas\u0131 alanda \u00f6nemli bir ad\u0131m at\u0131yor. E\u011flence d\u00fcnyas\u0131nda geni\u015flemesini s\u00fcrd\u00fcren platform, Dubai\u2019de d\u00fczenleyece\u011fi gala ile b\u00fcy\u00fck bir lansman ger\u00e7ekle\u015ftirecek. Murat Y\u0131ld\u0131r\u0131m ve e\u015fi \u0130man Elbani \u00e7ifti, bu \u00f6zel etkinli\u011fi beraber sunacak.<span class=\"Apple-converted-space\">\u00a0<\/span>Tabii, i\u00e7erik ar\u015fivini b\u00fcy\u00fcterek e\u011flence sekt\u00f6r\u00fcndeki yerini sa\u011flamla\u015ft\u0131rmay\u0131 hedefliyor. Lansman 24 \u015eubat Pazartesi ak\u015fam\u0131, Grand Hyatt Dubai Hotel\u2019de d\u00fczenlenecek.<\/p>\n<h3>MURAT YILDIRIM VE E\u015e\u0130 \u0130MAN ELBAN\u0130 DUBA\u0130 GALASI \u0130\u00c7\u0130N HAZIRLANIYOR<\/h3>\n<p class=\"p1\">Birsen Altunta\u015f&#8217;\u0131n haberine g\u00f6re, Murat Y\u0131ld\u0131r\u0131m, Tabii\u2019nin mart ay\u0131nda sette ba\u015flayacak dizisi Kara K\u0131\u015fta ba\u015frol oynayacak. Y\u0131ld\u0131r\u0131m, Fasl\u0131 e\u015fi \u0130man Elbani ile birlikte Dubai galas\u0131n\u0131 sunmak \u00fczere haz\u0131r. Lansman, 18.00\u2019de ba\u015flayacak ve 19.30\u2019daki ak\u015fam yeme\u011fi sonras\u0131nda 20.00\u2019de etkinlik resmi olarak ba\u015flayacak.<\/p>\n<p><img loading=\"lazy\" decoding=\"async\" class=\"alignnone wp-image-137115 \" src=\"https:\/\/www.tgrthaber.com\/mavikadin\/wp-content\/uploads\/Ekran-Resmi-2025-02-22-22.52.01.png\" alt=\"\" width=\"989\" height=\"572\" title=\"\" srcset=\"https:\/\/www.tgrthaber.com\/mavikadin\/wp-content\/uploads\/Ekran-Resmi-2025-02-22-22.52.01.png 944w, https:\/\/www.tgrthaber.com\/mavikadin\/wp-content\/uploads\/Ekran-Resmi-2025-02-22-22.52.01-300x174.png 300w, https:\/\/www.tgrthaber.com\/mavikadin\/wp-content\/uploads\/Ekran-Resmi-2025-02-22-22.52.01-768x444.png 768w\" sizes=\"(max-width: 989px) 100vw, 989px\" \/><\/p>\n<hr \/>\n<h3 class=\"p1\"><b>DUBA\u0130&#8217;YE \u00dcNL\u00dc OYUNCU AKINI\u00a0<\/b><\/h3>\n<p class=\"p1\">Lansmana kat\u0131lacak \u00fcnl\u00fcler aras\u0131nda, Cansu Dere, \u0130brahim \u00c7elikkol, G\u00fcrkan Uygun, Berk Oktay, Serkan \u00c7ayo\u011flu, \u00d6zge G\u00fcrel, Deniz Baysal, Mert Turak gibi tan\u0131nm\u0131\u015f oyuncular yer alacak. \u00a0Bir\u00e7ok \u00fcnl\u00fc oyuncu, Dubai\u2019ye yurt d\u0131\u015f\u0131ndaki bu b\u00fcy\u00fck a\u00e7\u0131l\u0131\u015f i\u00e7in kat\u0131lacak. Bu \u00f6zel etkinlik, Tabii platformunun uluslararas\u0131 b\u00fcy\u00fcmesindeki \u00f6nemli ad\u0131mlardan biri olacak.<\/p>\n<p><img loading=\"lazy\" decoding=\"async\" class=\"alignnone wp-image-137116 \" src=\"https:\/\/www.tgrthaber.com\/mavikadin\/wp-content\/uploads\/Ekran-Resmi-2025-02-22-22.52.09.png\" alt=\"\" width=\"994\" height=\"582\" title=\"\" srcset=\"https:\/\/www.tgrthaber.com\/mavikadin\/wp-content\/uploads\/Ekran-Resmi-2025-02-22-22.52.09.png 946w, https:\/\/www.tgrthaber.com\/mavikadin\/wp-content\/uploads\/Ekran-Resmi-2025-02-22-22.52.09-300x176.png 300w, https:\/\/www.tgrthaber.com\/mavikadin\/wp-content\/uploads\/Ekran-Resmi-2025-02-22-22.52.09-768x450.png 768w\" sizes=\"(max-width: 994px) 100vw, 994px\" \/><\/p>\n<hr \/>\n<h3>MURAT YILDIRIM K\u0130MD\u0130R?<\/h3>\n<p class=\"p1\">T\u00fcrk oyuncu ve sunucu Murat Y\u0131ld\u0131r\u0131m, 1979 y\u0131l\u0131nda Konya\u2019da do\u011fdu. Aslen Mardinli bir ailenin \u00e7ocu\u011fu olan Y\u0131ld\u0131r\u0131m, babas\u0131n\u0131n \u00f6\u011fretmenlik g\u00f6revi nedeniyle farkl\u0131 \u015fehirlerde b\u00fcy\u00fcd\u00fc. Y\u0131ld\u0131z Teknik \u00dcniversitesi Makine M\u00fchendisli\u011fi B\u00f6l\u00fcm\u00fc\u2019nden mezun olan oyuncu, tiyatroya olan ilgisi sayesinde \u00fcniversite y\u0131llar\u0131nda sahneye ad\u0131m att\u0131. Oyunculuk kariyerine 2003 y\u0131l\u0131nda \u00d6l\u00fcms\u00fcz A\u015fk dizisinde ald\u0131\u011f\u0131 k\u00fc\u00e7\u00fck bir rolle ba\u015flad\u0131. Daha sonra B\u00fct\u00fcn \u00c7ocuklar\u0131m ve B\u00fcy\u00fck Yalan dizilerinde oynayan Y\u0131ld\u0131r\u0131m, as\u0131l \u00e7\u0131k\u0131\u015f\u0131n\u0131 2006 y\u0131l\u0131nda ba\u015frol oynad\u0131\u011f\u0131 F\u0131rt\u0131na dizisiyle yapt\u0131. Asi ve A\u015fk ve Ceza gibi projelerle b\u00fcy\u00fck bir hayran kitlesine ula\u015ft\u0131.<\/p>\n<p><img loading=\"lazy\" decoding=\"async\" class=\"alignnone wp-image-137117 \" src=\"https:\/\/www.tgrthaber.com\/mavikadin\/wp-content\/uploads\/Ekran-Resmi-2025-02-22-22.54.19.png\" alt=\"\" width=\"994\" height=\"567\" title=\"\" srcset=\"https:\/\/www.tgrthaber.com\/mavikadin\/wp-content\/uploads\/Ekran-Resmi-2025-02-22-22.54.19.png 954w, https:\/\/www.tgrthaber.com\/mavikadin\/wp-content\/uploads\/Ekran-Resmi-2025-02-22-22.54.19-300x171.png 300w, https:\/\/www.tgrthaber.com\/mavikadin\/wp-content\/uploads\/Ekran-Resmi-2025-02-22-22.54.19-768x438.png 768w\" sizes=\"(max-width: 994px) 100vw, 994px\" \/><\/p>\n<hr \/>\n<h3><strong>\u0130MAN ELBAN\u0130 K\u0130MD\u0130R?\u00a0<\/strong><\/h3>\n<p class=\"p1\">Aslen Fasl\u0131 olan \u0130man Elbani, 1987 y\u0131l\u0131nda do\u011fdu. 2008 y\u0131l\u0131nda Fas\u2019ta d\u00fczenlenen g\u00fczellik yar\u0131\u015fmas\u0131na kat\u0131larak krali\u00e7e se\u00e7ildi ve b\u00fcy\u00fck bir \u00e7\u0131k\u0131\u015f yapt\u0131. Ayn\u0131 y\u0131l Miss Arab World yar\u0131\u015fmas\u0131nda da birincilik kazanarak ad\u0131n\u0131 uluslararas\u0131 arenada duyurdu.<\/p>\n<p><img loading=\"lazy\" decoding=\"async\" class=\"alignnone wp-image-137118 \" src=\"https:\/\/www.tgrthaber.com\/mavikadin\/wp-content\/uploads\/Ekran-Resmi-2025-02-22-22.55.15.png\" alt=\"\" width=\"989\" height=\"565\" title=\"\" srcset=\"https:\/\/www.tgrthaber.com\/mavikadin\/wp-content\/uploads\/Ekran-Resmi-2025-02-22-22.55.15.png 966w, https:\/\/www.tgrthaber.com\/mavikadin\/wp-content\/uploads\/Ekran-Resmi-2025-02-22-22.55.15-300x171.png 300w, https:\/\/www.tgrthaber.com\/mavikadin\/wp-content\/uploads\/Ekran-Resmi-2025-02-22-22.55.15-768x439.png 768w\" sizes=\"(max-width: 989px) 100vw, 989px\" \/><\/p>\n<hr \/>\n<p class=\"p1\">E\u011fitim hayat\u0131n\u0131 Londra\u2019da s\u00fcrd\u00fcren Elbani, bu s\u00fcre\u00e7te M\u0131s\u0131r ve Fas\u2019ta \u00e7e\u015fitli dizi ve reklam projelerinde yer ald\u0131. Oyunculuk ve modellik kariyerinde ba\u015far\u0131l\u0131 ad\u0131mlar atan Elbani, 2016 y\u0131l\u0131nda T\u00fcrk oyuncu Murat Y\u0131ld\u0131r\u0131m ile g\u00f6rkemli bir d\u00fc\u011f\u00fcnle evlendi.<\/p>\n","protected":false},"excerpt":{"rendered":"<p>TRT\u2019nin dijital platformu Tabii, MENA b\u00f6lgesine a\u00e7\u0131l\u0131m yaparak k\u00fcresel \u00e7apta \u00f6nemli bir ad\u0131m at\u0131yor. E\u011flence sekt\u00f6r\u00fcndeki varl\u0131\u011f\u0131n\u0131 geni\u015fletmeyi ama\u00e7layan platform, Dubai\u2019de d\u00fczenlenecek \u00f6zel bir gala ile uluslararas\u0131 lansman\u0131n\u0131 ger\u00e7ekle\u015ftirecek. Gecenin sunuculu\u011funu ise \u00fcnl\u00fc oyuncu Murat Y\u0131ld\u0131r\u0131m ve e\u015fi \u0130man Elbani \u00fcstlenecek.<\/p>\n","protected":false},"author":16,"featured_media":137119,"comment_status":"closed","ping_status":"closed","sticky":false,"template":"","format":"standard","meta":{"rank_math_lock_modified_date":false,"footnotes":""},"categories":[76],"tags":[11711,11712,11710],"class_list":["post-137114","post","type-post","status-publish","format-standard","has-post-thumbnail","hentry","category-magazin","tag-murat-yildirim-iman-elbani-dubai","tag-murat-yildirim-iman-elbani-gala-sunacak","tag-murat-yildirim-iman-elbani-tabii-dubai-galasi"],"_links":{"self":[{"href":"https:\/\/www.tgrthaber.com\/mavikadin\/wp-json\/wp\/v2\/posts\/137114"}],"collection":[{"href":"https:\/\/www.tgrthaber.com\/mavikadin\/wp-json\/wp\/v2\/posts"}],"about":[{"href":"https:\/\/www.tgrthaber.com\/mavikadin\/wp-json\/wp\/v2\/types\/post"}],"author":[{"embeddable":true,"href":"https:\/\/www.tgrthaber.com\/mavikadin\/wp-json\/wp\/v2\/users\/16"}],"replies":[{"embeddable":true,"href":"https:\/\/www.tgrthaber.com\/mavikadin\/wp-json\/wp\/v2\/comments?post=137114"}],"version-history":[{"count":2,"href":"https:\/\/www.tgrthaber.com\/mavikadin\/wp-json\/wp\/v2\/posts\/137114\/revisions"}],"predecessor-version":[{"id":137195,"href":"https:\/\/www.tgrthaber.com\/mavikadin\/wp-json\/wp\/v2\/posts\/137114\/revisions\/137195"}],"wp:featuredmedia":[{"embeddable":true,"href":"https:\/\/www.tgrthaber.com\/mavikadin\/wp-json\/wp\/v2\/media\/137119"}],"wp:attachment":[{"href":"https:\/\/www.tgrthaber.com\/mavikadin\/wp-json\/wp\/v2\/media?parent=137114"}],"wp:term":[{"taxonomy":"category","embeddable":true,"href":"https:\/\/www.tgrthaber.com\/mavikadin\/wp-json\/wp\/v2\/categories?post=137114"},{"taxonomy":"post_tag","embeddable":true,"href":"https:\/\/www.tgrthaber.com\/mavikadin\/wp-json\/wp\/v2\/tags?post=137114"}],"curies":[{"name":"wp","href":"https:\/\/api.w.org\/{rel}","templated":true}]}}