{"id":137141,"date":"2025-02-23T00:44:11","date_gmt":"2025-02-22T21:44:11","guid":{"rendered":"https:\/\/www.tgrthaber.com\/mavikadin\/?p=137141"},"modified":"2025-02-23T09:03:14","modified_gmt":"2025-02-23T06:03:14","slug":"melike-sahin-o-ses-turkiyenin-sifresini-cozdu-yarismacilari-kendine-baglama-yontemi-sosyal-medyada-gundem-oldu","status":"publish","type":"post","link":"https:\/\/www.tgrthaber.com\/mavikadin\/melike-sahin-o-ses-turkiyenin-sifresini-cozdu-yarismacilari-kendine-baglama-yontemi-sosyal-medyada-gundem-oldu\/","title":{"rendered":"Melike \u015eahin O Ses T\u00fcrkiye&#8217;nin \u015fifresini \u00e7\u00f6zd\u00fc! Yar\u0131\u015fmac\u0131lar\u0131 kendine ba\u011flama y\u00f6ntemi sosyal medyada g\u00fcndem oldu!"},"content":{"rendered":"<p class=\"p1\">O Ses T\u00fcrkiye\u2019nin yeni sezonu, j\u00fcri kadrosundaki de\u011fi\u015fikliklerle b\u00fcy\u00fck ilgi \u00e7ekerken, program\u0131n yeni j\u00fcri \u00fcyesi Melike \u015eahin yar\u0131\u015fman\u0131n en dikkat \u00e7eken isimlerinden biri haline geldi. Ba\u015far\u0131l\u0131 m\u00fczikal kariyeriyle geni\u015f bir hayran kitlesine sahip olan sanat\u00e7\u0131, yar\u0131\u015fmac\u0131lar \u00fczerindeki etkisiyle de ad\u0131ndan s\u00f6z ettiriyor. O Ses T\u00fcrkiye\u2019nin \u015fifresini \u00e7\u00f6zen Melike \u015eahin, uygulad\u0131\u011f\u0131 taktikle yar\u0131\u015fmac\u0131lar\u0131 kendi tak\u0131m\u0131na \u00e7ekmeyi ba\u015far\u0131yor.<\/p>\n<h3 class=\"p1\"><b>MEL\u0130KE \u015eAH\u0130N O SES T\u00dcRK\u0130YE&#8217;N\u0130N \u015e\u0130FRES\u0130N\u0130 \u00c7\u00d6ZD\u00dc <\/b><\/h3>\n<p class=\"p1\">Yar\u0131\u015fmac\u0131lar\u0131 kendine \u00e7ekme konusunda olduk\u00e7a ba\u015far\u0131l\u0131 bir yol izleyen Melike \u015eahin, kendisini se\u00e7en her yar\u0131\u015fmac\u0131yla d\u00fcet yaparak onlara sahnede \u00f6zel bir an ya\u015fat\u0131yor. Bu jestiyle sadece yar\u0131\u015fmac\u0131lar\u0131 de\u011fil, ayn\u0131 zamanda izleyicileri de etkileyen sanat\u00e7\u0131, O Ses T\u00fcrkiye\u2019nin reytinglerini art\u0131ran isimlerden biri haline geldi.<\/p>\n<div style=\"width: 640px;\" class=\"wp-video\"><!--[if lt IE 9]><script>document.createElement('video');<\/script><![endif]-->\n<video class=\"wp-video-shortcode\" id=\"video-137141-1\" width=\"640\" height=\"1138\" preload=\"metadata\" controls=\"controls\"><source type=\"video\/mp4\" src=\"https:\/\/www.tgrthaber.com\/mavikadin\/wp-content\/uploads\/melike.mp4?_=1\" \/><a href=\"https:\/\/www.tgrthaber.com\/mavikadin\/wp-content\/uploads\/melike.mp4\">https:\/\/www.tgrthaber.com\/mavikadin\/wp-content\/uploads\/melike.mp4<\/a><\/video><\/div>\n<h3 class=\"p1\"><b>SOSYAL MEDYADA G\u00dcNDEM OLDU\u00a0<\/b><b><\/b><\/h3>\n<p class=\"p1\">Melike \u015eahin\u2019in yar\u0131\u015fmac\u0131larla d\u00fcet yaparak onlar\u0131 kendi tak\u0131m\u0131na \u00e7ekmesi sosyal medyada da b\u00fcy\u00fck yank\u0131 uyand\u0131rd\u0131. \u201cOnu se\u00e7en kazan\u0131r\u201d yorumlar\u0131 yap\u0131l\u0131rken, bir\u00e7ok izleyici onun yar\u0131\u015fmaya farkl\u0131 bir enerji katt\u0131\u011f\u0131n\u0131 d\u00fc\u015f\u00fcn\u00fcyor. Program\u0131n ikinci b\u00f6l\u00fcm\u00fcnde de, yine yar\u0131\u015fmac\u0131lar\u0131n onu se\u00e7me oran\u0131n\u0131n di\u011fer j\u00fcri \u00fcyelerine k\u0131yasla daha y\u00fcksek oldu\u011fu g\u00f6zlemlendi.<\/p>\n<p><img loading=\"lazy\" decoding=\"async\" class=\"alignnone wp-image-137144 \" src=\"https:\/\/www.tgrthaber.com\/mavikadin\/wp-content\/uploads\/Ekran-Resmi-2025-02-23-00.39.10.png\" alt=\"\" width=\"987\" height=\"571\" title=\"\" srcset=\"https:\/\/www.tgrthaber.com\/mavikadin\/wp-content\/uploads\/Ekran-Resmi-2025-02-23-00.39.10.png 954w, https:\/\/www.tgrthaber.com\/mavikadin\/wp-content\/uploads\/Ekran-Resmi-2025-02-23-00.39.10-300x174.png 300w, https:\/\/www.tgrthaber.com\/mavikadin\/wp-content\/uploads\/Ekran-Resmi-2025-02-23-00.39.10-768x444.png 768w\" sizes=\"(max-width: 987px) 100vw, 987px\" \/><\/p>\n<hr \/>\n<h3 class=\"p1\">MEL\u0130KE \u015eAH\u0130N REYT\u0130NGLER\u0130 U\u00c7URUYOR<\/h3>\n<p class=\"p1\">Yar\u0131\u015fmac\u0131lar\u0131 kendine \u00e7ekme konusunda olduk\u00e7a ba\u015far\u0131l\u0131 bir yol izleyen \u015eahin, kendisini se\u00e7en her yar\u0131\u015fmac\u0131yla d\u00fcet yaparak onlara sahnede \u00f6zel bir an ya\u015fat\u0131yor. Bu jestiyle sadece yar\u0131\u015fmac\u0131lar\u0131 de\u011fil, ayn\u0131 zamanda izleyicileri de etkileyen sanat\u00e7\u0131, O Ses T\u00fcrkiye\u2019nin reytinglerini art\u0131ran isimlerden biri haline geldi.<\/p>\n<p><img loading=\"lazy\" decoding=\"async\" class=\"alignnone wp-image-137143 \" src=\"https:\/\/www.tgrthaber.com\/mavikadin\/wp-content\/uploads\/Ekran-Resmi-2025-02-23-00.39.04.png\" alt=\"\" width=\"995\" height=\"621\" title=\"\" srcset=\"https:\/\/www.tgrthaber.com\/mavikadin\/wp-content\/uploads\/Ekran-Resmi-2025-02-23-00.39.04.png 888w, https:\/\/www.tgrthaber.com\/mavikadin\/wp-content\/uploads\/Ekran-Resmi-2025-02-23-00.39.04-300x187.png 300w, https:\/\/www.tgrthaber.com\/mavikadin\/wp-content\/uploads\/Ekran-Resmi-2025-02-23-00.39.04-768x479.png 768w\" sizes=\"(max-width: 995px) 100vw, 995px\" \/><\/p>\n<hr \/>\n<h3 class=\"p1\">MEL\u0130KE \u015eAH\u0130N K\u0130MD\u0130R?<\/h3>\n<p class=\"p1\">Melike \u015eahin, 18 Nisan 1989\u2019da \u0130stanbul\u2019da do\u011fan, s\u00f6z yazarl\u0131\u011f\u0131, bestecili\u011fi ve g\u00fc\u00e7l\u00fc sesiyle m\u00fczik d\u00fcnyas\u0131nda kendine \u00f6nemli bir yer edinen bir sanat\u00e7\u0131d\u0131r. Aslen Sivas Divri\u011fi k\u00f6kenli olan \u015eahin, k\u00fc\u00e7\u00fck ya\u015flardan itibaren m\u00fczi\u011fe b\u00fcy\u00fck bir tutku ile ba\u011fland\u0131. E\u011fitim hayat\u0131n\u0131 Be\u015fikta\u015f Atat\u00fcrk Anadolu Lisesi\u2019nde s\u00fcrd\u00fcr\u00fcrken, m\u00fczik konusundaki yetene\u011fini geli\u015ftirmek amac\u0131yla \u00c7a\u011fda\u015f M\u00fczik Merkezi\u2019nde Timur Sel\u00e7uk\u2019tan \u015fan dersleri ald\u0131 ve b\u00f6ylece profesyonel m\u00fczik kariyerine ilk ad\u0131m\u0131n\u0131 att\u0131.<\/p>\n","protected":false},"excerpt":{"rendered":"<p>O Ses T\u00fcrkiye\u2019nin j\u00fcri koltu\u011funa oturan Melike \u015eahin, yar\u0131\u015fmac\u0131larla kurdu\u011fu ba\u011f ve her se\u00e7ti\u011fi isimle d\u00fcet yapma stratejisiyle dikkatleri \u00fczerine \u00e7ekti. Sahnedeki enerjisi ve ses uyumu, yar\u0131\u015fmac\u0131lar\u0131n onu tercih etmesinde b\u00fcy\u00fck rol oynarken, sosyal medyada da bu y\u00f6ntemi g\u00fcndem oldu.<\/p>\n","protected":false},"author":16,"featured_media":137148,"comment_status":"closed","ping_status":"closed","sticky":false,"template":"","format":"standard","meta":{"rank_math_lock_modified_date":false,"footnotes":""},"categories":[101],"tags":[11719,7667,11720],"class_list":["post-137141","post","type-post","status-publish","format-standard","has-post-thumbnail","hentry","category-kesfet","tag-melike-sahin-o-ses-turkiye-strateji","tag-o-ses-turkiye-melike-sahin","tag-o-ses-turkiye-melike-sahin-duet"],"_links":{"self":[{"href":"https:\/\/www.tgrthaber.com\/mavikadin\/wp-json\/wp\/v2\/posts\/137141"}],"collection":[{"href":"https:\/\/www.tgrthaber.com\/mavikadin\/wp-json\/wp\/v2\/posts"}],"about":[{"href":"https:\/\/www.tgrthaber.com\/mavikadin\/wp-json\/wp\/v2\/types\/post"}],"author":[{"embeddable":true,"href":"https:\/\/www.tgrthaber.com\/mavikadin\/wp-json\/wp\/v2\/users\/16"}],"replies":[{"embeddable":true,"href":"https:\/\/www.tgrthaber.com\/mavikadin\/wp-json\/wp\/v2\/comments?post=137141"}],"version-history":[{"count":1,"href":"https:\/\/www.tgrthaber.com\/mavikadin\/wp-json\/wp\/v2\/posts\/137141\/revisions"}],"predecessor-version":[{"id":137145,"href":"https:\/\/www.tgrthaber.com\/mavikadin\/wp-json\/wp\/v2\/posts\/137141\/revisions\/137145"}],"wp:featuredmedia":[{"embeddable":true,"href":"https:\/\/www.tgrthaber.com\/mavikadin\/wp-json\/wp\/v2\/media\/137148"}],"wp:attachment":[{"href":"https:\/\/www.tgrthaber.com\/mavikadin\/wp-json\/wp\/v2\/media?parent=137141"}],"wp:term":[{"taxonomy":"category","embeddable":true,"href":"https:\/\/www.tgrthaber.com\/mavikadin\/wp-json\/wp\/v2\/categories?post=137141"},{"taxonomy":"post_tag","embeddable":true,"href":"https:\/\/www.tgrthaber.com\/mavikadin\/wp-json\/wp\/v2\/tags?post=137141"}],"curies":[{"name":"wp","href":"https:\/\/api.w.org\/{rel}","templated":true}]}}