{"id":137176,"date":"2025-02-23T11:27:20","date_gmt":"2025-02-23T08:27:20","guid":{"rendered":"https:\/\/www.tgrthaber.com\/mavikadin\/?p=137176"},"modified":"2025-02-23T11:27:20","modified_gmt":"2025-02-23T08:27:20","slug":"cagri-sensoy-ve-buse-arslan-ciftinin-kizlarinin-ismi-belli-oldu","status":"publish","type":"post","link":"https:\/\/www.tgrthaber.com\/mavikadin\/cagri-sensoy-ve-buse-arslan-ciftinin-kizlarinin-ismi-belli-oldu\/","title":{"rendered":"\u00c7a\u011fr\u0131 \u015eensoy ve Buse Arslan \u00e7iftinin k\u0131zlar\u0131n\u0131n ismi belli oldu!"},"content":{"rendered":"<p>Kurulu\u015f Osman dizisinin setinde ba\u015flayan arkada\u015fl\u0131klar\u0131 a\u015fka d\u00f6n\u00fc\u015fen \u00c7a\u011fr\u0131 \u015eensoy ve Buse Arslan \u00e7iftinin, k\u0131zlar\u0131n\u0131n ismi belli oldu. Kurulu\u015f Osman dizisinde \u201cCerkutay\u201d karakterini oynayan \u00c7a\u011fr\u0131 \u015eensoy, kendisi gibi oyuncu olan e\u015fi Buse Arslan ile yak\u0131n zamanda k\u0131zlar\u0131n\u0131 kucaklar\u0131na almaya haz\u0131rlan\u0131yor.\u00a0\u00c7iftin k\u0131zlar\u0131na verecekleri isim de bir hayli merak ediliyor. Peki, \u00c7a\u011fr\u0131 \u015eensoy ve Buse Arslan \u00e7iftinin k\u0131zlar\u0131na verecekleri isim ne oldu? \u0130\u015fte \u00c7a\u011fr\u0131 \u015eensoy ve Buse Arslan \u00e7iftinin k\u0131zlar\u0131na verecekleri isim\u2026<\/p>\n<h3>\u00c7A\u011eRI \u015eENSOY VE BUSE ARSLAN \u00c7\u0130FT\u0130N\u0130N KIZLARININ \u0130SM\u0130 BELL\u0130 OLDU!<\/h3>\n<p>ATV ekranlar\u0131n\u0131n reyting rekortmeni dizisi Kurulu\u015f Osman\u2019da ba\u015flayan arkada\u015fl\u0131klar\u0131 a\u015fka d\u00f6n\u00fc\u015fen \u00c7a\u011fr\u0131 \u015eensoy ve Buse Arslan \u00e7iftinin, yak\u0131n zamanda kucaklar\u0131na alacaklar\u0131 k\u0131zlar\u0131n\u0131n ismi belli oldu. Kurulu\u015f Osman dizisinde \u201cAyg\u00fcl Hatun\u201d rol\u00fcn\u00fc \u00fcstlenen Buse Arslan, 2 sezon \u00f6nce diziye veda etmi\u015fti. \u015eimdilerde Kurulu\u015f Osman dizisinde \u201cCerkutay\u201d karakterini oynayan \u00c7a\u011fr\u0131 \u015eensoy, kendisi gibi oyuncu olan e\u015fi Buse Arslan ile ge\u00e7ti\u011fimiz y\u0131llarda Bolu\u2019da muhte\u015fem bir k\u0131r d\u00fc\u011f\u00fcn\u00fcyle d\u00fcnyaevine girmi\u015fti.<\/p>\n<p><img loading=\"lazy\" decoding=\"async\" class=\"alignnone wp-image-137182\" src=\"https:\/\/www.tgrthaber.com\/mavikadin\/wp-content\/uploads\/Buse-Arslan-2-1024x576.jpg\" alt=\"\u00c7a\u011fr\u0131 \u015eensoy ve Buse Arslan \u00e7iftinin k\u0131zlar\u0131n\u0131n ismi belli oldu! \" width=\"1208\" height=\"680\" title=\"\" srcset=\"https:\/\/www.tgrthaber.com\/mavikadin\/wp-content\/uploads\/Buse-Arslan-2-1024x576.jpg 1024w, https:\/\/www.tgrthaber.com\/mavikadin\/wp-content\/uploads\/Buse-Arslan-2-300x169.jpg 300w, https:\/\/www.tgrthaber.com\/mavikadin\/wp-content\/uploads\/Buse-Arslan-2-768x432.jpg 768w, https:\/\/www.tgrthaber.com\/mavikadin\/wp-content\/uploads\/Buse-Arslan-2-1536x864.jpg 1536w, https:\/\/www.tgrthaber.com\/mavikadin\/wp-content\/uploads\/Buse-Arslan-2.jpg 1600w\" sizes=\"(max-width: 1208px) 100vw, 1208px\" \/><\/p>\n<hr \/>\n<p>\u015eimdilerde anne ve baba olman\u0131n heyecan\u0131n\u0131 ya\u015fayan \u00c7a\u011fr\u0131 \u015eensoy ve Buse Arslan \u00e7ifti, do\u011facak bebeklerine verecekleri isme de karar verdi. Bir k\u0131z \u00e7ocuklar\u0131 olacaklar\u0131n\u0131 duyuran \u00fcnl\u00fc oyuncu \u00e7ift, k\u0131zlar\u0131na verecekleri ismi kesinle\u015ftirdi. Gazeteci Birsen Altunta\u015f\u2019\u0131n haberine g\u00f6re; \u00c7a\u011fr\u0131 \u015eensoy ve Buse Arslan \u00e7ifti, k\u0131zlar\u0131na \u201cYaz\u201d ismini verecek. K\u0131zlar\u0131n\u0131 kucaklar\u0131na almak i\u00e7in g\u00fcn sayan \u00fcnl\u00fc oyuncu \u00e7ift, bebekleriyle bulu\u015fmak i\u00e7in sab\u0131rs\u0131zlan\u0131yor.<\/p>\n<h3>BUSE ARSLAN KARNI BURNUNDA KAMERA KAR\u015eISINA GE\u00c7T\u0130!<\/h3>\n<p>\u00c7a\u011fr\u0131 \u015eensoy ve Buse Arslan \u00e7ifti mutlu beraberliklerini bebek haberiyle ta\u00e7land\u0131rm\u0131\u015ft\u0131. Bir k\u0131z \u00e7ocu\u011fu beklediklerini duyuran \u00fcnl\u00fc oyuncu \u00e7iftin, bebeklerine verecekleri isimde kesinle\u015fti. K\u0131zlar\u0131na \u201cYaz\u201d ismini verecek \u00fcnl\u00fc oyuncu \u00e7ift, \u015fimdilerde anne ve baba olmaya haz\u0131rlan\u0131yor. 2023 y\u0131l\u0131nda birlikteliklerini evlilikle ta\u00e7land\u0131ran \u00e7ift, k\u0131zlar\u0131n\u0131 kucaklar\u0131na almak i\u00e7in g\u00fcn say\u0131yor.<\/p>\n<p><img loading=\"lazy\" decoding=\"async\" class=\"alignnone wp-image-137183\" src=\"https:\/\/www.tgrthaber.com\/mavikadin\/wp-content\/uploads\/Buse-Arslan-1-1024x576.jpg\" alt=\"\u00c7a\u011fr\u0131 \u015eensoy ve Buse Arslan \u00e7iftinin k\u0131zlar\u0131n\u0131n ismi belli oldu! \" width=\"1208\" height=\"680\" title=\"\" srcset=\"https:\/\/www.tgrthaber.com\/mavikadin\/wp-content\/uploads\/Buse-Arslan-1-1024x576.jpg 1024w, https:\/\/www.tgrthaber.com\/mavikadin\/wp-content\/uploads\/Buse-Arslan-1-300x169.jpg 300w, https:\/\/www.tgrthaber.com\/mavikadin\/wp-content\/uploads\/Buse-Arslan-1-768x432.jpg 768w, https:\/\/www.tgrthaber.com\/mavikadin\/wp-content\/uploads\/Buse-Arslan-1-1536x864.jpg 1536w, https:\/\/www.tgrthaber.com\/mavikadin\/wp-content\/uploads\/Buse-Arslan-1.jpg 1600w\" sizes=\"(max-width: 1208px) 100vw, 1208px\" \/><\/p>\n<hr \/>\n<p>Anne olman\u0131n heyecan\u0131n\u0131 derinden ya\u015fayan Buse Arslan do\u011fumuna 2 ay kala kamera kar\u015f\u0131s\u0131na ge\u00e7ti. Karn\u0131 burnunda birbirinden g\u00fczel pozlar veren Arslan, takip\u00e7ilerinin be\u011fenisini toplad\u0131. \u00a0Bebe\u011fini kuca\u011f\u0131na almaya g\u00fcn sayan Arslan, b\u00fcy\u00fcyen karn\u0131yla pembeler i\u00e7inde kamera kar\u015f\u0131na ge\u00e7ti. Arslan, kamera kar\u015f\u0131s\u0131nda verdi\u011fi pozlar\u0131 sosyal medya hesab\u0131ndan payla\u015ft\u0131. Arslan\u2019\u0131n pozlar\u0131 k\u0131sa s\u00fcrede b\u00fcy\u00fck be\u011feni toplad\u0131.<\/p>\n<p><img loading=\"lazy\" decoding=\"async\" class=\"alignnone wp-image-137184\" src=\"https:\/\/www.tgrthaber.com\/mavikadin\/wp-content\/uploads\/Buse-Arslan-1024x576.jpg\" alt=\"\u00c7a\u011fr\u0131 \u015eensoy ve Buse Arslan \u00e7iftinin k\u0131zlar\u0131n\u0131n ismi belli oldu! \" width=\"1208\" height=\"680\" title=\"\" srcset=\"https:\/\/www.tgrthaber.com\/mavikadin\/wp-content\/uploads\/Buse-Arslan-1024x576.jpg 1024w, https:\/\/www.tgrthaber.com\/mavikadin\/wp-content\/uploads\/Buse-Arslan-300x169.jpg 300w, https:\/\/www.tgrthaber.com\/mavikadin\/wp-content\/uploads\/Buse-Arslan-768x432.jpg 768w, https:\/\/www.tgrthaber.com\/mavikadin\/wp-content\/uploads\/Buse-Arslan-1536x864.jpg 1536w, https:\/\/www.tgrthaber.com\/mavikadin\/wp-content\/uploads\/Buse-Arslan.jpg 1600w\" sizes=\"(max-width: 1208px) 100vw, 1208px\" \/><\/p>\n","protected":false},"excerpt":{"rendered":"<p>Dizi setinde ba\u015flayan arkada\u015fl\u0131klar\u0131 a\u015fka d\u00f6n\u00fc\u015fen \u00e7iftin k\u0131zlar\u0131n\u0131n ismi belli oldu. Bak\u0131n \u00fcnl\u00fc oyuncu \u00e7ift k\u0131zlar\u0131na ne ismi verecek\u2026 <\/p>\n","protected":false},"author":26,"featured_media":137180,"comment_status":"closed","ping_status":"closed","sticky":false,"template":"","format":"standard","meta":{"rank_math_lock_modified_date":false,"footnotes":""},"categories":[76],"tags":[11503,11504,3072,133,2218],"class_list":["post-137176","post","type-post","status-publish","format-standard","has-post-thumbnail","hentry","category-magazin","tag-buse-arslan","tag-cagri-sensoy","tag-kurulus-osman","tag-magazin","tag-magazin-haberleri"],"_links":{"self":[{"href":"https:\/\/www.tgrthaber.com\/mavikadin\/wp-json\/wp\/v2\/posts\/137176"}],"collection":[{"href":"https:\/\/www.tgrthaber.com\/mavikadin\/wp-json\/wp\/v2\/posts"}],"about":[{"href":"https:\/\/www.tgrthaber.com\/mavikadin\/wp-json\/wp\/v2\/types\/post"}],"author":[{"embeddable":true,"href":"https:\/\/www.tgrthaber.com\/mavikadin\/wp-json\/wp\/v2\/users\/26"}],"replies":[{"embeddable":true,"href":"https:\/\/www.tgrthaber.com\/mavikadin\/wp-json\/wp\/v2\/comments?post=137176"}],"version-history":[{"count":2,"href":"https:\/\/www.tgrthaber.com\/mavikadin\/wp-json\/wp\/v2\/posts\/137176\/revisions"}],"predecessor-version":[{"id":137188,"href":"https:\/\/www.tgrthaber.com\/mavikadin\/wp-json\/wp\/v2\/posts\/137176\/revisions\/137188"}],"wp:featuredmedia":[{"embeddable":true,"href":"https:\/\/www.tgrthaber.com\/mavikadin\/wp-json\/wp\/v2\/media\/137180"}],"wp:attachment":[{"href":"https:\/\/www.tgrthaber.com\/mavikadin\/wp-json\/wp\/v2\/media?parent=137176"}],"wp:term":[{"taxonomy":"category","embeddable":true,"href":"https:\/\/www.tgrthaber.com\/mavikadin\/wp-json\/wp\/v2\/categories?post=137176"},{"taxonomy":"post_tag","embeddable":true,"href":"https:\/\/www.tgrthaber.com\/mavikadin\/wp-json\/wp\/v2\/tags?post=137176"}],"curies":[{"name":"wp","href":"https:\/\/api.w.org\/{rel}","templated":true}]}}