{"id":137197,"date":"2025-02-23T12:26:23","date_gmt":"2025-02-23T09:26:23","guid":{"rendered":"https:\/\/www.tgrthaber.com\/mavikadin\/?p=137197"},"modified":"2025-02-23T12:26:23","modified_gmt":"2025-02-23T09:26:23","slug":"the-last-of-us-2-sezon-ne-zaman-tarihi-belli-oldu-mu-hangi-platformda-yayinlanacak","status":"publish","type":"post","link":"https:\/\/www.tgrthaber.com\/mavikadin\/the-last-of-us-2-sezon-ne-zaman-tarihi-belli-oldu-mu-hangi-platformda-yayinlanacak\/","title":{"rendered":"The Last of Us 2. sezon ne zaman? Tarihi belli oldu mu, hangi platformda yay\u0131nlanacak?"},"content":{"rendered":"<p class=\"p1\">The Last of Us dizisinin ikinci sezonu i\u00e7in beklenen a\u00e7\u0131klama nihayet geldi. HBO, dizinin yeni sezonuyla ilgili resmi duyuruyu yaparak yay\u0131n tarihini ve kadroya kat\u0131lan isimleri a\u00e7\u0131klad\u0131. \u0130lk sezonuyla b\u00fcy\u00fck ses getiren yap\u0131m, oyun serisinin hayranlar\u0131 taraf\u0131ndan b\u00fcy\u00fck bir merakla takip ediliyordu. Yeni sezonun, hik\u00e2yeyi nas\u0131l devam ettirece\u011fi ve hangi karakterlerin ekrana gelece\u011fi \u015fimdiden b\u00fcy\u00fck bir tart\u0131\u015fma konusu oldu. HBO, The Last of Us 2. sezonunun hangi platformda yay\u0131nlanaca\u011f\u0131n\u0131 da duyurdu. Peki The Last of Us 2. sezon ne zaman? Tarihi belli oldu mu, hangi platformda yay\u0131nlanacak?<\/p>\n<h3 class=\"p1\">THE LAST OF US 2. SEZON NE ZAMAN YAYINLANACAK?<\/h3>\n<p class=\"p1\">HBO\u2019nun Emmy \u00f6d\u00fcll\u00fc dizisi The Last of Us, ikinci sezonuyla ekranlara d\u00f6nmeye haz\u0131rlan\u0131yor. Yap\u0131lan resmi a\u00e7\u0131klamaya g\u00f6re, yeni sezon 13 Nisan Pazar g\u00fcn\u00fc saat 21.00\u2019de izleyicilerle bulu\u015facak. \u0130lk sezonuyla b\u00fcy\u00fck yank\u0131 uyand\u0131ran yap\u0131m, devam sezonunda \u00e7ok daha karanl\u0131k ve gerilim dolu bir hik\u00e2ye sunacak. <b><\/b>\u0130kinci sezon, ilk sezondaki olaylar\u0131n be\u015f y\u0131l sonras\u0131nda ge\u00e7ecek. Joel ve Ellie, yaln\u0131zca d\u0131\u015f tehditlerle de\u011fil, birbirleriyle olan ili\u015fkilerinde de zorlu s\u0131navlarla kar\u015f\u0131la\u015facak. HBO taraf\u0131ndan payla\u015f\u0131lan k\u0131sa \u00f6zet, karakterlerin i\u00e7sel \u00e7at\u0131\u015fmalar\u0131n\u0131n ve yeni tehlikelerin \u00f6n planda olaca\u011f\u0131n\u0131 g\u00f6steriyor.<\/p>\n<p><img loading=\"lazy\" decoding=\"async\" class=\"alignnone wp-image-137198 \" src=\"https:\/\/www.tgrthaber.com\/mavikadin\/wp-content\/uploads\/Ekran-Resmi-2025-02-23-12.19.39.png\" alt=\"\" width=\"989\" height=\"555\" title=\"\" srcset=\"https:\/\/www.tgrthaber.com\/mavikadin\/wp-content\/uploads\/Ekran-Resmi-2025-02-23-12.19.39.png 966w, https:\/\/www.tgrthaber.com\/mavikadin\/wp-content\/uploads\/Ekran-Resmi-2025-02-23-12.19.39-300x168.png 300w, https:\/\/www.tgrthaber.com\/mavikadin\/wp-content\/uploads\/Ekran-Resmi-2025-02-23-12.19.39-768x431.png 768w\" sizes=\"(max-width: 989px) 100vw, 989px\" \/><\/p>\n<hr \/>\n<h3>THE LAST OF US KADROSUNDA K\u0130MLER VAR?<\/h3>\n<p class=\"p1\">The Last of Us\u2019un ikinci sezonunda, Pedro Pascal (Joel), Bella Ramsey (Ellie), Gabriel Luna (Tommy) ve Rutina Wesley (Maria) gibi sevilen isimler geri d\u00f6n\u00fcyor. Yeni sezonda kadroya Kaitlyn Dever (Abby), Isabela Merced (Dina), Young Mazino (Jesse), Danny Ramirez (Manny), Ariela Barer (Mel), Tati Gabrielle (Nora), Spencer Lord (Owen) ve Jeffrey Wright (Isaac) gibi dikkat \u00e7eken oyuncular da ekleniyor. Ayr\u0131ca \u00fcnl\u00fc oyuncu Catherine O\u2019Hara, yaln\u0131zca dizi i\u00e7in \u00f6zel olarak olu\u015fturulan bir karakteri oynayacak.<\/p>\n<p><img loading=\"lazy\" decoding=\"async\" class=\"alignnone wp-image-137199 size-large\" src=\"https:\/\/www.tgrthaber.com\/mavikadin\/wp-content\/uploads\/Ekran-Resmi-2025-02-23-12.19.44-1024x610.png\" alt=\"\" width=\"1024\" height=\"610\" title=\"\" srcset=\"https:\/\/www.tgrthaber.com\/mavikadin\/wp-content\/uploads\/Ekran-Resmi-2025-02-23-12.19.44-1024x610.png 1024w, https:\/\/www.tgrthaber.com\/mavikadin\/wp-content\/uploads\/Ekran-Resmi-2025-02-23-12.19.44-300x179.png 300w, https:\/\/www.tgrthaber.com\/mavikadin\/wp-content\/uploads\/Ekran-Resmi-2025-02-23-12.19.44-768x457.png 768w, https:\/\/www.tgrthaber.com\/mavikadin\/wp-content\/uploads\/Ekran-Resmi-2025-02-23-12.19.44.png 1028w\" sizes=\"(max-width: 1024px) 100vw, 1024px\" \/><\/p>\n<hr \/>\n<p class=\"p1\">HBO, yeni sezonun ka\u00e7 b\u00f6l\u00fcmden olu\u015faca\u011f\u0131n\u0131 hen\u00fcz resmi olarak a\u00e7\u0131klamasa da, sezonun yedi b\u00f6l\u00fcm s\u00fcrece\u011fi tahmin ediliyor. Ayr\u0131ca, dizinin en az d\u00f6rt sezon s\u00fcrece\u011fi ve \u00fc\u00e7\u00fcnc\u00fc sezonun haz\u0131rl\u0131klar\u0131n\u0131n ba\u015flad\u0131\u011f\u0131 belirtiliyor. The Last of Us Part 2 oyununa dayanan bu yeni sezon, \u015fimdiden b\u00fcy\u00fck bir heyecan olu\u015fturmu\u015f durumda. Yay\u0131nlanan yeni posterler, dizinin atmosferi ve hik\u00e2yesi hakk\u0131nda \u00f6nemli ipu\u00e7lar\u0131 bar\u0131nd\u0131r\u0131yor. 13 Nisan\u2019da ba\u015flayacak ikinci sezon, hayranlar\u0131n\u0131 ekran ba\u015f\u0131na kilitlemeye haz\u0131rlan\u0131yor!<\/p>\n<p><img loading=\"lazy\" decoding=\"async\" class=\"alignnone wp-image-137200 \" src=\"https:\/\/www.tgrthaber.com\/mavikadin\/wp-content\/uploads\/Ekran-Resmi-2025-02-23-12.21.11.png\" alt=\"\" width=\"990\" height=\"531\" title=\"\" srcset=\"https:\/\/www.tgrthaber.com\/mavikadin\/wp-content\/uploads\/Ekran-Resmi-2025-02-23-12.21.11-300x161.png 300w, https:\/\/www.tgrthaber.com\/mavikadin\/wp-content\/uploads\/Ekran-Resmi-2025-02-23-12.21.11-768x413.png 768w\" sizes=\"(max-width: 990px) 100vw, 990px\" \/><\/p>\n<hr \/>\n<h3 class=\"p1\">THE LAST OF US 2. SEZON HANG\u0130 PLATFORMDA YAYINLANACAK?<\/h3>\n<p class=\"p1\">The Last of Us\u2019un 2. sezonu, HBO ve HBO Max (\u015fu anki ad\u0131yla Max) platformlar\u0131nda yay\u0131nlanacak. Yeni sezonun ilk b\u00f6l\u00fcm\u00fc, 13 Nisan Pazar g\u00fcn\u00fc saat 21.00\u2019de HBO\u2019da izleyicilerle bulu\u015facak. Dizinin yay\u0131n haklar\u0131, HBO\u2019ya ait oldu\u011fu i\u00e7in Max \u00fczerinden de izlenebilecek. T\u00fcrkiye\u2019de ise dizinin hangi platformda yay\u0131nlanaca\u011f\u0131 konusunda hen\u00fcz resmi bir a\u00e7\u0131klama yap\u0131lmad\u0131, ancak ilk sezonu yay\u0131nlayan beIN Connect veya BluTV gibi platformlarda izleyiciyle bulu\u015fmas\u0131 bekleniyor.<\/p>\n","protected":false},"excerpt":{"rendered":"<p>The Last of Us 2. sezonu i\u00e7in beklenen a\u00e7\u0131klama geldi. HBO, dizinin yeni sezonuyla ilgili detaylar\u0131 duyurarak yay\u0131n tarihini ve oyuncu kadrosunu a\u00e7\u0131klad\u0131. \u0130lk sezonuyla b\u00fcy\u00fck ilgi g\u00f6ren yap\u0131m, oyun severler taraf\u0131ndan heyecanla bekleniyordu. Peki, yeni sezon ne zaman ve hangi platformda yay\u0131nlanacak?<\/p>\n","protected":false},"author":16,"featured_media":137201,"comment_status":"closed","ping_status":"closed","sticky":false,"template":"","format":"standard","meta":{"rank_math_lock_modified_date":false,"footnotes":""},"categories":[101],"tags":[],"class_list":["post-137197","post","type-post","status-publish","format-standard","has-post-thumbnail","hentry","category-kesfet"],"_links":{"self":[{"href":"https:\/\/www.tgrthaber.com\/mavikadin\/wp-json\/wp\/v2\/posts\/137197"}],"collection":[{"href":"https:\/\/www.tgrthaber.com\/mavikadin\/wp-json\/wp\/v2\/posts"}],"about":[{"href":"https:\/\/www.tgrthaber.com\/mavikadin\/wp-json\/wp\/v2\/types\/post"}],"author":[{"embeddable":true,"href":"https:\/\/www.tgrthaber.com\/mavikadin\/wp-json\/wp\/v2\/users\/16"}],"replies":[{"embeddable":true,"href":"https:\/\/www.tgrthaber.com\/mavikadin\/wp-json\/wp\/v2\/comments?post=137197"}],"version-history":[{"count":1,"href":"https:\/\/www.tgrthaber.com\/mavikadin\/wp-json\/wp\/v2\/posts\/137197\/revisions"}],"predecessor-version":[{"id":137202,"href":"https:\/\/www.tgrthaber.com\/mavikadin\/wp-json\/wp\/v2\/posts\/137197\/revisions\/137202"}],"wp:featuredmedia":[{"embeddable":true,"href":"https:\/\/www.tgrthaber.com\/mavikadin\/wp-json\/wp\/v2\/media\/137201"}],"wp:attachment":[{"href":"https:\/\/www.tgrthaber.com\/mavikadin\/wp-json\/wp\/v2\/media?parent=137197"}],"wp:term":[{"taxonomy":"category","embeddable":true,"href":"https:\/\/www.tgrthaber.com\/mavikadin\/wp-json\/wp\/v2\/categories?post=137197"},{"taxonomy":"post_tag","embeddable":true,"href":"https:\/\/www.tgrthaber.com\/mavikadin\/wp-json\/wp\/v2\/tags?post=137197"}],"curies":[{"name":"wp","href":"https:\/\/api.w.org\/{rel}","templated":true}]}}