{"id":137249,"date":"2025-02-23T14:10:21","date_gmt":"2025-02-23T11:10:21","guid":{"rendered":"https:\/\/www.tgrthaber.com\/mavikadin\/?p=137249"},"modified":"2025-02-23T14:11:08","modified_gmt":"2025-02-23T11:11:08","slug":"anil-altan-pelin-akilsiz-kar-keyfi-yapti-pelin-akil-imaj-degistirdi-unlu-cift-arasinda-bosanma-iddialari-guclendi","status":"publish","type":"post","link":"https:\/\/www.tgrthaber.com\/mavikadin\/anil-altan-pelin-akilsiz-kar-keyfi-yapti-pelin-akil-imaj-degistirdi-unlu-cift-arasinda-bosanma-iddialari-guclendi\/","title":{"rendered":"An\u0131l Altan Pelin Akil\u2019siz kar keyfi yapt\u0131, Pelin Akil imaj de\u011fi\u015ftirdi! \u00dcnl\u00fc \u00e7ift aras\u0131nda bo\u015fanma iddialar\u0131 g\u00fc\u00e7lendi"},"content":{"rendered":"<p>Son d\u00f6nemlerin en \u00e7ok konu\u015fulan \u00e7iftleri aras\u0131nda yer alan An\u0131l Altan ve Pelin Akil, bo\u015fanma iddialar\u0131yla g\u00fcndemden d\u00fc\u015fm\u00fcyor. S\u0131k s\u0131k bo\u015fanma iddialar\u0131 ortaya at\u0131lan \u00e7iftin son olarak ayr\u0131 eve \u00e7\u0131kt\u0131klar\u0131 iddia edilmi\u015fti. An\u0131l Altan ve Pelin Akil \u00e7ifti, bo\u015fanma iddialar\u0131n\u0131 g\u00fc\u00e7lendirmeye devam ediyor. An\u0131l Altan\u2019\u0131n Pelin Akilsiz kar keyfi dikkat \u00e7ekerken, Pelin Akil\u2019in yeni imaj\u0131 ise g\u00f6zlerden ka\u00e7mad\u0131.<\/p>\n<h3>ANIL ALTAN VE PEL\u0130N AK\u0130L \u00c7\u0130FT\u0130 BO\u015eANMA \u0130DD\u0130ALARIYLA G\u00dcNDEMDE!<\/h3>\n<p>Son zamanlarda bo\u015fanma iddialar\u0131yla g\u00fcndeme gelen An\u0131l Altan ve Pelin Akil \u00e7ifti, rol ald\u0131klar\u0131 \u201cArka S\u0131radakiler\u201d dizisinin setinde tan\u0131\u015fm\u0131\u015f ve 2016 y\u0131l\u0131nda d\u00fcnyaevine girmi\u015fti. \u00dcnl\u00fc \u00e7ift, evliliklerini 2019 y\u0131l\u0131nda kucaklar\u0131na ald\u0131klar\u0131 ikiz k\u0131zlar\u0131 Alin ve Lina ile ta\u00e7land\u0131rm\u0131\u015ft\u0131. Uzun s\u00fcredir mutlu beraberliklerine devam eden \u00fcnl\u00fc \u00e7ift, magazin d\u00fcnyas\u0131n\u0131n en sevilen \u00e7iftleri aras\u0131ndayd\u0131. Sosyal medya hesaplar\u0131ndan yapt\u0131klar\u0131 payla\u015f\u0131mlarla mutlu evliliklerinden s\u00f6z ettiren \u00e7iftin, bo\u015fanacaklar\u0131 iddia edilmi\u015fti.<\/p>\n<p><img loading=\"lazy\" decoding=\"async\" class=\"alignnone wp-image-137258\" src=\"https:\/\/www.tgrthaber.com\/mavikadin\/wp-content\/uploads\/Anil-Altan-Pelin-Akil-2-1024x576.jpg\" alt=\"An\u0131l Altan Pelin Akil\u2019siz kar keyfi yapt\u0131, Pelin Akil imaj de\u011fi\u015ftirdi! \" width=\"1208\" height=\"680\" title=\"\" srcset=\"https:\/\/www.tgrthaber.com\/mavikadin\/wp-content\/uploads\/Anil-Altan-Pelin-Akil-2-1024x576.jpg 1024w, https:\/\/www.tgrthaber.com\/mavikadin\/wp-content\/uploads\/Anil-Altan-Pelin-Akil-2-300x169.jpg 300w, https:\/\/www.tgrthaber.com\/mavikadin\/wp-content\/uploads\/Anil-Altan-Pelin-Akil-2-768x432.jpg 768w, https:\/\/www.tgrthaber.com\/mavikadin\/wp-content\/uploads\/Anil-Altan-Pelin-Akil-2-1536x864.jpg 1536w, https:\/\/www.tgrthaber.com\/mavikadin\/wp-content\/uploads\/Anil-Altan-Pelin-Akil-2.jpg 1600w\" sizes=\"(max-width: 1208px) 100vw, 1208px\" \/><\/p>\n<hr \/>\n<p>An\u0131l Altan ve Pelin Akil \u00e7iftinin bo\u015fanma karar\u0131 ald\u0131\u011f\u0131 iddia edildi. Bo\u015fanma iddialar\u0131yla \u00e7ok konu\u015fulan \u00fcnl\u00fc \u00e7ift, magazin d\u00fcnyas\u0131n\u0131n g\u00fcndemine bomba gibi oturdu. \u00c7iftten bo\u015fanma iddialar\u0131na ili\u015fkin hen\u00fcz bir a\u00e7\u0131klama gelmezken, yeni iddialar ortaya at\u0131lm\u0131\u015ft\u0131. Gel Konu\u015fal\u0131m program\u0131na konuk olan Mehmet \u00dcst\u00fcnda\u011f, \u201c\u00d6zel bir bilgi vereyim, bir ay oldu evlerini ay\u0131rd\u0131lar. Aldatma yok a\u015fk bitti.\u201d ifadelerini kullanm\u0131\u015ft\u0131. \u00dcnl\u00fc \u00e7ift, Instagram hesab\u0131ndan birlikte olan foto\u011fraflar\u0131n\u0131 hen\u00fcz kald\u0131rmad\u0131. Pelin Akil\u2019in Instagram hesab\u0131nda hala \u201cAltan\u201d soyad\u0131n\u0131 kullanmas\u0131 dikkatlerden ka\u00e7mad\u0131.<\/p>\n<p><img loading=\"lazy\" decoding=\"async\" class=\"alignnone wp-image-137259\" src=\"https:\/\/www.tgrthaber.com\/mavikadin\/wp-content\/uploads\/Anil-Altan-Pelin-Akil-1024x576.jpg\" alt=\"An\u0131l Altan Pelin Akil\u2019siz kar keyfi yapt\u0131, Pelin Akil imaj de\u011fi\u015ftirdi! \" width=\"1208\" height=\"680\" title=\"\" srcset=\"https:\/\/www.tgrthaber.com\/mavikadin\/wp-content\/uploads\/Anil-Altan-Pelin-Akil-1024x576.jpg 1024w, https:\/\/www.tgrthaber.com\/mavikadin\/wp-content\/uploads\/Anil-Altan-Pelin-Akil-300x169.jpg 300w, https:\/\/www.tgrthaber.com\/mavikadin\/wp-content\/uploads\/Anil-Altan-Pelin-Akil-768x432.jpg 768w, https:\/\/www.tgrthaber.com\/mavikadin\/wp-content\/uploads\/Anil-Altan-Pelin-Akil-1536x864.jpg 1536w, https:\/\/www.tgrthaber.com\/mavikadin\/wp-content\/uploads\/Anil-Altan-Pelin-Akil.jpg 1600w\" sizes=\"(max-width: 1208px) 100vw, 1208px\" \/><\/p>\n<hr \/>\n<h3>ANIL ALTAN PEL\u0130N AK\u0130L\u2019S\u0130Z KAR KEYF\u0130 YAPTI, PEL\u0130N AK\u0130L \u0130MAJ DE\u011e\u0130\u015eT\u0130RD\u0130!<\/h3>\n<p>Uzun bir s\u00fcredir bo\u015fanma iddialar\u0131yla g\u00fcndeme gelen An\u0131l Altan ve Pelin Akil \u00e7ifti, bas\u0131nda \u00e7\u0131kan haberleri ge\u00e7ti\u011fimiz zamanlarda kesin bir dille yalanlam\u0131\u015ft\u0131. Bunun \u00fczerine \u00e7iftin bo\u015fanmas\u0131yla alakal\u0131 \u00e7e\u015fitli iddialar daha ortaya at\u0131lm\u0131\u015f, fakat \u00e7iftten bir a\u00e7\u0131klama gelmemi\u015fti. Son zamanlarda birbirlerinden ayr\u0131 tak\u0131lan \u00fcnl\u00fc \u00e7iftten Pelin Akil, ge\u00e7ti\u011fimiz haftalarda arkada\u015flar\u0131yla birlikte Erciyes\u2019e kaya gitmi\u015fti. Bu kez kar keyfini yaln\u0131z \u00e7\u0131karan taraf An\u0131l Altan oldu. Altan, Instagram hesab\u0131ndan yapt\u0131\u011f\u0131 kar keyfi payla\u015f\u0131m\u0131yla dikkat \u00e7ekti.<\/p>\n<p><img loading=\"lazy\" decoding=\"async\" class=\"alignnone wp-image-137264\" src=\"https:\/\/www.tgrthaber.com\/mavikadin\/wp-content\/uploads\/Anil-Altan-Pelin-Akil-6-1024x576.jpg\" alt=\"An\u0131l Altan Pelin Akil\u2019siz kar keyfi yapt\u0131, Pelin Akil imaj de\u011fi\u015ftirdi! \" width=\"1208\" height=\"680\" title=\"\" srcset=\"https:\/\/www.tgrthaber.com\/mavikadin\/wp-content\/uploads\/Anil-Altan-Pelin-Akil-6-1024x576.jpg 1024w, https:\/\/www.tgrthaber.com\/mavikadin\/wp-content\/uploads\/Anil-Altan-Pelin-Akil-6-300x169.jpg 300w, https:\/\/www.tgrthaber.com\/mavikadin\/wp-content\/uploads\/Anil-Altan-Pelin-Akil-6-768x432.jpg 768w, https:\/\/www.tgrthaber.com\/mavikadin\/wp-content\/uploads\/Anil-Altan-Pelin-Akil-6-1536x864.jpg 1536w, https:\/\/www.tgrthaber.com\/mavikadin\/wp-content\/uploads\/Anil-Altan-Pelin-Akil-6.jpg 1600w\" sizes=\"(max-width: 1208px) 100vw, 1208px\" \/><\/p>\n<hr \/>\n<p>S\u00fcrekli tek ba\u015f\u0131na g\u00f6r\u00fcnt\u00fclenen Pelin Akil\u2019in e\u015fiyle hi\u00e7 payla\u015f\u0131m yapmamas\u0131 ise bo\u015fanma iddialar\u0131n\u0131 g\u00fc\u00e7lendirdi. Daha \u00e7ok \u00e7ocuklar\u0131yla vakit ge\u00e7iren An\u0131l Altan\u2019\u0131n, Akil\u2019siz payla\u015f\u0131mlar\u0131 ise dikkat \u00e7ekti. Di\u011fer yandan Pelin Akil\u2019in ge\u00e7ti\u011fimiz haftalarda k\u0131sac\u0131k sa\u00e7lar\u0131yla g\u00fcndeme gelmesi, imaj de\u011fi\u015fikli\u011fine gitti\u011fini d\u00fc\u015f\u00fcnd\u00fcrm\u00fc\u015ft\u00fc. Fakat Akil, \u00e7\u0131kan haberler kar\u015f\u0131s\u0131nda sa\u00e7lar\u0131n\u0131 farkl\u0131 bir teknikle k\u0131saltt\u0131\u011f\u0131n\u0131 ve kendi uzun sa\u00e7lar\u0131na veda etmedi\u011fini dile getirmi\u015fti. Akil, ge\u00e7ti\u011fimiz g\u00fcn yine solu\u011fu kuaf\u00f6rde ald\u0131. Bu kez ger\u00e7ekten imaj de\u011fi\u015fikli\u011fine giden Akil, sa\u00e7lar\u0131n\u0131 k\u0131sac\u0131k kestirdi. Akil, k\u0131sac\u0131k kestirdi\u011fi sa\u00e7lar\u0131n\u0131 Instagram hesab\u0131ndan \u201cYeni ben\u201d notuyla payla\u015ft\u0131.<\/p>\n<p><img loading=\"lazy\" decoding=\"async\" class=\"alignnone wp-image-137265\" src=\"https:\/\/www.tgrthaber.com\/mavikadin\/wp-content\/uploads\/Anil-Altan-Pelin-Akil-5-1024x576.jpg\" alt=\"An\u0131l Altan Pelin Akil\u2019siz kar keyfi yapt\u0131, Pelin Akil imaj de\u011fi\u015ftirdi! \" width=\"1208\" height=\"680\" title=\"\" srcset=\"https:\/\/www.tgrthaber.com\/mavikadin\/wp-content\/uploads\/Anil-Altan-Pelin-Akil-5-1024x576.jpg 1024w, https:\/\/www.tgrthaber.com\/mavikadin\/wp-content\/uploads\/Anil-Altan-Pelin-Akil-5-300x169.jpg 300w, https:\/\/www.tgrthaber.com\/mavikadin\/wp-content\/uploads\/Anil-Altan-Pelin-Akil-5-768x432.jpg 768w, https:\/\/www.tgrthaber.com\/mavikadin\/wp-content\/uploads\/Anil-Altan-Pelin-Akil-5-1536x864.jpg 1536w, https:\/\/www.tgrthaber.com\/mavikadin\/wp-content\/uploads\/Anil-Altan-Pelin-Akil-5.jpg 1600w\" sizes=\"(max-width: 1208px) 100vw, 1208px\" \/><\/p>\n","protected":false},"excerpt":{"rendered":"<p>Son zamanlarda bo\u015fanma iddialar\u0131yla g\u00fcndeme gelen An\u0131l Altan ve Pelin Akil \u00e7ifti, bo\u015fanma iddialar\u0131n\u0131 g\u00fc\u00e7lendirmeye devam ediyor. An\u0131l Altan\u2019\u0131n Pelin Akilsiz kar keyfi dikkat \u00e7ekerken, Pelin Akil\u2019in yeni imaj\u0131 g\u00f6zlerden ka\u00e7mad\u0131. <\/p>\n","protected":false},"author":26,"featured_media":137257,"comment_status":"closed","ping_status":"closed","sticky":false,"template":"","format":"standard","meta":{"rank_math_lock_modified_date":false,"footnotes":""},"categories":[76],"tags":[3497,154,133,2218,2507],"class_list":["post-137249","post","type-post","status-publish","format-standard","has-post-thumbnail","hentry","category-magazin","tag-anil-altan","tag-bosanma","tag-magazin","tag-magazin-haberleri","tag-pelin-akil"],"_links":{"self":[{"href":"https:\/\/www.tgrthaber.com\/mavikadin\/wp-json\/wp\/v2\/posts\/137249"}],"collection":[{"href":"https:\/\/www.tgrthaber.com\/mavikadin\/wp-json\/wp\/v2\/posts"}],"about":[{"href":"https:\/\/www.tgrthaber.com\/mavikadin\/wp-json\/wp\/v2\/types\/post"}],"author":[{"embeddable":true,"href":"https:\/\/www.tgrthaber.com\/mavikadin\/wp-json\/wp\/v2\/users\/26"}],"replies":[{"embeddable":true,"href":"https:\/\/www.tgrthaber.com\/mavikadin\/wp-json\/wp\/v2\/comments?post=137249"}],"version-history":[{"count":2,"href":"https:\/\/www.tgrthaber.com\/mavikadin\/wp-json\/wp\/v2\/posts\/137249\/revisions"}],"predecessor-version":[{"id":137268,"href":"https:\/\/www.tgrthaber.com\/mavikadin\/wp-json\/wp\/v2\/posts\/137249\/revisions\/137268"}],"wp:featuredmedia":[{"embeddable":true,"href":"https:\/\/www.tgrthaber.com\/mavikadin\/wp-json\/wp\/v2\/media\/137257"}],"wp:attachment":[{"href":"https:\/\/www.tgrthaber.com\/mavikadin\/wp-json\/wp\/v2\/media?parent=137249"}],"wp:term":[{"taxonomy":"category","embeddable":true,"href":"https:\/\/www.tgrthaber.com\/mavikadin\/wp-json\/wp\/v2\/categories?post=137249"},{"taxonomy":"post_tag","embeddable":true,"href":"https:\/\/www.tgrthaber.com\/mavikadin\/wp-json\/wp\/v2\/tags?post=137249"}],"curies":[{"name":"wp","href":"https:\/\/api.w.org\/{rel}","templated":true}]}}