{"id":137287,"date":"2025-02-23T15:13:57","date_gmt":"2025-02-23T12:13:57","guid":{"rendered":"https:\/\/www.tgrthaber.com\/mavikadin\/?p=137287"},"modified":"2025-02-23T15:13:57","modified_gmt":"2025-02-23T12:13:57","slug":"sabanci-ailesinin-gozde-ismi-faruk-sabancidan-carpici-aciklama-cok-iyi-yere-dustum","status":"publish","type":"post","link":"https:\/\/www.tgrthaber.com\/mavikadin\/sabanci-ailesinin-gozde-ismi-faruk-sabancidan-carpici-aciklama-cok-iyi-yere-dustum\/","title":{"rendered":"Sabanc\u0131 ailesinin g\u00f6zde ismi Faruk Sabanc\u0131\u2019dan \u00e7arp\u0131c\u0131 a\u00e7\u0131klama! \u201c\u00c7ok iyi yere d\u00fc\u015ft\u00fcm\u201d"},"content":{"rendered":"<p>Sabanc\u0131 ailesinin g\u00f6zde isimlerinden Faruk Sabanc\u0131, kat\u0131ld\u0131\u011f\u0131 programda yapt\u0131\u011f\u0131 a\u00e7\u0131klamalarla g\u00fcndeme geldi. Sabanc\u0131\u2019n\u0131n a\u00e7\u0131klamalar\u0131 herkesi \u015fa\u015f\u0131rtt\u0131. Son zamanlarda \u00fcnl\u00fc oyuncu Esra Bilgi\u00e7 ile ya\u015fad\u0131\u011f\u0131 a\u015fkla g\u00fcndeme gelen Sabanc\u0131, bu kez \u00e7arp\u0131c\u0131 a\u00e7\u0131klamalar\u0131yla g\u00fcndeme bomba gibi oturdu. Gerek ailesi gerekse \u00f6zel hayat\u0131yla s\u0131k s\u0131k magazin d\u00fcnyas\u0131n\u0131n g\u00fcndemine oturan Faruk Sabanc\u0131, kat\u0131ld\u0131\u011f\u0131 programda\u00a0yapt\u0131\u011f\u0131 \u00e7arp\u0131c\u0131 a\u00e7\u0131klamalarla dikkatleri \u00fczerine \u00e7ekti. \u0130\u015fte Faruk Sabanc\u0131\u2019dan \u00e7arp\u0131c\u0131 a\u00e7\u0131klama\u2026<\/p>\n<h3>\u201c\u00c7OK \u0130Y\u0130 YERE D\u00dc\u015eT\u00dcM\u201d<\/h3>\n<p>Sabanc\u0131 ailesinin \u00f6nde gelen isimlerinden Faruk Sabanc\u0131, cemiyet hayat\u0131n\u0131n yan\u0131 s\u0131ra \u00f6zel hayat\u0131yla da s\u0131k s\u0131k g\u00fcndeme geliyor. Son d\u00f6nemlerde \u00fcnl\u00fc oyuncu Esra Bilgi\u00e7 ile ya\u015fad\u0131\u011f\u0131 a\u015fkla g\u00fcndeme gelen Sabanc\u0131, bu kez kat\u0131ld\u0131\u011f\u0131 programda yapt\u0131\u011f\u0131 \u00e7arp\u0131c\u0131 a\u00e7\u0131klamayla g\u00fcndeme geldi. Kat\u0131ld\u0131\u011f\u0131 programda hem i\u015f hayat\u0131 hem de \u00f6zel hayat\u0131 hakk\u0131nda \u00e7arp\u0131c\u0131 a\u00e7\u0131klamalarda bulunan Sabanc\u0131, herkesi \u015fa\u015fk\u0131na \u00e7evirdi.<\/p>\n<p><img loading=\"lazy\" decoding=\"async\" class=\"alignnone wp-image-137289\" src=\"https:\/\/www.tgrthaber.com\/mavikadin\/wp-content\/uploads\/Faruk-Sabanci-5-1024x576.jpg\" alt=\"Sabanc\u0131 ailesinin g\u00f6zde ismi Faruk Sabanc\u0131\u2019dan \u00e7arp\u0131c\u0131 a\u00e7\u0131klama! \" width=\"1208\" height=\"680\" title=\"\" srcset=\"https:\/\/www.tgrthaber.com\/mavikadin\/wp-content\/uploads\/Faruk-Sabanci-5-1024x576.jpg 1024w, https:\/\/www.tgrthaber.com\/mavikadin\/wp-content\/uploads\/Faruk-Sabanci-5-300x169.jpg 300w, https:\/\/www.tgrthaber.com\/mavikadin\/wp-content\/uploads\/Faruk-Sabanci-5-768x432.jpg 768w, https:\/\/www.tgrthaber.com\/mavikadin\/wp-content\/uploads\/Faruk-Sabanci-5-1536x864.jpg 1536w, https:\/\/www.tgrthaber.com\/mavikadin\/wp-content\/uploads\/Faruk-Sabanci-5.jpg 1600w\" sizes=\"(max-width: 1208px) 100vw, 1208px\" \/><\/p>\n<hr \/>\n<p>Hem a\u015fk hayat\u0131 hem de \u00f6zel hayat\u0131 bir hayli merak edilen Faruk Sabanc\u0131, CNBC-e kanal\u0131nda Saba T\u00fcmer\u2019in program\u0131na kat\u0131ld\u0131.\u00a0Sabanc\u0131, kat\u0131ld\u0131\u011f\u0131 programda a\u00e7\u0131klamalar\u0131yla dikkat \u00e7ekti. \u00c7arp\u0131c\u0131 a\u00e7\u0131klamalar\u0131yla g\u00fcndeme gelen Sabanc\u0131, kat\u0131ld\u0131\u011f\u0131 programda: \u201cB\u00fct\u00fcn uzun boylular olarak basketbol oynam\u0131yoruz. Bizim ailede uzun boylu yok. Beni hastanede kar\u0131\u015ft\u0131rd\u0131klar\u0131na dair baz\u0131 teorilerim oluyor. Ben \u00e7ok iyi yere d\u00fc\u015ft\u00fcm.\u201d ifadelerine yer verdi.<\/p>\n<p><img loading=\"lazy\" decoding=\"async\" class=\"alignnone wp-image-137290\" src=\"https:\/\/www.tgrthaber.com\/mavikadin\/wp-content\/uploads\/Faruk-Sabanci-2-1-1024x576.jpg\" alt=\"Sabanc\u0131 ailesinin g\u00f6zde ismi Faruk Sabanc\u0131\u2019dan \u00e7arp\u0131c\u0131 a\u00e7\u0131klama! \" width=\"1208\" height=\"680\" title=\"\" srcset=\"https:\/\/www.tgrthaber.com\/mavikadin\/wp-content\/uploads\/Faruk-Sabanci-2-1-1024x576.jpg 1024w, https:\/\/www.tgrthaber.com\/mavikadin\/wp-content\/uploads\/Faruk-Sabanci-2-1-300x169.jpg 300w, https:\/\/www.tgrthaber.com\/mavikadin\/wp-content\/uploads\/Faruk-Sabanci-2-1-768x432.jpg 768w, https:\/\/www.tgrthaber.com\/mavikadin\/wp-content\/uploads\/Faruk-Sabanci-2-1-1536x864.jpg 1536w, https:\/\/www.tgrthaber.com\/mavikadin\/wp-content\/uploads\/Faruk-Sabanci-2-1.jpg 1600w\" sizes=\"(max-width: 1208px) 100vw, 1208px\" \/><\/p>\n<hr \/>\n<h3>MADD\u0130YAT HAKKINDA D\u0130KKAT \u00c7EKEN A\u00c7IKLAMALARDA BULUNDU!<\/h3>\n<p>Gerek aile ya\u015fant\u0131s\u0131yla gerek a\u015fk hayat\u0131yla s\u0131k s\u0131k g\u00fcndeme gelen Faruk Sabanc\u0131, CNBC-e kanal\u0131nda yay\u0131nlanan Saba T\u00fcmer\u2019in program\u0131nda dikkat \u00e7eken maddiyat a\u00e7\u0131klamas\u0131nda bulundu. Sabanc\u0131, \u201cBir \u015feyi al\u0131rken fiyat\u0131na bak\u0131yor musun?\u201d sorusuna: \u201cBir \u015fey al\u0131rken tabii ki fiyat\u0131na bakar\u0131m. Zaman i\u00e7erisinde nereden nereye geldi\u011fini merak ederim. \u0130mk\u00e2n sahibi olmak ba\u015fka bir \u015fey, imkanla k\u00f6t\u00fc bir ili\u015fki i\u00e7erisinde bulunmak ba\u015fka bir \u015fey. \u0130nsan\u0131n maddiyatla da sa\u011fl\u0131kl\u0131 ili\u015fki kurmas\u0131 gerekiyor. Bir \u015feyin fiyat etiketine bakmamak birini umursamaz yap\u0131yor.\u201d \u015feklinde cevap verdi.<\/p>\n<p><img loading=\"lazy\" decoding=\"async\" class=\"alignnone wp-image-137291\" src=\"https:\/\/www.tgrthaber.com\/mavikadin\/wp-content\/uploads\/Faruk-Sabanci-4-1-1024x576.jpg\" alt=\"Sabanc\u0131 ailesinin g\u00f6zde ismi Faruk Sabanc\u0131\u2019dan \u00e7arp\u0131c\u0131 a\u00e7\u0131klama! \" width=\"1208\" height=\"680\" title=\"\" srcset=\"https:\/\/www.tgrthaber.com\/mavikadin\/wp-content\/uploads\/Faruk-Sabanci-4-1-1024x576.jpg 1024w, https:\/\/www.tgrthaber.com\/mavikadin\/wp-content\/uploads\/Faruk-Sabanci-4-1-300x169.jpg 300w, https:\/\/www.tgrthaber.com\/mavikadin\/wp-content\/uploads\/Faruk-Sabanci-4-1-768x432.jpg 768w, https:\/\/www.tgrthaber.com\/mavikadin\/wp-content\/uploads\/Faruk-Sabanci-4-1-1536x864.jpg 1536w, https:\/\/www.tgrthaber.com\/mavikadin\/wp-content\/uploads\/Faruk-Sabanci-4-1.jpg 1600w\" sizes=\"(max-width: 1208px) 100vw, 1208px\" \/><\/p>\n<hr \/>\n<h3>MESLE\u011e\u0130NE NASIL KARAR VERD\u0130\u011e\u0130N\u0130 ANLATTI!<\/h3>\n<p>\u015eimdilerde hem DJ hem de i\u015f insan\u0131 olarak kariyerine devam eden Faruk Sabanc\u0131, Saba T\u00fcmer\u2019in program\u0131nda DJ olmaya nas\u0131l karar verdi\u011fini a\u00e7\u0131klad\u0131. Sabanc\u0131, a\u00e7\u0131klamalar\u0131nda: \u201cBen ilkokul y\u0131llar\u0131mda plak toplamaya ba\u015flad\u0131m. O y\u0131llarda tam olarak ne yapt\u0131\u011f\u0131m\u0131 bilmiyorum ama m\u00fczik ar\u015fivlemek, m\u00fczikten m\u00fczi\u011fe ge\u00e7i\u015f yapmak. \u00c7ocukluktan bir merak\u0131m oldu. Asl\u0131nda dinleyiciler hobimi i\u015fe \u00e7evirdi. M\u00fczik kula\u011f\u0131m\u0131n ke\u015ffedilmesi diye bir durum olu\u015ftu. Benim elektronik m\u00fczik \u00fcretiyor olmam ilgi \u00e7ekici bir konu. Zaman zaman dezenformasyonlar oluyor.\u201d ifadelerine yer verdi.<\/p>\n<p><img loading=\"lazy\" decoding=\"async\" class=\"alignnone wp-image-137292\" src=\"https:\/\/www.tgrthaber.com\/mavikadin\/wp-content\/uploads\/Faruk-Sabanci-1-2-1024x576.jpg\" alt=\"Sabanc\u0131 ailesinin g\u00f6zde ismi Faruk Sabanc\u0131\u2019dan \u00e7arp\u0131c\u0131 a\u00e7\u0131klama! \" width=\"1208\" height=\"680\" title=\"\" srcset=\"https:\/\/www.tgrthaber.com\/mavikadin\/wp-content\/uploads\/Faruk-Sabanci-1-2-1024x576.jpg 1024w, https:\/\/www.tgrthaber.com\/mavikadin\/wp-content\/uploads\/Faruk-Sabanci-1-2-300x169.jpg 300w, https:\/\/www.tgrthaber.com\/mavikadin\/wp-content\/uploads\/Faruk-Sabanci-1-2-768x432.jpg 768w, https:\/\/www.tgrthaber.com\/mavikadin\/wp-content\/uploads\/Faruk-Sabanci-1-2-1536x864.jpg 1536w, https:\/\/www.tgrthaber.com\/mavikadin\/wp-content\/uploads\/Faruk-Sabanci-1-2.jpg 1600w\" sizes=\"(max-width: 1208px) 100vw, 1208px\" \/><\/p>\n<hr \/>\n<h3>SABANCILARIN G\u00d6ZDE \u0130SM\u0130 FARUK SABANCI C\u0130MR\u0130 \u00c7IKTI!<\/h3>\n<p>Son zamanlarda a\u015fk hayat\u0131yla bir hayli g\u00fcndeme gelen Faruk Sabac\u0131, bu kez cimri oldu\u011fu iddialar\u0131yla g\u00fcndeme geldi. Sabah\u2019tan B\u00fclent Cankurt\u2019un haberine g\u00f6re; DJ Faruk Sabanc\u0131\u2019n\u0131n, 2022 y\u0131l\u0131nda 16 milyon liraya ald\u0131\u011f\u0131, \u015fimdilerde ise fiyat\u0131 40 milyon lira gibi bir fiyatta olan l\u00fcks marka sar\u0131 renkli son model spor arac\u0131na kasko yapt\u0131rmad\u0131\u011f\u0131 \u00f6\u011frenildi.<\/p>\n<p>Faruk Sabanc\u0131\u2019n\u0131n l\u00fcks arac\u0131n\u0131n y\u0131ll\u0131k kaskosunun 600 bin lira oldu\u011fu ve bu paray\u0131 vermek istemedi\u011fi i\u00e7in 40 milyonluk arac\u0131na kaskosuz bindi\u011fi iddia edildi. Bununla birlikte Sabanc\u0131\u2019n\u0131n arac\u0131na kasko yapt\u0131rmad\u0131\u011f\u0131 i\u00e7in de otomobilini ne valelere ne de \u015fof\u00f6r\u00fcne vermedi\u011fi \u00f6ne s\u00fcr\u00fcld\u00fc. Hatta Sabanc\u0131\u2019n\u0131n l\u00fcks arac\u0131yla \u015fehirleraras\u0131 yolculu\u011fa \u00e7\u0131kmad\u0131\u011f\u0131 da iddia edilenler aras\u0131nda yer ald\u0131.<\/p>\n","protected":false},"excerpt":{"rendered":"<p>Sabanc\u0131 ailesinin g\u00f6zde isimlerinden Faruk Sabanc\u0131 yapt\u0131\u011f\u0131 a\u00e7\u0131klamalarla herkesi \u015fa\u015f\u0131rtt\u0131. Bak\u0131n Faruk Sabanc\u0131 hangi a\u00e7\u0131klamalarda bulundu\u2026 <\/p>\n","protected":false},"author":26,"featured_media":137288,"comment_status":"closed","ping_status":"closed","sticky":false,"template":"","format":"standard","meta":{"rank_math_lock_modified_date":false,"footnotes":""},"categories":[76],"tags":[2212,2922,133,2218,8575],"class_list":["post-137287","post","type-post","status-publish","format-standard","has-post-thumbnail","hentry","category-magazin","tag-esra-bilgic","tag-faruk-sabanci","tag-magazin","tag-magazin-haberleri","tag-sabanci-ailesi"],"_links":{"self":[{"href":"https:\/\/www.tgrthaber.com\/mavikadin\/wp-json\/wp\/v2\/posts\/137287"}],"collection":[{"href":"https:\/\/www.tgrthaber.com\/mavikadin\/wp-json\/wp\/v2\/posts"}],"about":[{"href":"https:\/\/www.tgrthaber.com\/mavikadin\/wp-json\/wp\/v2\/types\/post"}],"author":[{"embeddable":true,"href":"https:\/\/www.tgrthaber.com\/mavikadin\/wp-json\/wp\/v2\/users\/26"}],"replies":[{"embeddable":true,"href":"https:\/\/www.tgrthaber.com\/mavikadin\/wp-json\/wp\/v2\/comments?post=137287"}],"version-history":[{"count":2,"href":"https:\/\/www.tgrthaber.com\/mavikadin\/wp-json\/wp\/v2\/posts\/137287\/revisions"}],"predecessor-version":[{"id":137294,"href":"https:\/\/www.tgrthaber.com\/mavikadin\/wp-json\/wp\/v2\/posts\/137287\/revisions\/137294"}],"wp:featuredmedia":[{"embeddable":true,"href":"https:\/\/www.tgrthaber.com\/mavikadin\/wp-json\/wp\/v2\/media\/137288"}],"wp:attachment":[{"href":"https:\/\/www.tgrthaber.com\/mavikadin\/wp-json\/wp\/v2\/media?parent=137287"}],"wp:term":[{"taxonomy":"category","embeddable":true,"href":"https:\/\/www.tgrthaber.com\/mavikadin\/wp-json\/wp\/v2\/categories?post=137287"},{"taxonomy":"post_tag","embeddable":true,"href":"https:\/\/www.tgrthaber.com\/mavikadin\/wp-json\/wp\/v2\/tags?post=137287"}],"curies":[{"name":"wp","href":"https:\/\/api.w.org\/{rel}","templated":true}]}}