{"id":137295,"date":"2025-02-23T16:22:56","date_gmt":"2025-02-23T13:22:56","guid":{"rendered":"https:\/\/www.tgrthaber.com\/mavikadin\/?p=137295"},"modified":"2025-02-23T16:24:55","modified_gmt":"2025-02-23T13:24:55","slug":"mauro-icardi-ve-wanda-nara-ayni-gun-istanbula-geldi-nara-yilin-kadini-odulune-aday-gosterildi","status":"publish","type":"post","link":"https:\/\/www.tgrthaber.com\/mavikadin\/mauro-icardi-ve-wanda-nara-ayni-gun-istanbula-geldi-nara-yilin-kadini-odulune-aday-gosterildi\/","title":{"rendered":"Mauro Icardi ve Wanda Nara ayn\u0131 g\u00fcn \u0130stanbul\u2019a geldi! Nara y\u0131l\u0131n kad\u0131n\u0131 \u00f6d\u00fcl\u00fcne aday g\u00f6sterildi"},"content":{"rendered":"<p>Son d\u00f6nemlerde magazin d\u00fcnyas\u0131n\u0131n g\u00fcndemine bo\u015fanma dedikodular\u0131yla bomba gibi oturan Mauro Icardi ve Wanda Nara ayn\u0131 g\u00fcn \u0130stanbul\u2019a geldi. Yak\u0131n zamanda bo\u015fanacaklar\u0131 konu\u015fulan \u00e7iftten Wanda Nara, y\u0131l\u0131n kad\u0131n\u0131 \u00f6d\u00fcl\u00fcne aday g\u00f6sterildi. Bo\u015fanma a\u015famas\u0131nda olan \u00e7iftin mal payla\u015f\u0131m\u0131 ve velayet krizi s\u00fcrerken, Wanda Nara\u2019n\u0131n Mauro Icardi\u2019den servet de\u011ferindeki tazminat talebi herkesi \u015fa\u015f\u0131rtt\u0131.<\/p>\n<h3>MAURO ICARD\u0130 VE WANDA NARA AYNI G\u00dcN \u0130STANBUL\u2019A GELD\u0130!<\/h3>\n<p>Son zamanlarda ya\u015fad\u0131klar\u0131 \u00e7alkant\u0131l\u0131 evlilikleriyle g\u00fcndemden d\u00fc\u015fmeyen Mauro Icardi ve Wanda Nara ayn\u0131 g\u00fcn \u0130stanbul\u2019a geldi. Icardi, ge\u00e7ti\u011fimiz g\u00fcn \u0130stanbul\u2019da oldu\u011funa dair \u00e7e\u015fitli payla\u015f\u0131mlarda bulundu. Icardi\u2019nin ard\u0131ndan Nara, Instagram hesab\u0131ndan yapt\u0131\u011f\u0131 payla\u015f\u0131mla \u0130stanbul\u2019a geldi\u011fini duyurdu. Bo\u015fanma a\u015famas\u0131nda olan ikilinin ayn\u0131 anda \u0130stanbul\u2019da olmas\u0131 ise dikkat \u00e7ekti.<\/p>\n<p><img loading=\"lazy\" decoding=\"async\" class=\"alignnone wp-image-137297\" src=\"https:\/\/www.tgrthaber.com\/mavikadin\/wp-content\/uploads\/Wanda-Nara-1-1-1024x576.jpg\" alt=\"Mauro Icardi ve Wanda Nara ayn\u0131 g\u00fcn \u0130stanbul\u2019a geldi! \" width=\"1208\" height=\"680\" title=\"\" srcset=\"https:\/\/www.tgrthaber.com\/mavikadin\/wp-content\/uploads\/Wanda-Nara-1-1-1024x576.jpg 1024w, https:\/\/www.tgrthaber.com\/mavikadin\/wp-content\/uploads\/Wanda-Nara-1-1-300x169.jpg 300w, https:\/\/www.tgrthaber.com\/mavikadin\/wp-content\/uploads\/Wanda-Nara-1-1-768x432.jpg 768w, https:\/\/www.tgrthaber.com\/mavikadin\/wp-content\/uploads\/Wanda-Nara-1-1-1536x864.jpg 1536w, https:\/\/www.tgrthaber.com\/mavikadin\/wp-content\/uploads\/Wanda-Nara-1-1.jpg 1600w\" sizes=\"(max-width: 1208px) 100vw, 1208px\" \/><\/p>\n<hr \/>\n<p>Galatasaray\u2019\u0131n y\u0131ld\u0131z futbolcular\u0131ndan Mauro Icardi, yar\u0131n ak\u015fam ger\u00e7ekle\u015fecek Galatasaray-Fenerbah\u00e7e derbisi i\u00e7in \u0130stanbul\u2019a geldi. \u0130stanbul\u2019daki evinden foto\u011fraflar payla\u015fan Icardi, Instagram hesab\u0131ndan T\u00fcrkiye\u2019ye d\u00f6nd\u00fc\u011f\u00fc duyurdu. Icardi\u2019nin payla\u015f\u0131mlar\u0131ndan k\u0131sa bir s\u00fcre Wanda Nara da Instagram hesab\u0131ndan \u0130stanbul\u2019a do\u011fru yola \u00e7\u0131kt\u0131\u011f\u0131n\u0131 a\u00e7\u0131klad\u0131. \u0130kilinin ayn\u0131 g\u00fcn \u0130stanbul\u2019da olmas\u0131 ise dikkatlerden ka\u00e7mad\u0131.<\/p>\n<p><img loading=\"lazy\" decoding=\"async\" class=\"alignnone wp-image-137298\" src=\"https:\/\/www.tgrthaber.com\/mavikadin\/wp-content\/uploads\/Wanda-Nara-2-1-1024x576.jpg\" alt=\"Mauro Icardi ve Wanda Nara ayn\u0131 g\u00fcn \u0130stanbul\u2019a geldi! \" width=\"1208\" height=\"680\" title=\"\" srcset=\"https:\/\/www.tgrthaber.com\/mavikadin\/wp-content\/uploads\/Wanda-Nara-2-1-1024x576.jpg 1024w, https:\/\/www.tgrthaber.com\/mavikadin\/wp-content\/uploads\/Wanda-Nara-2-1-300x169.jpg 300w, https:\/\/www.tgrthaber.com\/mavikadin\/wp-content\/uploads\/Wanda-Nara-2-1-768x432.jpg 768w, https:\/\/www.tgrthaber.com\/mavikadin\/wp-content\/uploads\/Wanda-Nara-2-1-1536x864.jpg 1536w, https:\/\/www.tgrthaber.com\/mavikadin\/wp-content\/uploads\/Wanda-Nara-2-1.jpg 1600w\" sizes=\"(max-width: 1208px) 100vw, 1208px\" \/><\/p>\n<hr \/>\n<h3>NARA YILIN KADINI \u00d6D\u00dcL\u00dcNE ADAY G\u00d6STER\u0130LD\u0130!<\/h3>\n<p>Mauro Icardi ile bo\u015fanma a\u015famas\u0131nda olan Wanda Nara, yapt\u0131\u011f\u0131 sosyal medya payla\u015f\u0131mlar\u0131yla dikkatleri \u00fczerine \u00e7ekmeye devam ediyor. Hem evlili\u011fi hem i\u015f hayat\u0131 hem de rap\u00e7i sevgilisi L-Gante ile s\u0131k s\u0131k g\u00fcndeme gelen Nara, bu kez yapt\u0131\u011f\u0131 \u0130stanbul payla\u015f\u0131m\u0131yla dikkatleri \u00fczerine \u00e7ekti. Instagram hesab\u0131ndan yapt\u0131\u011f\u0131 payla\u015f\u0131mla \u0130stanbul\u2019a do\u011fru yola \u00e7\u0131kt\u0131\u011f\u0131n\u0131 a\u00e7\u0131klayan Nara, \u201cOray\u0131 o kadar \u00e7ok sevdim ki orada ya\u015fayabilmek i\u00e7in her \u015feyi yapt\u0131m. Bana \u00e7ok\u00e7a sevgi, i\u015f verdiler ve bana iyi bakt\u0131lar.\u201d ifadelerini kulland\u0131.<\/p>\n<p><img loading=\"lazy\" decoding=\"async\" class=\"alignnone wp-image-137299\" src=\"https:\/\/www.tgrthaber.com\/mavikadin\/wp-content\/uploads\/Wanda-Nara-3-1-1024x576.jpg\" alt=\"Mauro Icardi ve Wanda Nara ayn\u0131 g\u00fcn \u0130stanbul\u2019a geldi! \" width=\"1208\" height=\"680\" title=\"\" srcset=\"https:\/\/www.tgrthaber.com\/mavikadin\/wp-content\/uploads\/Wanda-Nara-3-1-1024x576.jpg 1024w, https:\/\/www.tgrthaber.com\/mavikadin\/wp-content\/uploads\/Wanda-Nara-3-1-300x169.jpg 300w, https:\/\/www.tgrthaber.com\/mavikadin\/wp-content\/uploads\/Wanda-Nara-3-1-768x432.jpg 768w, https:\/\/www.tgrthaber.com\/mavikadin\/wp-content\/uploads\/Wanda-Nara-3-1-1536x864.jpg 1536w, https:\/\/www.tgrthaber.com\/mavikadin\/wp-content\/uploads\/Wanda-Nara-3-1.jpg 1600w\" sizes=\"(max-width: 1208px) 100vw, 1208px\" \/><\/p>\n<p>Sosyal medya payla\u015f\u0131mlar\u0131yla dikkatleri \u00fczerine \u00e7eken Wanda Nara, ald\u0131\u011f\u0131 s\u00fcrpriz bir haberle \u201cY\u0131l\u0131n Kad\u0131n\u0131 \u00d6d\u00fcl\u00fc\u201dne aday g\u00f6sterildi\u011fini a\u00e7\u0131klad\u0131. Instagram hesab\u0131ndan yapt\u0131\u011f\u0131 payla\u015f\u0131mla \u0130stanbul\u2019a geldi\u011fini duyuran Nara, \u201cBug\u00fcn Y\u0131l\u0131n Kad\u0131n\u0131 adayl\u0131\u011f\u0131yla geri d\u00f6n\u00fcyorum, hayal bile edemeyece\u011fim bir \u015fey.\u201d ifadelerine yer verdi. Nara, bu \u00f6d\u00fcl i\u00e7in duydu\u011fu mutlulu\u011fu takip\u00e7ileriyle payla\u015ft\u0131. Nara\u2019n\u0131n \u0130stanbul\u2019da yapaca\u011f\u0131 payla\u015f\u0131mlar ise \u015fimdiden merak edildi.<\/p>\n<p><img loading=\"lazy\" decoding=\"async\" class=\"alignnone wp-image-137304\" src=\"https:\/\/www.tgrthaber.com\/mavikadin\/wp-content\/uploads\/Wanda-Nara-5-1024x576.jpg\" alt=\"Mauro Icardi ve Wanda Nara ayn\u0131 g\u00fcn \u0130stanbul\u2019a geldi! \" width=\"1208\" height=\"680\" title=\"\" srcset=\"https:\/\/www.tgrthaber.com\/mavikadin\/wp-content\/uploads\/Wanda-Nara-5-1024x576.jpg 1024w, https:\/\/www.tgrthaber.com\/mavikadin\/wp-content\/uploads\/Wanda-Nara-5-300x169.jpg 300w, https:\/\/www.tgrthaber.com\/mavikadin\/wp-content\/uploads\/Wanda-Nara-5-768x432.jpg 768w, https:\/\/www.tgrthaber.com\/mavikadin\/wp-content\/uploads\/Wanda-Nara-5-1536x864.jpg 1536w, https:\/\/www.tgrthaber.com\/mavikadin\/wp-content\/uploads\/Wanda-Nara-5.jpg 1600w\" sizes=\"(max-width: 1208px) 100vw, 1208px\" \/><\/p>\n<hr \/>\n<h3>WANDA NARA\u2019NIN TAZM\u0130NAT TALEB\u0130 HERKES\u0130 \u015eA\u015eIRTTI!<\/h3>\n<p>\u015eimdilerde bo\u015fanma a\u015famas\u0131nda olan Mauro Icardi ve Wanda Nara magazin d\u00fcnyas\u0131n\u0131n g\u00fcndeminde kalmaya devam ediyor. Bo\u015fanma a\u015famas\u0131nda olan ikili bu kez servet de\u011ferindeki tazminat talepleriyle dikkatleri \u00fczerine \u00e7ekiyor. \u0130talyan bas\u0131n\u0131nda yer alan haberlere g\u00f6re, Nara\u2019n\u0131n Icardi\u2019den ayl\u0131k 500 bin euro tazminat talep etti\u011fi \u00f6\u011frenildi. \u015eatafatl\u0131 hayat\u0131n\u0131 devam ettirmek isteyen Nara\u2019n\u0131n ayn\u0131 zamanda Milano\u2019daki panoramik bir daireyi ve Como G\u00f6l\u00fc k\u0131y\u0131s\u0131ndaki bir villay\u0131 da almak istedi\u011fi \u00f6\u011frenildi.<\/p>\n<p><img loading=\"lazy\" decoding=\"async\" class=\"alignnone wp-image-137302\" src=\"https:\/\/www.tgrthaber.com\/mavikadin\/wp-content\/uploads\/Wanda-Nara-4-1-1024x576.jpg\" alt=\"Mauro Icardi ve Wanda Nara ayn\u0131 g\u00fcn \u0130stanbul\u2019a geldi! \" width=\"1208\" height=\"680\" title=\"\" srcset=\"https:\/\/www.tgrthaber.com\/mavikadin\/wp-content\/uploads\/Wanda-Nara-4-1-1024x576.jpg 1024w, https:\/\/www.tgrthaber.com\/mavikadin\/wp-content\/uploads\/Wanda-Nara-4-1-300x169.jpg 300w, https:\/\/www.tgrthaber.com\/mavikadin\/wp-content\/uploads\/Wanda-Nara-4-1-768x432.jpg 768w, https:\/\/www.tgrthaber.com\/mavikadin\/wp-content\/uploads\/Wanda-Nara-4-1-1536x864.jpg 1536w, https:\/\/www.tgrthaber.com\/mavikadin\/wp-content\/uploads\/Wanda-Nara-4-1.jpg 1600w\" sizes=\"(max-width: 1208px) 100vw, 1208px\" \/><\/p>\n<hr \/>\n<p>Hayat\u0131n\u0131 olduk\u00e7a l\u00fcks bir \u015fekilde devam ettiren ve yapt\u0131\u011f\u0131 y\u00fcksek harcamalar\u0131yla g\u00fcndeme gelen Wanda Nara\u2019n\u0131n, taleplerinin mahkemede de\u011ferlendirilece\u011fi konu\u015fuluyor. Bunun yan\u0131nda Galatasaray\u2019\u0131n y\u0131ld\u0131z futbolcusu Mauro Icardi\u2019nin \u00e7ocuklar\u0131n\u0131n velayetini almak i\u00e7in hukuki s\u00fcre\u00e7 ba\u015flatt\u0131\u011f\u0131 s\u00f6yleniyor. Icardi, \u015fimdilerde anneleriyle birlikte Arjantin\u2019de ya\u015fayan \u00e7ocuklar\u0131, Francesca ve Isabella\u2019n\u0131n \u0130stanbul\u2019a geri d\u00f6nmesini istedi\u011fi ve bu konuda geri ad\u0131m atmaya niyetli olmad\u0131\u011f\u0131 konu\u015fuluyor.<\/p>\n","protected":false},"excerpt":{"rendered":"<p>Son zamanlar\u0131n en s\u0131k konu\u015fulan \u00e7iftleri aras\u0131nda bulunan Mauro Icardi ve Wanda Nara ayn\u0131 g\u00fcn \u0130stanbul\u2019a geldi. Wanda Nara Nara y\u0131l\u0131n kad\u0131n\u0131 \u00f6d\u00fcl\u00fcne aday g\u00f6sterildi. \u0130\u015fte detaylar\u2026 <\/p>\n","protected":false},"author":26,"featured_media":137296,"comment_status":"closed","ping_status":"closed","sticky":false,"template":"","format":"standard","meta":{"rank_math_lock_modified_date":false,"footnotes":""},"categories":[76],"tags":[2241,2222,11730,11729],"class_list":["post-137295","post","type-post","status-publish","format-standard","has-post-thumbnail","hentry","category-magazin","tag-mauro-icardi","tag-wanda-nara","tag-wanda-nara-icardi-bosanma-talep","tag-wanda-nara-icardi-tazminat"],"_links":{"self":[{"href":"https:\/\/www.tgrthaber.com\/mavikadin\/wp-json\/wp\/v2\/posts\/137295"}],"collection":[{"href":"https:\/\/www.tgrthaber.com\/mavikadin\/wp-json\/wp\/v2\/posts"}],"about":[{"href":"https:\/\/www.tgrthaber.com\/mavikadin\/wp-json\/wp\/v2\/types\/post"}],"author":[{"embeddable":true,"href":"https:\/\/www.tgrthaber.com\/mavikadin\/wp-json\/wp\/v2\/users\/26"}],"replies":[{"embeddable":true,"href":"https:\/\/www.tgrthaber.com\/mavikadin\/wp-json\/wp\/v2\/comments?post=137295"}],"version-history":[{"count":4,"href":"https:\/\/www.tgrthaber.com\/mavikadin\/wp-json\/wp\/v2\/posts\/137295\/revisions"}],"predecessor-version":[{"id":137305,"href":"https:\/\/www.tgrthaber.com\/mavikadin\/wp-json\/wp\/v2\/posts\/137295\/revisions\/137305"}],"wp:featuredmedia":[{"embeddable":true,"href":"https:\/\/www.tgrthaber.com\/mavikadin\/wp-json\/wp\/v2\/media\/137296"}],"wp:attachment":[{"href":"https:\/\/www.tgrthaber.com\/mavikadin\/wp-json\/wp\/v2\/media?parent=137295"}],"wp:term":[{"taxonomy":"category","embeddable":true,"href":"https:\/\/www.tgrthaber.com\/mavikadin\/wp-json\/wp\/v2\/categories?post=137295"},{"taxonomy":"post_tag","embeddable":true,"href":"https:\/\/www.tgrthaber.com\/mavikadin\/wp-json\/wp\/v2\/tags?post=137295"}],"curies":[{"name":"wp","href":"https:\/\/api.w.org\/{rel}","templated":true}]}}